{"id":120350,"date":"2025-11-27T05:57:07","date_gmt":"2025-11-27T05:57:07","guid":{"rendered":"https:\/\/www.europesays.com\/pl\/120350\/"},"modified":"2025-11-27T05:57:07","modified_gmt":"2025-11-27T05:57:07","slug":"zmarli-na-wakacjach-w-turcji-podano-przyczyny-smierci-niemcow-wp-wiadomosci","status":"publish","type":"post","link":"https:\/\/www.europesays.com\/pl\/120350\/","title":{"rendered":"Zmarli na wakacjach w Turcji. Podano przyczyny \u015bmierci Niemc\u00f3w &#8211; WP Wiadomo\u015bci"},"content":{"rendered":"<ol>\n<li><a href=\"https:\/\/news.google.com\/rss\/articles\/CBMipwFBVV95cUxNenZDN3JVMjFzVVhXNFJoWVoyZUI1LURvWGk2Q0VySXhBMmVLQWV0RmJiQW1XdVY0MXY4VVNUWHBWZC1PSW9NOGlVTEVnSVc5Zzd1dTNaYjlYX0QyM185ekFQclREV0RLUTZXdFlKbF93c09sMHNLMmZBelE1WFlxTmctcWV5aTFab1JMMVBEOXVkSTNYNDZxQmxONjZRdjJ0Sk5iWVM4UQ?oc=5\" target=\"_blank\" rel=\"nofollow noopener\">Zmarli na wakacjach w Turcji. Podano przyczyny \u015bmierci Niemc\u00f3w<\/a>&nbsp;&nbsp;WP Wiadomo\u015bci<\/li>\n<li><a href=\"https:\/\/news.google.com\/rss\/articles\/CBMivwFBVV95cUxNdUhkRlJSM2NmXzJiOUctSXZlSnRac1kza2NxUHlDWmlCOWRhNGRwS25ZbVp4eVN5Q0FmX0djZ25PYTdheUZjRkFwV0RVS3V0QkdlLWNmLTE5ZldaRjV4aXlzMVpJMWNjX0NLelJ2VW8yZktiR0dza1N4OVdfNUhBNmtBUjNWWFU1SkFsR2xwbk4tazhJU0dNTWY5WDBkZHc1aFJnSFJRTTd3Y0RVSVRGLUptUGpjR2dpVWRUbjFkRQ?oc=5\" target=\"_blank\" rel=\"nofollow noopener\">Tury\u015bci zmarli na wakacjach w Turcji. Jest raport z sekcji zw\u0142ok<\/a>&nbsp;&nbsp;Onet<\/li>\n<li><a href=\"https:\/\/news.google.com\/rss\/articles\/CBMitgFBVV95cUxQeGhMbFFVS0FaejROaGd1bUhvZGNMRDVwaHBkaXpzNlZnUkJLRHVMWHdVUUNRZ0JpN2FIZ2hNaXp6S2ZlYmZMTjdVLUJFZ29WOERFY3JoZ25Uazh1b2cxVzZPZk1PYm5sR001VzhHNTJRLXFMUjA2aDQ0MnlaTVV5dzZiYjQwT0pZVjhIc1EzdFRnSDdUWjd3cVlCX2stTzJYS1F2ckZLVVhJSDhOSEtNZHdnNUpXUQ?oc=5\" target=\"_blank\" rel=\"nofollow noopener\">\u015amier\u0107 turyst\u00f3w w tureckim hotelu. Prawdopodobna przyczyna<\/a>&nbsp;&nbsp;Gazeta<\/li>\n<li><a href=\"https:\/\/news.google.com\/rss\/articles\/CBMiyAFBVV95cUxNeFFxRkUtMktnZlpkdFFSS21uSGlZdjRZaDh1dU5uQWJ3aDFqNG1CSEJZR0t6SXUzbmhBNHFPY0UtZUhUZTVfYWhwLUhRUXY5V2JjYnRwWVNpaUhjaXY5YXRJb1hiYUFBdmx1YVc5TE1ZY25nOHBWa1JKVHJUdkZRUWVpZHd4X3dyVDJFeHNUQnpGbHNvelhIMFB4Q1NXdlk0N2k2cWJxVzJOWkxFMWZHcjBJZl9PanhoOVExZUtEQzAwRm9jYjYxMg?oc=5\" target=\"_blank\" rel=\"nofollow noopener\">Tury\u015bci z Niemiec nie \u017cyj\u0105. Podano przyczyn\u0119<\/a>&nbsp;&nbsp;TVN24<\/li>\n<li><a href=\"https:\/\/news.google.com\/rss\/articles\/CBMirwFBVV95cUxOZkJxZ3F6ZWduamZHbWVCckdjMU1wcDBmVUp3bVZYMWpUcGlocnVrWDBLZ3p4WnV6eHU2UGVEblo2YTRLdHRXTDY3Y21pOTd4UTBoUE9uam5NX2VWWE5oeDJFYTNZc25Cd3JpZzkzckV3cjVpbm9PNWFZUnVUbmlBU1ZhR2tBZVlLX3VYcGk0b0xkV1RVcUtqWVZTb0o0Y0dzNkRmZHVZaEloY01tY0Fv?oc=5\" target=\"_blank\" rel=\"nofollow noopener\">Rodzice i dzieci nie \u017cyj\u0105. Wyniki sekcji zw\u0142ok po dramacie w hotelu<\/a>&nbsp;&nbsp;RMF24<\/li>\n<\/ol>\n","protected":false},"excerpt":{"rendered":"Zmarli na wakacjach w Turcji. Podano przyczyny \u015bmierci Niemc\u00f3w&nbsp;&nbsp;WP Wiadomo\u015bci Tury\u015bci zmarli na wakacjach w Turcji. Jest raport&hellip;\n","protected":false},"author":2,"featured_media":120351,"comment_status":"","ping_status":"","sticky":false,"template":"","format":"standard","meta":{"footnotes":""},"categories":[14],"tags":[32,33,27,34,35,28,31,25,40,41,80,29,30,26,82,83,84],"class_list":{"0":"post-120350","1":"post","2":"type-post","3":"status-publish","4":"format-standard","5":"has-post-thumbnail","7":"category-swiat","8":"tag-breaking-news","9":"tag-breakingnews","10":"tag-headlines","11":"tag-latest-news","12":"tag-latestnews","13":"tag-naglowki","14":"tag-najwazniejsze-artykuly","15":"tag-news","16":"tag-polish","17":"tag-polski","18":"tag-swiat","19":"tag-top-stories","20":"tag-topstories","21":"tag-wiadomosci","22":"tag-world","23":"tag-world-news","24":"tag-worldnews"},"share_on_mastodon":{"url":"https:\/\/pubeurope.com\/@pl\/115620128303332734","error":""},"_links":{"self":[{"href":"https:\/\/www.europesays.com\/pl\/wp-json\/wp\/v2\/posts\/120350","targetHints":{"allow":["GET"]}}],"collection":[{"href":"https:\/\/www.europesays.com\/pl\/wp-json\/wp\/v2\/posts"}],"about":[{"href":"https:\/\/www.europesays.com\/pl\/wp-json\/wp\/v2\/types\/post"}],"author":[{"embeddable":true,"href":"https:\/\/www.europesays.com\/pl\/wp-json\/wp\/v2\/users\/2"}],"replies":[{"embeddable":true,"href":"https:\/\/www.europesays.com\/pl\/wp-json\/wp\/v2\/comments?post=120350"}],"version-history":[{"count":0,"href":"https:\/\/www.europesays.com\/pl\/wp-json\/wp\/v2\/posts\/120350\/revisions"}],"wp:featuredmedia":[{"embeddable":true,"href":"https:\/\/www.europesays.com\/pl\/wp-json\/wp\/v2\/media\/120351"}],"wp:attachment":[{"href":"https:\/\/www.europesays.com\/pl\/wp-json\/wp\/v2\/media?parent=120350"}],"wp:term":[{"taxonomy":"category","embeddable":true,"href":"https:\/\/www.europesays.com\/pl\/wp-json\/wp\/v2\/categories?post=120350"},{"taxonomy":"post_tag","embeddable":true,"href":"https:\/\/www.europesays.com\/pl\/wp-json\/wp\/v2\/tags?post=120350"}],"curies":[{"name":"wp","href":"https:\/\/api.w.org\/{rel}","templated":true}]}}