{"id":120354,"date":"2025-11-27T05:59:09","date_gmt":"2025-11-27T05:59:09","guid":{"rendered":"https:\/\/www.europesays.com\/pl\/120354\/"},"modified":"2025-11-27T05:59:09","modified_gmt":"2025-11-27T05:59:09","slug":"budowa-pierwszej-polskiej-elektrowni-jadrowej-przelomowe-decyzje-w-styczniu","status":"publish","type":"post","link":"https:\/\/www.europesays.com\/pl\/120354\/","title":{"rendered":"Budowa pierwszej polskiej elektrowni j\u0105drowej. Prze\u0142omowe decyzje w styczniu"},"content":{"rendered":"\n<p class=\"article_p\" data-section=\"detail-body\">Jak dowiaduje si\u0119 Business Insider Polska, w styczniu sp\u00f3\u0142ka Polskie Elektrownie J\u0105drowe otworzy swoje biuro w Gda\u0144sku, a w perspektywie dw\u00f3ch-trzech lat ma ulokowa\u0107 si\u0119 tam sp\u00f3\u0142ka c\u00f3rka PEJ odpowiedzialna za budow\u0119 pierwszej polskiej elektrowni j\u0105drowej.<\/p>\n<p class=\"article_p\" data-section=\"detail-body\">W \u015brod\u0119 26 listopada to w\u0142a\u015bnie w Gda\u0144sku Polskie Elektrownie J\u0105drowe, kt\u00f3re s\u0105 inwestorem elektrowni j\u0105drowej w pomorskim Lubiatowie-Kopalinie, zorganizowa\u0142y konferencj\u0119 po\u015bwi\u0119con\u0105 perspektywom dotycz\u0105cym atomu oraz udzia\u0142u polskiego przemys\u0142u w rozwoju energetyki j\u0105drowej w Polsce. Jednak to dopiero przygrywka.<\/p>\n<p class=\"article_p\" data-section=\"detail-body\">Wed\u0142ug naszych informacji, w\u0142adze miasta i regionu maj\u0105 apetyt na wi\u0119cej. Postuluj\u0105, by, podobnie jak Polska Agencja Kosmiczna, kt\u00f3ra dzia\u0142a w Gda\u0144sku, przenios\u0142a si\u0119 tam r\u00f3wnie\u017c sp\u00f3\u0142ka PEJ, kt\u00f3ra dzi\u015b ma siedzib\u0119 w Warszawie. <\/p>\n<p>            Czytaj tak\u017ce w BUSINESS INSIDER<\/p>\n<p class=\"article_p\" data-section=\"detail-body\">Wed\u0142ug naszych rozm\u00f3wc\u00f3w a\u017c tak radykalny ruch nie jest jednak planowany. Mi\u0119dzy innymi dlatego, \u017ce sp\u00f3\u0142ka PEJ z du\u017c\u0105 doz\u0105 prawdopodobie\u0144stwa b\u0119dzie r\u00f3wnie\u017c inwestorem drugiej z planowanych przez rz\u0105d elektrowni j\u0105drowych, kt\u00f3ra ma powsta\u0107 w Be\u0142chatowie lub Koninie. <\/p>\n<p class=\"article_p\" data-section=\"detail-body\">Realnym scenariuszem jest zatem ulokowanie w Gda\u0144sku siedziby sp\u00f3\u0142ki-c\u00f3rki, kt\u00f3ra mia\u0142aby by\u0107 wydzielona z PEJ do budowy pierwszej elektrowni j\u0105drowej. Jaka jest perspektywa czasowa tego ruchu? \u2014 Pewnie dwa-trzy lata \u2014 odpowiada jeden z naszych rozm\u00f3wc\u00f3w.<\/p>\n<p>                    <img decoding=\"async\" loading=\"lazy\" class=\"article-image_container--img\" id=\"image_7ba88154-bcd8-4f25-9d2d-653039d00a2f\" alt=\"Logo sp\u00f3\u0142ki Polskie Elektrownie J\u0105drowe\" src=\"https:\/\/www.europesays.com\/pl\/wp-content\/uploads\/2025\/11\/e50k9kpTURBXy83M2I0YTY2OTc5MWYzOGY2NTVhZDI3ZTg2ODEwMzA2ZC5qcGeRkwLNA5gA3gACoTABoTEB.jpeg\"\/><\/p>\n<p>            Logo sp\u00f3\u0142ki Polskie Elektrownie J\u0105drowe<\/p>\n<p>                    |<br \/>\n                    MATEUSZ SLODKOWSKI \/ FotoNews \/ Forum \/ Forum Polska Agencja Fotograf\u00f3w<\/p>\n<p>        Umowa EPC na budow\u0119 elektrowni j\u0105drowej coraz bli\u017cej<\/p>\n<p class=\"article_p\" data-section=\"detail-body\">Czytaj tak\u017ce: <a href=\"https:\/\/businessinsider.com.pl\/biznes\/takie-sa-plany-na-energetyke-jadrowa-w-polsce-prezes-pej-zdradza-szczegoly-tylko-u\/ygqdn62\" id=\"3797238b-fdb7-4dc7-ac65-91da3a24ee7d\" rel=\"nofollow noopener\" target=\"_blank\">Takie s\u0105 plany na energetyk\u0119 j\u0105drow\u0105 w Polsce. Prezes PEJ o priorytetach [WYWIAD]<\/a><\/p>\n<p class=\"article_p\" data-section=\"detail-body\">Obecnie tym, co najbardziej zaprz\u0105ta uwag\u0119 sp\u00f3\u0142ki Polskie Elektrownie J\u0105drowe s\u0105 jednak negocjacje z odpowiedzialnym za budow\u0119 elektrowni ameryka\u0144skim konsorcjum Westinghouse-Bechtel. Dotycz\u0105 one umowy na budow\u0119 tej inwestycji pod klucz. <\/p>\n<p class=\"article_p\" data-section=\"detail-body\">To tak zwana umowa EPC (Engineering, Procurement, and Construction). Pierwotne ambicje, kt\u00f3re de facto od pocz\u0105tku by\u0142y nierealne ze wzgl\u0119du na wag\u0119, poziom skomplikowania i koszt inwestycji, zak\u0142ada\u0142y, \u017ce umow\u0119 EPC uda si\u0119 wynegocjowa\u0107 do ko\u0144ca tego roku. <\/p>\n<p class=\"article_p\" data-section=\"detail-body\">Teraz termin ten przesuni\u0119to na po\u0142ow\u0119 2026 r. W tej sytuacji \u2014 wed\u0142ug naszych \u017ar\u00f3de\u0142 \u2014 od stycznia w relacjach PEJ i ameryka\u0144skiego konsorcjum obowi\u0105zywa\u0107 b\u0119dzie przed\u0142u\u017cona obecna umowa &#8222;pomostowa&#8221;, czyli EDA (Engineering Development Agreement), poszerzona o nowe elementy. B\u0119dzie to tak zwana EDA+.<\/p>\n<p class=\"article_p\" data-section=\"detail-body\">Cho\u0107 rokowania EPC przeci\u0105gn\u0105 si\u0119 na przysz\u0142y rok, to ju\u017c w styczniu maj\u0105 by\u0107 og\u0142oszone dotychczasowe ustalenia PEJ i Amerykan\u00f3w. Maj\u0105 one dotyczy\u0107 ceny elektrowni, odpowiedzialno\u015bci za b\u0142\u0119dy wykonawcy, czy zasad odpowiedzialno\u015bci cz\u0142onk\u00f3w konsorcjum.<\/p>\n<p class=\"article_p\" data-section=\"detail-body\">We wrze\u015bniowym wywiadzie dla Business Insider Polska prezes PEJ Marek Woszczyk m\u00f3wi\u0142, \u017ce EDA, czyli umowa na prace projektowe, jest tak skonstruowana, \u017ce w razie potrzeby mo\u017cna j\u0105 przed\u0142u\u017cy\u0107. <\/p>\n<p class=\"article_p\" data-section=\"detail-body\">\u2014 Jeste\u015bmy przygotowani na to, by zawrze\u0107 ewentualnie tak zwan\u0105 EDA+, czyli uzupe\u0142nion\u0105 \u2014 na przyk\u0142ad o projekt wzmocnienia pod\u0142o\u017ca, na kt\u00f3rym stanie inwestycja \u2014 umow\u0119 pomostow\u0105, tak by nie mie\u0107 przys\u0142owiowego no\u017ca na gardle w trakcie negocjacji umowy EPC. Je\u017celi wi\u0119c b\u0119dzie taka potrzeba, przed\u0142u\u017cymy EDA na pierwszy lub drugi kwarta\u0142 przysz\u0142ego roku, bez uszczerbku dla kluczowych termin\u00f3w realizacji inwestycji \u2014 opisywa\u0142.<\/p>\n<p class=\"article_p\" data-section=\"detail-body\">Podpisanie umowy EPC jest jednak bardzo wa\u017cne. Mi\u0119dzy innymi dlatego, \u017ce warunkuje ona zam\u00f3wienie LLI (Long lead items), czyli kluczowych element\u00f3w do budowy elektrowni. Zostan\u0105 one zam\u00f3wione dopiero po wynegocjowaniu EPC oraz po tym, jak Komisja Europejska wyrazi zgod\u0119 na pomoc publiczn\u0105 dla pierwszej polskiej elektrowni j\u0105drowej. Zgoda Komisji spodziewana jest wkr\u00f3tce, jeszcze w grudniu.<\/p>\n<p>        Pierwsza polska elektrownia j\u0105drowa jest wa\u017cna z punktu widzenia local content<\/p>\n<p class=\"article_p\" data-section=\"detail-body\">Czytaj tak\u017ce: <a href=\"https:\/\/businessinsider.com.pl\/biznes\/budowa-elektrowni-jadrowej-z-turkami-i-koreanczykami-branza-budowlana-bije-na-alarm\/0sjg4m9\" id=\"cbbb9b23-5675-4d11-9c56-fda99aacef60\" rel=\"nofollow noopener\" target=\"_blank\">Budowa elektrowni j\u0105drowej z Turkami i Korea\u0144czykami? Repolonizacja w praktyce<\/a><\/p>\n<p class=\"article_p\" data-section=\"detail-body\">Wa\u017cnym aspektem umowy EPC b\u0119dzie te\u017c kwestia local content, czyli udzia\u0142u polskich dostawc\u00f3w i wykonawc\u00f3w w tej inwestycji. Ma ona du\u017ce znaczenie polityczne, poniewa\u017c rz\u0105d promuje local conent w ramach \u2014 og\u0142oszonej przez premiera Donalda Tuska \u2014 repolonizacji.<\/p>\n<p class=\"article_p\" data-section=\"detail-body\">W niedawnej odpowiedzi dla Business Insider Polska PEJ wskazywa\u0142y, \u017ce osi\u0105gni\u0119cie mo\u017cliwie wysokiego zaanga\u017cowania krajowego \u0142a\u0144cucha dostaw przy realizacji pierwszej elektrowni j\u0105drowej w Polsce stanowi kluczowy przedmiot zainteresowania zar\u00f3wno PEJ, jak i obydwu cz\u0142onk\u00f3w ameryka\u0144skiego konsorcjum, kt\u00f3rych jednym z element\u00f3w strategii korporacyjnych jest podej\u015bcie &#8222;kupujemy tam, gdzie budujemy&#8221; (ang. &#8222;we buy where we build&#8221;).<\/p>\n<p class=\"article_p\" data-section=\"detail-body\">\u2014 Odpowiednie postanowienia reguluj\u0105ce zasady udzielania zam\u00f3wie\u0144 przez konsorcjum zostan\u0105 szczeg\u00f3\u0142owo okre\u015blone w negocjowanej umowie EPC \u2014 zapowiedzia\u0142a sp\u00f3\u0142ka.<\/p>\n<p class=\"article_p\" data-section=\"detail-body\">To o tyle istotne, \u017ce polskie przedsi\u0119biorstwa, kt\u00f3re wezm\u0105 udzia\u0142 w \u0142a\u0144cuchu dostaw dla elektrowni j\u0105drowej na Pomorzu, zyskaj\u0105 r\u00f3wnie\u017c mo\u017cliwo\u015b\u0107 ubiegania si\u0119 o zlecenia przy budowie elektrowni j\u0105drowych w innych krajach.<\/p>\n","protected":false},"excerpt":{"rendered":"Jak dowiaduje si\u0119 Business Insider Polska, w styczniu sp\u00f3\u0142ka Polskie Elektrownie J\u0105drowe otworzy swoje biuro w Gda\u0144sku, a&hellip;\n","protected":false},"author":2,"featured_media":120355,"comment_status":"","ping_status":"","sticky":false,"template":"","format":"standard","meta":{"footnotes":""},"categories":[5],"tags":[32,33,36,37,27,34,35,28,31,25,42,38,40,39,41,29,30,26],"class_list":{"0":"post-120354","1":"post","2":"type-post","3":"status-publish","4":"format-standard","5":"has-post-thumbnail","7":"category-naglowki","8":"tag-breaking-news","9":"tag-breakingnews","10":"tag-featured-news","11":"tag-featurednews","12":"tag-headlines","13":"tag-latest-news","14":"tag-latestnews","15":"tag-naglowki","16":"tag-najwazniejsze-artykuly","17":"tag-news","18":"tag-pl","19":"tag-poland","20":"tag-polish","21":"tag-polska","22":"tag-polski","23":"tag-top-stories","24":"tag-topstories","25":"tag-wiadomosci"},"share_on_mastodon":{"url":"https:\/\/pubeurope.com\/@pl\/115620136192230641","error":""},"_links":{"self":[{"href":"https:\/\/www.europesays.com\/pl\/wp-json\/wp\/v2\/posts\/120354","targetHints":{"allow":["GET"]}}],"collection":[{"href":"https:\/\/www.europesays.com\/pl\/wp-json\/wp\/v2\/posts"}],"about":[{"href":"https:\/\/www.europesays.com\/pl\/wp-json\/wp\/v2\/types\/post"}],"author":[{"embeddable":true,"href":"https:\/\/www.europesays.com\/pl\/wp-json\/wp\/v2\/users\/2"}],"replies":[{"embeddable":true,"href":"https:\/\/www.europesays.com\/pl\/wp-json\/wp\/v2\/comments?post=120354"}],"version-history":[{"count":0,"href":"https:\/\/www.europesays.com\/pl\/wp-json\/wp\/v2\/posts\/120354\/revisions"}],"wp:featuredmedia":[{"embeddable":true,"href":"https:\/\/www.europesays.com\/pl\/wp-json\/wp\/v2\/media\/120355"}],"wp:attachment":[{"href":"https:\/\/www.europesays.com\/pl\/wp-json\/wp\/v2\/media?parent=120354"}],"wp:term":[{"taxonomy":"category","embeddable":true,"href":"https:\/\/www.europesays.com\/pl\/wp-json\/wp\/v2\/categories?post=120354"},{"taxonomy":"post_tag","embeddable":true,"href":"https:\/\/www.europesays.com\/pl\/wp-json\/wp\/v2\/tags?post=120354"}],"curies":[{"name":"wp","href":"https:\/\/api.w.org\/{rel}","templated":true}]}}