{"id":120390,"date":"2025-11-27T06:27:11","date_gmt":"2025-11-27T06:27:11","guid":{"rendered":"https:\/\/www.europesays.com\/pl\/120390\/"},"modified":"2025-11-27T06:27:11","modified_gmt":"2025-11-27T06:27:11","slug":"radoslaw-sikorski-reaguje-na-ruch-prezydenta-zamiescil-wpis-ustroj-sie-nie-zmienil-onet","status":"publish","type":"post","link":"https:\/\/www.europesays.com\/pl\/120390\/","title":{"rendered":"Rados\u0142aw Sikorski reaguje na ruch prezydenta. Zamie\u015bci\u0142 wpis. &quot;Ustr\u00f3j si\u0119 nie zmieni\u0142&quot; &#8211; Onet"},"content":{"rendered":"<ol>\n<li><a href=\"https:\/\/news.google.com\/rss\/articles\/CBMi1wFBVV95cUxPQVhIYlhBcnJXcG9ldmVRT0hlb1p6MF8tSzU5aGVOOUFYbWNJcGpaVTY3Q19sWFVweWJXdWhoSG52SjVEZV81MUt2QlFhSm9GTnQ0bndWbFhUUUpiaUFpMTJNSTdwM3RSanNvY1dleFFPcEdMTkRRajRqR2lFd0NodElZWGRFdWVxTVBuM21RZ1c3MV9hbHVXQmZsT2s2TWZEQXBaVDdackJja2stWVIweGdzeUstQm1NdjktQ21Db08zUnllMkZsVUNyWm9fMmJpTDNaaXI3NA?oc=5\" target=\"_blank\" rel=\"nofollow noopener\">Rados\u0142aw Sikorski reaguje na ruch prezydenta. Zamie\u015bci\u0142 wpis. &#8222;Ustr\u00f3j si\u0119 nie zmieni\u0142&#8221;<\/a>&nbsp;&nbsp;Onet<\/li>\n<li><a href=\"https:\/\/news.google.com\/rss\/articles\/CBMivgFBVV95cUxObm9samEzcHg5M3pfU1ZNb3dRUEVyTXNRTWdnazVwQU9iNDdMYlhRNUt2QVNIY0oyajdKelFIcE9iLWMzcjllQ0lJVUQyNnJ5SjNvbHd5czZZTkdZUVB5dFd4Z0NFRTVxNFNxay1Sa1RNN3NZc1c4THdhMUtmNk0wbTk2RU5IQjdqSmZaOGszUl9SdlhjR0RCaFdiTm5KWTgxYUNzcjd5clFyX29vV1ZQR0NsSmFyVVJRN202akFB?oc=5\" target=\"_blank\" rel=\"nofollow noopener\">Nie tylko awanse. Prezydent odm\u00f3wi\u0142 te\u017c order\u00f3w i odznacze\u0144<\/a>&nbsp;&nbsp;TVN24<\/li>\n<li><a href=\"https:\/\/news.google.com\/rss\/articles\/CBMisgFBVV95cUxNWEtLd2hESExubjBVa0lEQzRtMTc3VDBkb1J3YVdINEZseENucU5WWEhPdUNNSDhlNVYyR3NjMlJQNVRMODBULWVWQWtUYi1EYzZkSHhhRG5IOUJSbUlFaDRuWm1rbGdxRDRVZHZiakhlZFpSa3Q4S21mN2ZMVnpxc3NrVkdtOWpOTndzYXdOZkFvYjVsUzBYU0NYekpGQzVvN2dtWTVSc3hZQnhLY2laT1pn?oc=5\" target=\"_blank\" rel=\"nofollow noopener\">Rozgrywki Cenckiewicza, ale k\u0142opoty Nawrockiego. W pa\u0142acu niepok\u00f3j<\/a>&nbsp;&nbsp;Newsweek<\/li>\n<li><a href=\"https:\/\/news.google.com\/rss\/articles\/CBMiwgFBVV95cUxNVkNweVpOblVJX0stQndEVDlIbmJENFo0NURVSjF0czZzb0k5Q0hPQ2JscUFCRlh6c1FtMW0xQ0lUQWlNaEhJVTlqUnhPN2VIMzZQRVdzWEowTFctckw3Q1dEbXhiMnBnZm0ybjBjN0Frc0RiSWp2aUstczF6ZGpTMTZZdFJIclcwdERUY2s0RVBSWHk3anhrcFRaOFU2Y1hrSzdSdGkzUDBpbU5IamVhMVVjeW5YZmNJOHdxeDVxcE9Ndw?oc=5\" target=\"_blank\" rel=\"nofollow noopener\">Prezydent blokuje nominacje oficerskie. Koordynator s\u0142u\u017cb specjalnych reaguje<\/a>&nbsp;&nbsp;Business Insider Polska<\/li>\n<li><a href=\"https:\/\/news.google.com\/rss\/articles\/CBMisgFBVV95cUxQRl91NXo2UHgycjRaMWN0RXNlck4wdVVpN3BoLTI3eDF5VnFhdjV0NDV3cTN0clFUZlh6b0h4OXJGNFBxaWhYanJHaFFMMmxWRU9qcXFrZXJkRHFWTWZXZ1piRkhXMl9fYVFvMjFfb3k3TGMxR3pCZzdDTm1DMXhRRFpLRDBGV3FfSUtZNHJmWjBtS3R2TTZCYU11bzJHazRFQjVReWpnSDFOLTNkc2FWenVR0gGrAUFVX3lxTE44anJJY3BJSmM5THppdkVRcElPcXpPc2J5dHpleDhLd19sR3YzOEc2b3NpQXNseWVyOFhVYnREenotVEtSWjdpSVk4dy1oYzNkVEUtNjJaOU1Gay1aYTY1ZW15NW02OTlrU2VRX25ualRCOWVSdlZPX2tGdWkzdmV0LWdnVS1wZ29HUnpTS2pZRUw5VnZ5Z3lBTFNrcENHT2h3VGg4Y2NGN2haSQ?oc=5\" target=\"_blank\" rel=\"nofollow noopener\">Sp\u00f3r o nominacje oficerskie. KPRP odsy\u0142a wniosek, Siemoniak komentuje<\/a>&nbsp;&nbsp;Wprost<\/li>\n<\/ol>\n","protected":false},"excerpt":{"rendered":"Rados\u0142aw Sikorski reaguje na ruch prezydenta. Zamie\u015bci\u0142 wpis. &#8222;Ustr\u00f3j si\u0119 nie zmieni\u0142&#8221;&nbsp;&nbsp;Onet Nie tylko awanse. Prezydent odm\u00f3wi\u0142 te\u017c&hellip;\n","protected":false},"author":2,"featured_media":120391,"comment_status":"","ping_status":"","sticky":false,"template":"","format":"standard","meta":{"footnotes":""},"categories":[5],"tags":[166,32,33,36,37,27,67,240,34,35,28,31,53,25,52,68,51,55,42,38,40,39,41,984,25857,1534,47,29,30,65,50,26],"class_list":{"0":"post-120390","1":"post","2":"type-post","3":"status-publish","4":"format-standard","5":"has-post-thumbnail","7":"category-naglowki","8":"tag-abw_agencja_bezpieczenstwa_wewnetrznego","9":"tag-breaking-news","10":"tag-breakingnews","11":"tag-featured-news","12":"tag-featurednews","13":"tag-headlines","14":"tag-intextvideo_splayer","15":"tag-karol_nawrocki_prezydent","16":"tag-latest-news","17":"tag-latestnews","18":"tag-naglowki","19":"tag-najwazniejsze-artykuly","20":"tag-new_header","21":"tag-news","22":"tag-onet3","23":"tag-onet3d","24":"tag-onet3d_2i","25":"tag-phx","26":"tag-pl","27":"tag-poland","28":"tag-polish","29":"tag-polska","30":"tag-polski","31":"tag-prawo_sady_sedziowie_sedzia_sad_sadownictwo_prawnik_prawnicy_prawniczka","32":"tag-prezydenckie_weto","33":"tag-radoslaw_sikorski_polityk","34":"tag-screening_general","35":"tag-top-stories","36":"tag-topstories","37":"tag-update_me","38":"tag-v2021","39":"tag-wiadomosci"},"share_on_mastodon":{"url":"","error":"Validation failed: Text character limit of 500 exceeded"},"_links":{"self":[{"href":"https:\/\/www.europesays.com\/pl\/wp-json\/wp\/v2\/posts\/120390","targetHints":{"allow":["GET"]}}],"collection":[{"href":"https:\/\/www.europesays.com\/pl\/wp-json\/wp\/v2\/posts"}],"about":[{"href":"https:\/\/www.europesays.com\/pl\/wp-json\/wp\/v2\/types\/post"}],"author":[{"embeddable":true,"href":"https:\/\/www.europesays.com\/pl\/wp-json\/wp\/v2\/users\/2"}],"replies":[{"embeddable":true,"href":"https:\/\/www.europesays.com\/pl\/wp-json\/wp\/v2\/comments?post=120390"}],"version-history":[{"count":0,"href":"https:\/\/www.europesays.com\/pl\/wp-json\/wp\/v2\/posts\/120390\/revisions"}],"wp:featuredmedia":[{"embeddable":true,"href":"https:\/\/www.europesays.com\/pl\/wp-json\/wp\/v2\/media\/120391"}],"wp:attachment":[{"href":"https:\/\/www.europesays.com\/pl\/wp-json\/wp\/v2\/media?parent=120390"}],"wp:term":[{"taxonomy":"category","embeddable":true,"href":"https:\/\/www.europesays.com\/pl\/wp-json\/wp\/v2\/categories?post=120390"},{"taxonomy":"post_tag","embeddable":true,"href":"https:\/\/www.europesays.com\/pl\/wp-json\/wp\/v2\/tags?post=120390"}],"curies":[{"name":"wp","href":"https:\/\/api.w.org\/{rel}","templated":true}]}}