{"id":120415,"date":"2025-11-27T06:53:07","date_gmt":"2025-11-27T06:53:07","guid":{"rendered":"https:\/\/www.europesays.com\/pl\/120415\/"},"modified":"2025-11-27T06:53:07","modified_gmt":"2025-11-27T06:53:07","slug":"atak-rekina-na-australijskiej-plazy-zginela-20-letnia-kobieta","status":"publish","type":"post","link":"https:\/\/www.europesays.com\/pl\/120415\/","title":{"rendered":"Atak rekina na australijskiej pla\u017cy. Zgin\u0119\u0142a 20-letnia kobieta"},"content":{"rendered":"<p class=\"ods-c-paragraph \">Krwawy dramat rozegra\u0142 si\u0119 wczesnym rankiem czasu lokalnego. Ofiary to para znajomych 20-latk\u00f3w. Mimo natychmiastowej pomocy \u015bwiadk\u00f3w kobieta zmar\u0142a na miejscu w wyniku odniesionych obra\u017ce\u0144. M\u0119\u017cczyzn\u0119 z rozleg\u0142ymi obra\u017ceniami n\u00f3g w stanie krytycznym przetransportowano \u015bmig\u0142owcem do szpitala w Newcastle \u2014 przekaza\u0142 portal telewizji ABC.<\/p>\n<p>Dalszy ci\u0105g artyku\u0142u pod materia\u0142em wideo<\/p>\n<p> Gdzie mia\u0142o miejsce zdarzenie? <\/p>\n<p> Ile os\u00f3b ucierpia\u0142o w wyniku ataku? <\/p>\n<p> Jakie obra\u017cenia odni\u00f3s\u0142 m\u0119\u017cczyzna? <\/p>\n<p> Ile \u015bmiertelnych atak\u00f3w rekina mia\u0142o miejsce w Australii w tym roku? <\/p>\n<p class=\"ods-c-paragraph \">Ratownicy podkre\u015blili bohatersk\u0105 postaw\u0119 \u015bwiadka zdarzenia, kt\u00f3ry za\u0142o\u017cy\u0142 rannemu prowizoryczn\u0105 opask\u0119 uciskow\u0105. To, jak podkre\u015blili medycy, zapobieg\u0142o jego wykrwawieniu.<\/p>\n<p class=\"ods-c-paragraph \">W\u0142adze natychmiast zamkn\u0119\u0142y pla\u017c\u0119 Kylies Beach oraz kilka s\u0105siednich k\u0105pielisk. Trwa ob\u0142awa na drapie\u017cnika. Eksperci z departamentu rybo\u0142\u00f3wstwa rozstawili w okolicy specjalne przyn\u0119ty, aby schwyta\u0107 i zidentyfikowa\u0107 rekina odpowiedzialnego za atak.<\/p>\n<p>Rekiny terroryzuj\u0105 Australi\u0119. To ju\u017c kolejny atak w tym roku<\/p>\n<p class=\"ods-c-paragraph \">To ju\u017c pi\u0105ty \u015bmiertelny atak rekina w Australii w tym roku. Poprzednia tragedia mia\u0142a miejsce nieca\u0142e trzy miesi\u0105ce temu, kiedy drapie\u017cnik zabi\u0142 m\u0119\u017cczyzn\u0119 na jednej z pla\u017c w okolicach Sydney, co by\u0142o rzadko\u015bci\u0105 w tym rejonie.<\/p>\n<p class=\"ods-c-paragraph \">Eksperci szacuj\u0105, \u017ce od 1791 roku w Australii odnotowano ponad 1 tys. 280 incydent\u00f3w z rekinami, z czego ponad 250 zako\u0144czy\u0142o si\u0119 \u015bmierci\u0105. Najcz\u0119\u015bciej za ataki odpowiadaj\u0105 \u017car\u0142acze bia\u0142e, tygrysie i bycze. Przypadki te, cho\u0107 tragiczne, nie odstraszaj\u0105 Australijczyk\u00f3w przed korzystaniem z pla\u017c i k\u0105pieli w morzu.<\/p>\n","protected":false},"excerpt":{"rendered":"Krwawy dramat rozegra\u0142 si\u0119 wczesnym rankiem czasu lokalnego. Ofiary to para znajomych 20-latk\u00f3w. Mimo natychmiastowej pomocy \u015bwiadk\u00f3w kobieta&hellip;\n","protected":false},"author":2,"featured_media":120416,"comment_status":"","ping_status":"","sticky":false,"template":"","format":"standard","meta":{"footnotes":""},"categories":[14],"tags":[744,995,32,33,27,34,35,28,31,48,25,25859,46,40,41,2603,47,25858,80,5602,29,30,26,82,83,84],"class_list":{"0":"post-120415","1":"post","2":"type-post","3":"status-publish","4":"format-standard","5":"has-post-thumbnail","7":"category-swiat","8":"tag-atak","9":"tag-australia","10":"tag-breaking-news","11":"tag-breakingnews","12":"tag-headlines","13":"tag-latest-news","14":"tag-latestnews","15":"tag-naglowki","16":"tag-najwazniejsze-artykuly","17":"tag-nat_styl","18":"tag-news","19":"tag-ofiara","20":"tag-omp","21":"tag-polish","22":"tag-polski","23":"tag-rekin_rekiny","24":"tag-screening_general","25":"tag-swiadkowie","26":"tag-swiat","27":"tag-szpital","28":"tag-top-stories","29":"tag-topstories","30":"tag-wiadomosci","31":"tag-world","32":"tag-world-news","33":"tag-worldnews"},"share_on_mastodon":{"url":"https:\/\/pubeurope.com\/@pl\/115620348060448255","error":""},"_links":{"self":[{"href":"https:\/\/www.europesays.com\/pl\/wp-json\/wp\/v2\/posts\/120415","targetHints":{"allow":["GET"]}}],"collection":[{"href":"https:\/\/www.europesays.com\/pl\/wp-json\/wp\/v2\/posts"}],"about":[{"href":"https:\/\/www.europesays.com\/pl\/wp-json\/wp\/v2\/types\/post"}],"author":[{"embeddable":true,"href":"https:\/\/www.europesays.com\/pl\/wp-json\/wp\/v2\/users\/2"}],"replies":[{"embeddable":true,"href":"https:\/\/www.europesays.com\/pl\/wp-json\/wp\/v2\/comments?post=120415"}],"version-history":[{"count":0,"href":"https:\/\/www.europesays.com\/pl\/wp-json\/wp\/v2\/posts\/120415\/revisions"}],"wp:featuredmedia":[{"embeddable":true,"href":"https:\/\/www.europesays.com\/pl\/wp-json\/wp\/v2\/media\/120416"}],"wp:attachment":[{"href":"https:\/\/www.europesays.com\/pl\/wp-json\/wp\/v2\/media?parent=120415"}],"wp:term":[{"taxonomy":"category","embeddable":true,"href":"https:\/\/www.europesays.com\/pl\/wp-json\/wp\/v2\/categories?post=120415"},{"taxonomy":"post_tag","embeddable":true,"href":"https:\/\/www.europesays.com\/pl\/wp-json\/wp\/v2\/tags?post=120415"}],"curies":[{"name":"wp","href":"https:\/\/api.w.org\/{rel}","templated":true}]}}