{"id":120476,"date":"2025-11-27T07:42:08","date_gmt":"2025-11-27T07:42:08","guid":{"rendered":"https:\/\/www.europesays.com\/pl\/120476\/"},"modified":"2025-11-27T07:42:08","modified_gmt":"2025-11-27T07:42:08","slug":"trump-znow-szokuje-ponizyl-dziennikarke-skandaliczne-slowa","status":"publish","type":"post","link":"https:\/\/www.europesays.com\/pl\/120476\/","title":{"rendered":"Trump zn\u00f3w szokuje. Poni\u017cy\u0142 dziennikark\u0119, skandaliczne s\u0142owa"},"content":{"rendered":"<p>W odpowiedzi na artyku\u0142 opublikowany przez &#8222;New York Times&#8221;, w\u00a0kt\u00f3rym sugerowano, \u017ce <a href=\"https:\/\/wiadomosci.wp.pl\/po-czyjej-stronie-stoi-trump-ekspertka-nie-ma-zludzen-7225251491670145v\" rel=\"noopener noreferrer nofollow\" target=\"_blank\">Donald Trump<\/a> mo\u017ce mie\u0107 problemy zdrowotne, by\u0142y prezydent USA stanowczo zaprzeczy\u0142 tym doniesieniom. \u201eOblechy z\u00a0upadaj\u0105cego 'New York Timesa&#8217; zn\u00f3w robi\u0105 swoje&#8230; Wymaga to mn\u00f3stwa pracy i\u00a0energii, a\u00a0nigdy w\u00a0\u017cyciu nie pracowa\u0142em tak ci\u0119\u017cko\u201d &#8211;\u00a0napisa\u0142 Trump na portalu Truth Social. Odrzucaj\u0105c oskar\u017cenia o\u00a0zm\u0119czenie, podkre\u015bli\u0142 swoje osi\u0105gni\u0119cia, takie jak rozstrzygni\u0119cie o\u015bmiu wojen i\u00a0ustanowienie 48 rekord\u00f3w gie\u0142dowych.<\/p>\n<p>&#8222;To rosyjski plan&#8221;. Ukrai\u0144cy w\u00a0Polsce oburzeni propozycj\u0105 Trumpa <\/p>\n<p>W artykule \u201eNYT\u201d zasugerowano, \u017ce publiczna aktywno\u015b\u0107 Trumpa wskazuje na mniejsze zaanga\u017cowanie w\u00a0dzia\u0142ania. Jednak Trump zdecydowanie zareagowa\u0142 na te zarzuty, krytykuj\u0105c nowojorski dziennik oraz dziennikark\u0119 <a href=\"https:\/\/wiadomosci.wp.pl\/zart-bidena-budzi-sensacje-jaki-jest-sekret-szczesliwego-malzenstwa-6999765775375328a\" rel=\"noopener noreferrer nofollow\" target=\"_blank\">Katie Rogers<\/a>, kt\u00f3r\u0105 nazwa\u0142 \u201ebrzydk\u0105 na zewn\u0105trz i\u00a0wewn\u0105trz\u201d. \u201eNadejdzie dzie\u0144, kiedy zabraknie mi energii, zdarza si\u0119 ka\u017cdemu, ale po IDEALNYM BADANIU FIZYCZNYM I\u00a0KOMPLEKSOWYM TE\u015aCIE FUNKCJI POZNAWCZYCH to na pewno nie jest teraz!\u201d &#8211;\u00a0doda\u0142.<\/p>\n<p>Wed\u0142ug dziennika, harmonogram pracy Trumpa uleg\u0142 skr\u00f3ceniu o\u00a0\u015brednio p\u00f3\u0142torej godziny dziennie, a\u00a0liczba jego publicznych wyst\u0105pie\u0144 spad\u0142a o\u00a039 proc. Ponadto, dziennik zwraca uwag\u0119 na widoczne oznaki zm\u0119czenia, jak na przyk\u0142ad przysypianie podczas jednego z\u00a0wydarze\u0144. Mimo tego Trump twierdzi, \u017ce jego ostatnie testy zdrowotne wypad\u0142y pomy\u015blnie.<\/p>\n<p>Jak doni\u00f3s\u0142 &#8222;NYT&#8221;, mimo danych wskazuj\u0105cych na utrat\u0119 wagi w\u00a0por\u00f3wnaniu z\u00a0pierwsz\u0105 kadencj\u0105 (wed\u0142ug Bia\u0142ego Domu wa\u017cy obecnie 101 kg, o\u00a08\u00a0kg mniej ni\u017c w\u00a02019 r.) Trump nadal regularnie od\u017cywia si\u0119 jedzeniem z\u00a0McDonalda i\u00a0nie \u0107wiczy &#8211;\u00a0&#8222;po cz\u0119\u015bci dlatego, \u017ce od dawna wyznaje teori\u0119, \u017ce ludzie rodz\u0105 si\u0119 z\u00a0ograniczon\u0105 ilo\u015bci\u0105 energii i\u00a0\u017ce energiczna aktywno\u015b\u0107 mo\u017ce wyczerpa\u0107 te rezerwy, jak w\u00a0baterii&#8221;.<\/p>\n","protected":false},"excerpt":{"rendered":"W odpowiedzi na artyku\u0142 opublikowany przez &#8222;New York Times&#8221;, w\u00a0kt\u00f3rym sugerowano, \u017ce Donald Trump mo\u017ce mie\u0107 problemy zdrowotne,&hellip;\n","protected":false},"author":2,"featured_media":120477,"comment_status":"","ping_status":"","sticky":false,"template":"","format":"standard","meta":{"footnotes":""},"categories":[14],"tags":[32,33,27,34,35,28,31,25,40,41,80,29,30,26,82,83,84],"class_list":{"0":"post-120476","1":"post","2":"type-post","3":"status-publish","4":"format-standard","5":"has-post-thumbnail","7":"category-swiat","8":"tag-breaking-news","9":"tag-breakingnews","10":"tag-headlines","11":"tag-latest-news","12":"tag-latestnews","13":"tag-naglowki","14":"tag-najwazniejsze-artykuly","15":"tag-news","16":"tag-polish","17":"tag-polski","18":"tag-swiat","19":"tag-top-stories","20":"tag-topstories","21":"tag-wiadomosci","22":"tag-world","23":"tag-world-news","24":"tag-worldnews"},"share_on_mastodon":{"url":"https:\/\/pubeurope.com\/@pl\/115620540806983256","error":""},"_links":{"self":[{"href":"https:\/\/www.europesays.com\/pl\/wp-json\/wp\/v2\/posts\/120476","targetHints":{"allow":["GET"]}}],"collection":[{"href":"https:\/\/www.europesays.com\/pl\/wp-json\/wp\/v2\/posts"}],"about":[{"href":"https:\/\/www.europesays.com\/pl\/wp-json\/wp\/v2\/types\/post"}],"author":[{"embeddable":true,"href":"https:\/\/www.europesays.com\/pl\/wp-json\/wp\/v2\/users\/2"}],"replies":[{"embeddable":true,"href":"https:\/\/www.europesays.com\/pl\/wp-json\/wp\/v2\/comments?post=120476"}],"version-history":[{"count":0,"href":"https:\/\/www.europesays.com\/pl\/wp-json\/wp\/v2\/posts\/120476\/revisions"}],"wp:featuredmedia":[{"embeddable":true,"href":"https:\/\/www.europesays.com\/pl\/wp-json\/wp\/v2\/media\/120477"}],"wp:attachment":[{"href":"https:\/\/www.europesays.com\/pl\/wp-json\/wp\/v2\/media?parent=120476"}],"wp:term":[{"taxonomy":"category","embeddable":true,"href":"https:\/\/www.europesays.com\/pl\/wp-json\/wp\/v2\/categories?post=120476"},{"taxonomy":"post_tag","embeddable":true,"href":"https:\/\/www.europesays.com\/pl\/wp-json\/wp\/v2\/tags?post=120476"}],"curies":[{"name":"wp","href":"https:\/\/api.w.org\/{rel}","templated":true}]}}