{"id":120523,"date":"2025-11-27T08:06:10","date_gmt":"2025-11-27T08:06:10","guid":{"rendered":"https:\/\/www.europesays.com\/pl\/120523\/"},"modified":"2025-11-27T08:06:10","modified_gmt":"2025-11-27T08:06:10","slug":"szykuje-sie-rewolucja-w-legii-jego-posada-jest-zagrozona","status":"publish","type":"post","link":"https:\/\/www.europesays.com\/pl\/120523\/","title":{"rendered":"Szykuje si\u0119 rewolucja w Legii? Jego posada jest zagro\u017cona"},"content":{"rendered":"\n<p class=\"contentpart contentpart--default contentpart--text\" data-position=\"0\"><a href=\"https:\/\/sportowefakty.wp.pl\/pilka-nozna\/michal-zewlakow\" rel=\"nofollow noopener\" target=\"_blank\">Micha\u0142 \u017bew\u0142akow<\/a>\u00a0obj\u0105\u0142 stanowisko dyrektora sportowego\u00a0<a href=\"https:\/\/sportowefakty.wp.pl\/pilka-nozna\/legia-warszawa\" rel=\"nofollow noopener\" target=\"_blank\">Legii Warszawa<\/a>\u00a0w marcu  bie\u017c\u0105cego roku. Nied\u0142ugo potem do zespo\u0142u do\u0142\u0105czy\u0142 <a href=\"https:\/\/sportowefakty.wp.pl\/pilka-nozna\/fredi-bobic\" rel=\"nofollow noopener\" target=\"_blank\">Fredi Bobi\u0107<\/a>, co  zainicjowa\u0142o dyskusje o mo\u017cliwych zmianach w strukturze klubu.<\/p>\n<p class=\"contentpart contentpart--default contentpart--text\" data-position=\"1\">Nieoficjalnie m\u00f3wi si\u0119, \u017ce rola Bobicia jest coraz bardziej znacz\u0105ca. Wed\u0142ug dziennikarza Marcina Szymczyka mo\u017cliwe jest, \u017ce klub  zdecyduje si\u0119 na reorganizacj\u0119 i przyznanie Bobiciowi pe\u0142nych  kompetencji dyrektora sportowego.<\/p>\n<p> <img role=\"presentation\" src=\"https:\/\/std.wpcdn.pl\/images\/adv\/placeholder_wp.svg\" loading=\"lazy\" alt=\"\" decoding=\"async\"\/>  <\/p>\n<p class=\"contentpart contentpart--default contentpart--text\" data-position=\"2\">&#8211; Wydaje mi si\u0119, \u017ce pozycja Micha\u0142a \u017bew\u0142akowa nie jest ju\u017c tak silna   jak kiedy\u015b. Fredi Bobi\u0107 zyska\u0142 zaufanie Dariusza Mioduskiego. Gdybym   mia\u0142 stawia\u0107, jego pozycja jest dzi\u015b lepsza &#8211; przyzna\u0142 Szymczyk na  antenie meczyki.pl.<\/p>\n<p class=\"contentpart contentpart--default contentpart--text\" data-position=\"3\">ZOBACZ WIDEO: Lewandowski zachwycony po meczu kadry. &#8222;Ciarki na ca\u0142ym ciele&#8221;<\/p>\n<p class=\"contentpart contentpart--default contentpart--text\" data-position=\"5\">Ewentualne zatrudnienie\u00a0<a href=\"https:\/\/sportowefakty.wp.pl\/pilka-nozna\/marek-papszun\" rel=\"nofollow noopener\" target=\"_blank\">Marka Papszuna<\/a>\u00a0jako trenera dru\u017cyny r\u00f3wnie\u017c mo\u017ce wp\u0142yn\u0105\u0107  na decyzje klubu. Szymczyk nie wyklucza, \u017ce obecno\u015b\u0107 dw\u00f3ch dyrektor\u00f3w  jest nieefektywna i mo\u017ce prowadzi\u0107 do reorganizacji.<\/p>\n<p class=\"contentpart contentpart--default contentpart--text\" data-position=\"6\">Fredi Bobi\u0107  to 37-krotny by\u0142y reprezentant Niemiec. By\u0142 cz\u0119\u015bci\u0105 zespo\u0142u, kt\u00f3ra w  1996 roku zdoby\u0142a mistrzostwo Europy. Po zako\u0144czeniu kariery pi\u0142karskiej  poszed\u0142 w tzw. gabinety.<\/p>\n<p> <img role=\"presentation\" src=\"https:\/\/std.wpcdn.pl\/images\/adv\/placeholder_wp.svg\" loading=\"lazy\" alt=\"\" decoding=\"async\"\/>  <\/p>\n<p class=\"contentpart contentpart--default contentpart--text\" data-position=\"7\">By\u0142 m.in. dyrektorem sportowym w VfB  Stuttgart, a tak\u017ce kierownikiem Eintrachtu Frankfurt i Herthy Berlin,  cho\u0107 w stolicy nie wspominaj\u0105 go najlepiej. Ostatnio by\u0142 cz\u0142onkiem rady  nadzorczej Deutsche Fussball Liga.<\/p>\n","protected":false},"excerpt":{"rendered":"Micha\u0142 \u017bew\u0142akow\u00a0obj\u0105\u0142 stanowisko dyrektora sportowego\u00a0Legii Warszawa\u00a0w marcu bie\u017c\u0105cego roku. Nied\u0142ugo potem do zespo\u0142u do\u0142\u0105czy\u0142 Fredi Bobi\u0107, co zainicjowa\u0142o&hellip;\n","protected":false},"author":2,"featured_media":120524,"comment_status":"","ping_status":"","sticky":false,"template":"","format":"standard","meta":{"footnotes":""},"categories":[24],"tags":[4662,713,2221,3854,269,42,38,40,39,41,127,126],"class_list":{"0":"post-120523","1":"post","2":"type-post","3":"status-publish","4":"format-standard","5":"has-post-thumbnail","7":"category-sport","8":"tag-fredi-bobic","9":"tag-legia-warszawa","10":"tag-marek-papszun","11":"tag-michal-zewlakow","12":"tag-pilka-nozna","13":"tag-pl","14":"tag-poland","15":"tag-polish","16":"tag-polska","17":"tag-polski","18":"tag-sport","19":"tag-sports"},"share_on_mastodon":{"url":"https:\/\/pubeurope.com\/@pl\/115620635469697031","error":""},"_links":{"self":[{"href":"https:\/\/www.europesays.com\/pl\/wp-json\/wp\/v2\/posts\/120523","targetHints":{"allow":["GET"]}}],"collection":[{"href":"https:\/\/www.europesays.com\/pl\/wp-json\/wp\/v2\/posts"}],"about":[{"href":"https:\/\/www.europesays.com\/pl\/wp-json\/wp\/v2\/types\/post"}],"author":[{"embeddable":true,"href":"https:\/\/www.europesays.com\/pl\/wp-json\/wp\/v2\/users\/2"}],"replies":[{"embeddable":true,"href":"https:\/\/www.europesays.com\/pl\/wp-json\/wp\/v2\/comments?post=120523"}],"version-history":[{"count":0,"href":"https:\/\/www.europesays.com\/pl\/wp-json\/wp\/v2\/posts\/120523\/revisions"}],"wp:featuredmedia":[{"embeddable":true,"href":"https:\/\/www.europesays.com\/pl\/wp-json\/wp\/v2\/media\/120524"}],"wp:attachment":[{"href":"https:\/\/www.europesays.com\/pl\/wp-json\/wp\/v2\/media?parent=120523"}],"wp:term":[{"taxonomy":"category","embeddable":true,"href":"https:\/\/www.europesays.com\/pl\/wp-json\/wp\/v2\/categories?post=120523"},{"taxonomy":"post_tag","embeddable":true,"href":"https:\/\/www.europesays.com\/pl\/wp-json\/wp\/v2\/tags?post=120523"}],"curies":[{"name":"wp","href":"https:\/\/api.w.org\/{rel}","templated":true}]}}