{"id":120539,"date":"2025-11-27T08:17:07","date_gmt":"2025-11-27T08:17:07","guid":{"rendered":"https:\/\/www.europesays.com\/pl\/120539\/"},"modified":"2025-11-27T08:17:07","modified_gmt":"2025-11-27T08:17:07","slug":"wenezuela-szykuje-sie-na-uderzenie-amerykanskiej-armii-podrywaja-mysliwce","status":"publish","type":"post","link":"https:\/\/www.europesays.com\/pl\/120539\/","title":{"rendered":"Wenezuela szykuje si\u0119 na uderzenie ameryka\u0144skiej armii. Podrywaj\u0105 my\u015bliwce"},"content":{"rendered":"<p class=\"ods-c-paragraph \">Napi\u0119cie pomi\u0119dzy USA a Wenezuel\u0105 ro\u015bnie. Jak na razie wskazuj\u0105 na to g\u0142\u00f3wnie wzajemne prowokacje. W czwartek ameryka\u0144skie wojsko przeprowadzi\u0142o najwi\u0119kszy jak dot\u0105d pokaz si\u0142y. W ci\u0105gu kilku godzin w pobli\u017cu Wenezueli pojawi\u0142o si\u0119 co najmniej sze\u015b\u0107 ameryka\u0144skich samolot\u00f3w, w tym nadd\u017awi\u0119kowy my\u015bliwiec F\/A-18E, bombowiec strategiczny B-52 oraz samolot rozpoznawczy. Wed\u0142ug analizy CNN, kt\u00f3ra opiera si\u0119 m.in. na wenezuelskich nagraniach wojskowych i danych z innych zweryfikowanych \u017ar\u00f3de\u0142, Wenezuela r\u00f3wnie\u017c demonstracyjnie pokazuje swoje zdolno\u015bci wojskowe. Wskazuj\u0105 na to m.in. przeloty my\u015bliwc\u00f3w z niskiego pu\u0142apu nad g\u0142\u00f3wnymi miastami oraz \u0107wiczenia z ostr\u0105 amunicj\u0105 w pobli\u017cu wybrze\u017cy.<\/p>\n<p>Dalszy ci\u0105g artyku\u0142u pod materia\u0142em wideo<\/p>\n<p> Jakie samoloty lata\u0142y nad Wenezuel\u0105? <\/p>\n<p> Co wk\u0142ada Wenezuela w obron\u0119 przed USA? <\/p>\n<p> Jakie si\u0142y powietrzne posiada Wenezuela? <\/p>\n<p> Kto ostrzega przed mo\u017cliwo\u015bciami Wenezueli? <\/p>\n<p>  Ekspert z USA ostrzega przed mo\u017cliwo\u015bciami Wenezueli<\/p>\n<p class=\"ods-c-paragraph \">Jednym z dowod\u00f3w na to, \u017ce Wenezuela mo\u017ce przygotowywa\u0107 si\u0119 na konfrontacj\u0119, mo\u017ce by\u0107 regularne wzmacnianie okolic Caracas \u2014 stolicy kraju. Jak donosi CNN, wzd\u0142u\u017c autostrady \u0142\u0105cz\u0105cej karaibskie wybrze\u017ce z Caracas, zbudowano szereg barier przeciwpojazdowych w postaci &#8222;je\u017cy&#8221;. &#8222;Najnowsze zdj\u0119cia satelitarne pokazuj\u0105 te strategicznie rozmieszczone przeszkody w pobli\u017cu kluczowego w\u0105skiego gard\u0142a, gdzie pojazdy opancerzone musia\u0142yby zwalnia\u0107. Ich lokalizacja nie jest przypadkowa&#8221; \u2014 czytamy w analizie. To jedyna droga l\u0105dowa, kt\u00f3r\u0105 ewentualni naje\u017ad\u017acy mogliby dotrze\u0107 do stolicy.<\/p>\n<p class=\"ods-c-paragraph \">W przem\u00f3wieniu, transmitowanym w tym tygodniu przez pa\u0144stwow\u0105 stacj\u0119 VTV Nicolas Maduro ujawni\u0142 &#8222;kompleksowy plan obrony&#8221; dla Caracas i La Guairy, okre\u015blaj\u0105c, gdzie mo\u017cna rozmieszcza\u0107 bro\u0144 i systemy wzd\u0142u\u017c korytarza. Z kolei w zesz\u0142ym tygodniu nagranie opublikowane przez wenezuelsk\u0105 jednostk\u0119 wojskow\u0105 pokaza\u0142o mobilny rosyjski system obrony powietrznej (radar wczesnego ostrzegania), rozmieszczony w bazie wojskowej na wsch\u00f3d od Caracas, na wyspie Margarita.<\/p>\n<p class=\"ods-c-paragraph \">Nad Maracay, jednym z najwi\u0119kszych miast Wenezueli, pojawi\u0142y si\u0119 nisko lataj\u0105ce my\u015bliwce F-16, a nad wysp\u0105 Margarita nad g\u0142owami ludzi przelatywa\u0142y rosyjskie samoloty Su-30. Poderwano siedem samolot\u00f3w, co stanowi ok. 20 proc. wenezuelskich maszyn bojowych. Te si\u0142y s\u0105 niewielkie \u2014 wi\u0119kszo\u015b\u0107 z nich to rosyjskie Su-30, a tak\u017ce kilka my\u015bliwc\u00f3w F-16 i F-5 kupionych dekady temu od USA.<\/p>\n<p class=\"ods-c-paragraph \">&#8222;USA s\u0105 oczywi\u015bcie dominuj\u0105c\u0105 si\u0142\u0105. Nic dziwnego&#8221; \u2014 powiedzia\u0142 CNN Ryan Berg, dyrektor Programu Ameryk w Centrum Studi\u00f3w Strategicznych i Mi\u0119dzynarodowych (CSIS). \u2014 &#8222;Ale nie powinni\u015bmy ich lekcewa\u017cy\u0107. Nikt nie powinien lekcewa\u017cy\u0107 mo\u017cliwo\u015bci Wenezueli&#8221; \u2014 podkre\u015bli\u0142.<\/p>\n","protected":false},"excerpt":{"rendered":"Napi\u0119cie pomi\u0119dzy USA a Wenezuel\u0105 ro\u015bnie. Jak na razie wskazuj\u0105 na to g\u0142\u00f3wnie wzajemne prowokacje. W czwartek ameryka\u0144skie&hellip;\n","protected":false},"author":2,"featured_media":120540,"comment_status":"","ping_status":"","sticky":false,"template":"","format":"standard","meta":{"footnotes":""},"categories":[14],"tags":[32,33,10048,27,34,35,28,31,48,25,3157,46,40,41,47,80,29,30,71,3008,26,82,83,84],"class_list":{"0":"post-120539","1":"post","2":"type-post","3":"status-publish","4":"format-standard","5":"has-post-thumbnail","7":"category-swiat","8":"tag-breaking-news","9":"tag-breakingnews","10":"tag-caracas","11":"tag-headlines","12":"tag-latest-news","13":"tag-latestnews","14":"tag-naglowki","15":"tag-najwazniejsze-artykuly","16":"tag-nat_styl","17":"tag-news","18":"tag-nicolas_maduro","19":"tag-omp","20":"tag-polish","21":"tag-polski","22":"tag-screening_general","23":"tag-swiat","24":"tag-top-stories","25":"tag-topstories","26":"tag-usa","27":"tag-wenezuela","28":"tag-wiadomosci","29":"tag-world","30":"tag-world-news","31":"tag-worldnews"},"share_on_mastodon":{"url":"https:\/\/pubeurope.com\/@pl\/115620678442698128","error":""},"_links":{"self":[{"href":"https:\/\/www.europesays.com\/pl\/wp-json\/wp\/v2\/posts\/120539","targetHints":{"allow":["GET"]}}],"collection":[{"href":"https:\/\/www.europesays.com\/pl\/wp-json\/wp\/v2\/posts"}],"about":[{"href":"https:\/\/www.europesays.com\/pl\/wp-json\/wp\/v2\/types\/post"}],"author":[{"embeddable":true,"href":"https:\/\/www.europesays.com\/pl\/wp-json\/wp\/v2\/users\/2"}],"replies":[{"embeddable":true,"href":"https:\/\/www.europesays.com\/pl\/wp-json\/wp\/v2\/comments?post=120539"}],"version-history":[{"count":0,"href":"https:\/\/www.europesays.com\/pl\/wp-json\/wp\/v2\/posts\/120539\/revisions"}],"wp:featuredmedia":[{"embeddable":true,"href":"https:\/\/www.europesays.com\/pl\/wp-json\/wp\/v2\/media\/120540"}],"wp:attachment":[{"href":"https:\/\/www.europesays.com\/pl\/wp-json\/wp\/v2\/media?parent=120539"}],"wp:term":[{"taxonomy":"category","embeddable":true,"href":"https:\/\/www.europesays.com\/pl\/wp-json\/wp\/v2\/categories?post=120539"},{"taxonomy":"post_tag","embeddable":true,"href":"https:\/\/www.europesays.com\/pl\/wp-json\/wp\/v2\/tags?post=120539"}],"curies":[{"name":"wp","href":"https:\/\/api.w.org\/{rel}","templated":true}]}}