{"id":120581,"date":"2025-11-27T08:44:09","date_gmt":"2025-11-27T08:44:09","guid":{"rendered":"https:\/\/www.europesays.com\/pl\/120581\/"},"modified":"2025-11-27T08:44:09","modified_gmt":"2025-11-27T08:44:09","slug":"wielkie-wiercenie-na-podhalu-prace-juz-ruszyly","status":"publish","type":"post","link":"https:\/\/www.europesays.com\/pl\/120581\/","title":{"rendered":"Wielkie wiercenie na Podhalu. Prace ju\u017c ruszy\u0142y"},"content":{"rendered":"<p>Prace nad nowym odwierciem geotermalnym Ba\u0144ska PGP-7, kt\u00f3re zosta\u0142y nieco op\u00f3\u017anione, maj\u0105 na celu zwi\u0119kszenie mocy zasilania <a href=\"https:\/\/www.money.pl\/wiadomosci\/zakopane.html\" rel=\"noopener noreferrer nofollow\" target=\"_blank\">Zakopanego<\/a> z\u00a0w\u00f3d termalnych. <\/p>\n<p>Nowy otw\u00f3r osi\u0105gnie g\u0142\u0119boko\u015b\u0107 oko\u0142o 4050 metr\u00f3w, a\u00a0temperatura w\u00f3d termalnych z\u00a0tego odwiertu ma wynosi\u0107 oko\u0142o 90 stopni Celsjusza. <\/p>\n<p>&#8211; Prace nad wykonaniem odwiertu Ba\u0144ska PGP-7 zosta\u0142y rozpocz\u0119te &#8211;\u00a0poinformowa\u0142a kierownik Dzia\u0142u Administracyjno-Ekonomicznego Geotermii Podhala\u0144skiej, Marzena Pelczarska. Wyrazi\u0142a nadziej\u0119, \u017ce inwestycja ta zwi\u0119kszy potencja\u0142 ca\u0142ego systemu ciep\u0142owniczego. <\/p>\n<p>Sp\u00f3\u0142ka zaznacza, \u017ce przy\u0142\u0105czanie nowych odbiorc\u00f3w ciep\u0142a b\u0119dzie uzale\u017cnione od przesy\u0142owych mo\u017cliwo\u015bci ca\u0142ego systemu oraz inwestycji w\u00a0rozbudow\u0119 infrastruktury. Konkretny harmonogram ma zosta\u0107 opracowany po weryfikacji danych z\u00a0odwiertu.<\/p>\n<p>Pierwotnie inwestycj\u0119 planowano rozpocz\u0105\u0107 na wiosn\u0119 bie\u017c\u0105cego roku, ale prace zosta\u0142y przesuni\u0119te z\u00a0uwagi na problemy z\u00a0no\u015bno\u015bci\u0105 gruntu, kt\u00f3re wymaga\u0142y dodatkowej stabilizacji pod\u0142o\u017ca. Mimo op\u00f3\u017anie\u0144, finansowanie projektu pozostaje zabezpieczone dzi\u0119ki dotacji z\u00a0Narodowego Funduszu Ochrony \u015arodowiska i\u00a0Gospodarki Wodnej.<\/p>\n<p>Geotermia Podhala\u0144ska, powsta\u0142a w\u00a01993 r., odpowiada za zaspokojenie oko\u0142o 40 proc. zapotrzebowania Zakopanego na ogrzewanie. Rocznie wydobywa si\u0119 tu oko\u0142o 5\u00a0mln metr\u00f3w sze\u015bciennych <a href=\"https:\/\/www.money.pl\/gospodarka\/odwiert-sie-oplaci-znalezli-jedne-z-najlepszych-w-polsce-wody-geotermalne-7028122037299712a.html\" rel=\"noopener noreferrer nofollow\" target=\"_blank\">wody geotermalnej<\/a>, wspieraj\u0105c tym samym lokaln\u0105 sie\u0107 energetyczn\u0105. Sp\u00f3\u0142ka posiada obecnie cztery odwierty produkcyjne w\u00a0rejonie Ba\u0144skiej Ni\u017cnej.<\/p>\n","protected":false},"excerpt":{"rendered":"Prace nad nowym odwierciem geotermalnym Ba\u0144ska PGP-7, kt\u00f3re zosta\u0142y nieco op\u00f3\u017anione, maj\u0105 na celu zwi\u0119kszenie mocy zasilania Zakopanego&hellip;\n","protected":false},"author":2,"featured_media":120582,"comment_status":"","ping_status":"","sticky":false,"template":"","format":"standard","meta":{"footnotes":""},"categories":[16],"tags":[113,112,42,38,40,39,41],"class_list":{"0":"post-120581","1":"post","2":"type-post","3":"status-publish","4":"format-standard","5":"has-post-thumbnail","7":"category-biznes","8":"tag-biznes","9":"tag-business","10":"tag-pl","11":"tag-poland","12":"tag-polish","13":"tag-polska","14":"tag-polski"},"share_on_mastodon":{"url":"https:\/\/pubeurope.com\/@pl\/115620784760047926","error":""},"_links":{"self":[{"href":"https:\/\/www.europesays.com\/pl\/wp-json\/wp\/v2\/posts\/120581","targetHints":{"allow":["GET"]}}],"collection":[{"href":"https:\/\/www.europesays.com\/pl\/wp-json\/wp\/v2\/posts"}],"about":[{"href":"https:\/\/www.europesays.com\/pl\/wp-json\/wp\/v2\/types\/post"}],"author":[{"embeddable":true,"href":"https:\/\/www.europesays.com\/pl\/wp-json\/wp\/v2\/users\/2"}],"replies":[{"embeddable":true,"href":"https:\/\/www.europesays.com\/pl\/wp-json\/wp\/v2\/comments?post=120581"}],"version-history":[{"count":0,"href":"https:\/\/www.europesays.com\/pl\/wp-json\/wp\/v2\/posts\/120581\/revisions"}],"wp:featuredmedia":[{"embeddable":true,"href":"https:\/\/www.europesays.com\/pl\/wp-json\/wp\/v2\/media\/120582"}],"wp:attachment":[{"href":"https:\/\/www.europesays.com\/pl\/wp-json\/wp\/v2\/media?parent=120581"}],"wp:term":[{"taxonomy":"category","embeddable":true,"href":"https:\/\/www.europesays.com\/pl\/wp-json\/wp\/v2\/categories?post=120581"},{"taxonomy":"post_tag","embeddable":true,"href":"https:\/\/www.europesays.com\/pl\/wp-json\/wp\/v2\/tags?post=120581"}],"curies":[{"name":"wp","href":"https:\/\/api.w.org\/{rel}","templated":true}]}}