{"id":120615,"date":"2025-11-27T09:06:08","date_gmt":"2025-11-27T09:06:08","guid":{"rendered":"https:\/\/www.europesays.com\/pl\/120615\/"},"modified":"2025-11-27T09:06:08","modified_gmt":"2025-11-27T09:06:08","slug":"leonid-fedun-sprzedal-udzialy-w-lukoilu-kulisy-glosnej-transakcji","status":"publish","type":"post","link":"https:\/\/www.europesays.com\/pl\/120615\/","title":{"rendered":"Leonid Fedun sprzeda\u0142 udzia\u0142y w \u0141ukoilu. Kulisy g\u0142o\u015bnej transakcji"},"content":{"rendered":"<p class=\"ods-c-paragraph \">Wed\u0142ug agencji Fedun, pochodz\u0105cy z Ukrainy i mieszkaj\u0105cy w Monako, na pocz\u0105tku 2025 r. sprzeda\u0142 sw\u00f3j pakiet akcji (oko\u0142o 10 proc. ) z powrotem \u0141ukoilowi. Warto\u015b\u0107 udzia\u0142\u00f3w Reuters szacuje na oko\u0142o 7 mld dolar\u00f3w, ale nie jest jasne, czy miliarder otrzyma\u0142 w\u0142a\u015bnie tak\u0105 kwot\u0119.<\/p>\n<p> Ile procent akcji sprzeda\u0142 Leonid Fedun? <\/p>\n<p> Jak\u0105 warto\u015b\u0107 mia\u0142y akcje Leonida Feduna? <\/p>\n<p> Jakie stanowisko zajmowa\u0142 Fedun w \u0141ukoilu? <\/p>\n<p> Kiedy Wagit Alekperow odszed\u0142 z kierownictwa \u0141ukoilu? <\/p>\n<p class=\"ods-c-paragraph \">W kwietniu 2025 r. magazyn Forbes oszacowa\u0142 maj\u0105tek biznesmena na 10,4 mld dol., co pozwoli\u0142o mu zaj\u0105\u0107 13. miejsce w\u015br\u00f3d najbogatszych Rosjan.<\/p>\n<p class=\"ods-c-paragraph \">Leonid Fedun pe\u0142ni\u0142 funkcj\u0119 wiceprezesa \u0141ukoilu od 1996 roku do 2022 r., po rozpocz\u0119ciu wojny na Ukrainie. Rzecznik prasowy firmy twierdzi\u0142, \u017ce decyzja zosta\u0142a podj\u0119ta &#8222;w zwi\u0105zku z osi\u0105gni\u0119ciem wieku emerytalnego i okoliczno\u015bciami rodzinnymi&#8221;. W tym samym roku Fedun sprzeda\u0142 swoje udzia\u0142y w klubie pi\u0142karskim Spartak Moskwa.<\/p>\n<p class=\"ods-c-paragraph \">Inny wsp\u00f3\u0142za\u0142o\u017cyciel \u0141ukoila \u2014 Wagit Alekperow \u2014 r\u00f3wnie\u017c odszed\u0142 z kierownictwa firmy w 2022 r., rezygnuj\u0105c ze stanowiska dyrektora generalnego po na\u0142o\u017ceniu na niego sankcji przez Wielk\u0105 Brytani\u0119 i Australi\u0119. Jak zauwa\u017caj\u0105 trzy \u017ar\u00f3d\u0142a Reutersa, Alekperow po odej\u015bciu nadal ma nieformalny wp\u0142yw na dzia\u0142alno\u015b\u0107 \u0141ukoilu, podczas gdy Fedun ca\u0142kowicie wycofa\u0142 si\u0119 z dzia\u0142alno\u015bci.<\/p>\n<p class=\"ods-c-paragraph \">Sam Fedun nie znalaz\u0142 si\u0119 na listach sankcyjnych zwi\u0105zanych z wojn\u0105 w Ukrainie. Jednak w 2017 r. Departament Skarbu USA umie\u015bci\u0142 na czarnej li\u015bcie jego wsp\u00f3ln\u0105 z Alekperowem sp\u00f3\u0142k\u0119 inwestycyjn\u0105 IFD Kapital (obecnie AO Kapital) za posiadanie hotelu Riviera Sunrise Resort &amp; Spa na okupowanym Krymie.<\/p>\n<p class=\"ods-c-paragraph \">Pod koniec pa\u017adziernika Stany Zjednoczone na\u0142o\u017cy\u0142y sankcje bezpo\u015brednio na \u0141ukoil i Rosnieft, t\u0142umacz\u0105c je odmow\u0105 W\u0142adimira Putina zako\u0144czenia wojny. Ograniczenia dotkn\u0119\u0142y r\u00f3wnie\u017c wszystkie sp\u00f3\u0142ki zale\u017cne, w kt\u00f3rych firma posiada ponad 50 proc. udzia\u0142\u00f3w. Departament Skarbu USA nakaza\u0142 zako\u0144czenie operacji z organizacjami obj\u0119tymi sankcjami do 21 listopada, a nast\u0119pnie przed\u0142u\u017cy\u0142 cz\u0119\u015b\u0107 licencji do 13 grudnia.<\/p>\n","protected":false},"excerpt":{"rendered":"Wed\u0142ug agencji Fedun, pochodz\u0105cy z Ukrainy i mieszkaj\u0105cy w Monako, na pocz\u0105tku 2025 r. sprzeda\u0142 sw\u00f3j pakiet akcji&hellip;\n","protected":false},"author":2,"featured_media":120616,"comment_status":"","ping_status":"","sticky":false,"template":"","format":"standard","meta":{"footnotes":""},"categories":[14],"tags":[32,33,27,34,35,23812,2217,28,31,48,25,46,40,41,47,80,29,30,25883,26,82,83,84],"class_list":{"0":"post-120615","1":"post","2":"type-post","3":"status-publish","4":"format-standard","5":"has-post-thumbnail","7":"category-swiat","8":"tag-breaking-news","9":"tag-breakingnews","10":"tag-headlines","11":"tag-latest-news","12":"tag-latestnews","13":"tag-leonid_fedun","14":"tag-lukoil","15":"tag-naglowki","16":"tag-najwazniejsze-artykuly","17":"tag-nat_styl","18":"tag-news","19":"tag-omp","20":"tag-polish","21":"tag-polski","22":"tag-screening_general","23":"tag-swiat","24":"tag-top-stories","25":"tag-topstories","26":"tag-wagit_alekperow","27":"tag-wiadomosci","28":"tag-world","29":"tag-world-news","30":"tag-worldnews"},"share_on_mastodon":{"url":"https:\/\/pubeurope.com\/@pl\/115620871162185480","error":""},"_links":{"self":[{"href":"https:\/\/www.europesays.com\/pl\/wp-json\/wp\/v2\/posts\/120615","targetHints":{"allow":["GET"]}}],"collection":[{"href":"https:\/\/www.europesays.com\/pl\/wp-json\/wp\/v2\/posts"}],"about":[{"href":"https:\/\/www.europesays.com\/pl\/wp-json\/wp\/v2\/types\/post"}],"author":[{"embeddable":true,"href":"https:\/\/www.europesays.com\/pl\/wp-json\/wp\/v2\/users\/2"}],"replies":[{"embeddable":true,"href":"https:\/\/www.europesays.com\/pl\/wp-json\/wp\/v2\/comments?post=120615"}],"version-history":[{"count":0,"href":"https:\/\/www.europesays.com\/pl\/wp-json\/wp\/v2\/posts\/120615\/revisions"}],"wp:featuredmedia":[{"embeddable":true,"href":"https:\/\/www.europesays.com\/pl\/wp-json\/wp\/v2\/media\/120616"}],"wp:attachment":[{"href":"https:\/\/www.europesays.com\/pl\/wp-json\/wp\/v2\/media?parent=120615"}],"wp:term":[{"taxonomy":"category","embeddable":true,"href":"https:\/\/www.europesays.com\/pl\/wp-json\/wp\/v2\/categories?post=120615"},{"taxonomy":"post_tag","embeddable":true,"href":"https:\/\/www.europesays.com\/pl\/wp-json\/wp\/v2\/tags?post=120615"}],"curies":[{"name":"wp","href":"https:\/\/api.w.org\/{rel}","templated":true}]}}