{"id":120623,"date":"2025-11-27T09:10:14","date_gmt":"2025-11-27T09:10:14","guid":{"rendered":"https:\/\/www.europesays.com\/pl\/120623\/"},"modified":"2025-11-27T09:10:14","modified_gmt":"2025-11-27T09:10:14","slug":"simon-cowell-zabral-glos-w-sprawie-smierci-liama-paynea-tak-sie-po-prostu-nie-da","status":"publish","type":"post","link":"https:\/\/www.europesays.com\/pl\/120623\/","title":{"rendered":"Simon Cowell zabra\u0142 g\u0142os w sprawie \u015bmierci Liama Payne&#8217;a. &#8222;Tak si\u0119 po prostu nie da&#8221;"},"content":{"rendered":"<p class=\"ods-c-paragraph \">Tragiczna \u015bmier\u0107 <a href=\"https:\/\/plejada.pl\/liam-payne\" id=\"92e0d2aa-8428-4b55-a585-4a3878101dcd\" rel=\"nofollow noopener\" target=\"_blank\">Liama Payne&#8217;a<\/a> wstrz\u0105sn\u0119\u0142a ca\u0142ym \u015bwiatem. 31-letni muzyk zmar\u0142 16 pa\u017adziernika na skutek rozleg\u0142ych obra\u017ce\u0144 oraz krwotoku wewn\u0119trznego i zewn\u0119trznego, kt\u00f3re nast\u0105pi\u0142y na skutek upadku. By\u0142y cz\u0142onek boysbandu One Direction spad\u0142 z po\u0142o\u017conego na trzecim pi\u0119trze hotelowego balkonu \u2014 jak wykaza\u0142a sekcja zw\u0142ok, Payne by\u0142 w\u00f3wczas pod wp\u0142ywem alkoholu i narkotyk\u00f3w. Nie wiadomo, czy upadek z wysoko\u015bci by\u0142 samob\u00f3jstwem, czy mo\u017ce jednak powodem by\u0142o odurzenie lub dzia\u0142anie os\u00f3b trzecich. Cho\u0107 sprawa nie zosta\u0142a rozwi\u0105zana, w zwi\u0105zku z tragiczn\u0105 \u015bmierci\u0105 muzyka, jaki\u015b czas temu aresztowano pi\u0119\u0107 os\u00f3b.<\/p>\n<p>Dalszy ci\u0105g artyku\u0142u pod materia\u0142em wideo<\/p>\n<p> Dlaczego internauci obwiniaj\u0105 Simona Cowella o \u015bmier\u0107 Liama Payne&#8217;a? <\/p>\n<p> Kiedy zmar\u0142 Liam Payne? <\/p>\n<p> Jakie by\u0142y okoliczno\u015bci \u015bmierci Liama Payne&#8217;a? <\/p>\n<p> Co Simon Cowell powiedzia\u0142 na temat oskar\u017ce\u0144? <\/p>\n<p>  Internauci obwiniaj\u0105 go o \u015bmier\u0107 Liama Payne&#8217;a. Simon Cowell zabra\u0142 g\u0142os<\/p>\n<p class=\"ods-c-paragraph \">W 2010 r. do brytyjskiego talent show X Factor zg\u0142osi\u0142o si\u0119 pi\u0119ciu, kompletnie obcych sobie, nastoletnich ch\u0142opak\u00f3w \u2014 Harry Styles, Zayn Malik, Niall Horan, Liam Payne i Louis Tomlinson. To w\u0142a\u015bnie <a href=\"https:\/\/plejada.pl\/simon-cowell\" id=\"0602b3d7-37bd-419e-b0c1-f2b05c102705\" rel=\"nofollow noopener\" target=\"_blank\">Simon Cowell<\/a>, kt\u00f3ry zasiad\u0142 w\u00f3wczas w jury, podj\u0105\u0142 decyzj\u0119, aby po\u0142\u0105czy\u0107 uczestnik\u00f3w w jedn\u0105 grup\u0119 \u2014 One Direction zaj\u0119li trzecie miejsce w programie i podpisali kontrakt z wytw\u00f3rni\u0105 Cowella.<\/p>\n<p class=\"ods-c-paragraph \">Ten brytyjski boysband \u015bwi\u0119ci\u0142 triumfy a\u017c do czasu rozpadu w 2016 r. \u2014 bij\u0105ca rekordy frekwencja podczas koncert\u00f3w, a tak\u017ce nieprawdopodobna liczba sprzedanych album\u00f3w sprawi\u0142y, \u017ce One Direction sta\u0142o si\u0119 istnym zjawiskiem \u015bwiatowej popkultury, a ich dzia\u0142alno\u015b\u0107 zapisa\u0142a si\u0119 w historii muzyki.<\/p>\n<p>   <img decoding=\"async\" src=\"https:\/\/www.europesays.com\/pl\/wp-content\/uploads\/2025\/11\/ERLk9lBaHR0cHM6Ly9vY2RuLmV1L3B1bHNjbXMvTURBXy85ZDJkYjM5ZmQxNWM2MjNlNzJkZmIxZTA4NmQ4ODU4Yi5qcGeRlQLNB.jpeg\" height=\"627\" width=\"940\" alt=\"Liam Payne\" loading=\"lazy\" class=\"ods-c-image__img ods-c-image__img--viewport-width\"\/><\/p>\n<p>Liam PaynePic Media Aus \/ Shutterstock<\/p>\n<p class=\"ods-c-paragraph \">W przypadku dojrzewaj\u0105cych, m\u0142odych m\u0119\u017cczyzn z zespo\u0142u, s\u0142awa mia\u0142a mn\u00f3stwo mrocznych stron. Ci\u0105g\u0142a presja, stres, bycie na \u015bwieczniku, a tak\u017ce kontrolowanie ka\u017cdego ich ruchu przez wytw\u00f3rni\u0119 \u2014 od relacji mi\u0142osnych, po wygl\u0105d, sprawi\u0142y, \u017ce One Direction postanowi\u0142o rozwi\u0105za\u0107 swoj\u0105 dzia\u0142alno\u015b\u0107 (kilka miesi\u0119cy wcze\u015bniej zesp\u00f3\u0142 opu\u015bci\u0142 jeden z cz\u0142onk\u00f3w, Zayn Malik).<\/p>\n<p class=\"ods-c-paragraph \">W zwi\u0105zku z tym, \u017ce wiele problem\u00f3w i zmaga\u0144 muzyk\u00f3w z boysbandu wynika\u0142o z presji i warunk\u00f3w zawartych w kontrakcie, fani zacz\u0119li oskar\u017ca\u0107 Simona Cowella o &#8222;wsp\u00f3\u0142udzia\u0142&#8221; w \u015bmierci Liama Payne&#8217;a. Cho\u0107 nie wiadomo, dlaczego 31-latek spad\u0142 z trzeciego pi\u0119tra hotelowego balkonu, internauci maj\u0105 swoje teorie \u2014 twierdz\u0105, \u017ce bez wzgl\u0119du na to, czy zgon by\u0142 wynikiem samob\u00f3jstwa, czy wp\u0142ywu \u015brodk\u00f3w odurzaj\u0105cych, problemy psychiczne Payne&#8217;a maj\u0105 swoj\u0105 genez\u0119 w czasach One Direction, gdy ka\u017cdy ich ruch by\u0142 sterowany i kontrolowany.<\/p>\n<p><img decoding=\"async\" src=\"https:\/\/www.europesays.com\/pl\/wp-content\/uploads\/2025\/11\/8uLk9lBaHR0cHM6Ly9vY2RuLmV1L3B1bHNjbXMvTURBXy80OWU3NzU1MTllZTVmMWYxYzhiNzcxMjkzYTBiMzE3Mi5qcGeSlQMAA.jpeg\" height=\"698\" width=\"940\" alt=\"One Direction\" loading=\"lazy\" class=\"ods-c-image__img ods-c-image__img--viewport-width\"\/><\/p>\n<p>One DirectionTinseltown \/ Shutterstock<\/p>\n<p class=\"ods-c-paragraph \">Ponad rok po \u015bmierci Liama Payne&#8217;a Simon Cowell udzieli\u0142 wywiadu dla &#8222;Rolling Stone&#8221;, gdzie stwierdzi\u0142, \u017ce zarzuty pod jego adresem s\u0105 bez podstawne i nielogiczne. <\/p>\n<blockquote class=\"ods-o-quota\">\n<p class=\"ods-o-quota__paragraph\">Nie czytam tych rzeczy, bo gdybym to robi\u0142, sam bym si\u0119 torturowa\u0142. Sama idea, \u017ce jeste\u015b odpowiedzialny za czyje\u015b \u017cycie 10 lat po tym, jak podpisa\u0142e\u015b z nim kontrakt? Tak si\u0119 po prostu nie da<\/p>\n<\/blockquote>\n<p class=\"ods-c-paragraph \">\u2014 powiedzia\u0142.<\/p>\n<p><img decoding=\"async\" src=\"https:\/\/www.europesays.com\/pl\/wp-content\/uploads\/2025\/11\/QIDk9lBaHR0cHM6Ly9vY2RuLmV1L3B1bHNjbXMvTURBXy9kYWM0YmU5MGEzZWQ4MWUwOTNlNzBkZjFkNjdmN2EwNy5qcGeRlQLNB.jpeg\" height=\"627\" width=\"940\" alt=\"Simon Cowell\" loading=\"lazy\" class=\"ods-c-image__img ods-c-image__img--viewport-width\"\/><\/p>\n<p>Simon Cowells_bukley \/ Shutterstock<\/p>\n<p class=\"ods-c-paragraph \">Brytyjski \u0142owca talent\u00f3w wyzna\u0142, \u017ce ostatni raz widzia\u0142 si\u0119 z Liamem rok przed jego \u015bmierci\u0105. Mia\u0142 mu w\u00f3wczas powiedzie\u0107, \u017ce muzyka to nie wszystko i nie powinien si\u0119 w niej kompletnie zatraca\u0107. Opowiedzia\u0142 r\u00f3wnie\u017c o niedawnym spotkaniu z rodzicami by\u0142ego cz\u0142onka One Direction.<\/p>\n<blockquote class=\"ods-o-quota\">\n<p class=\"ods-o-quota__paragraph\">Kiedy rozmawia\u0142em z nim tamtego dnia, mia\u0142em naprawd\u0119 dobre przeczucia. Pomy\u015bla\u0142em &#8222;wow, wygl\u0105da na to, \u017ce jeste\u015b w naprawd\u0119 dobrym miejscu&#8221;. Zawsze zadajesz sobie to pytanie &#8222;Czy mog\u0142em zrobi\u0107 co\u015b wi\u0119cej? Co by si\u0119 sta\u0142o z Liamem, gdyby nie by\u0142 w tym zespole?&#8221;<\/p>\n<\/blockquote>\n<p class=\"ods-c-paragraph \">\u2014 stwierdzi\u0142.<\/p>\n<p class=\"ods-c-paragraph \">Dzi\u0119kujemy, \u017ce przeczyta\u0142a\u015b\/e\u015b nasz artyku\u0142 do ko\u0144ca. W serwisie Plejada.pl ka\u017cdego dnia piszemy o najwa\u017cniejszych wydarzeniach show-biznesowych. B\u0105d\u017a na bie\u017c\u0105co! <a rel=\"nofollow noopener\" href=\"https:\/\/profile.google.com\/cp\/Cg0vZy8xMWJ6X19wdHBx\" id=\"c82ba0f7-3273-4b68-bc65-aa4885d7c2a8\" target=\"_blank\">Obserwuj<\/a> Plejad\u0119 w Google. Odwied\u017a nas tak\u017ce na <a rel=\"nofollow noopener\" href=\"https:\/\/www.facebook.com\/plejadapl\" id=\"8c78d872-c29e-44fc-8f35-8d6270887de7\" target=\"_blank\">Facebooku<\/a>, <a rel=\"nofollow noopener\" href=\"https:\/\/www.instagram.com\/plejadapl\/\" id=\"4aea4ec9-7a6e-4d4a-9e49-b331212e1fea\" target=\"_blank\">Instagramie<\/a>, <a rel=\"nofollow noopener\" href=\"https:\/\/www.youtube.com\/c\/plejada\" id=\"6ade53de-e265-4ca3-8877-535c889260a3\" target=\"_blank\">YouTubie<\/a> oraz <a rel=\"nofollow noopener\" href=\"https:\/\/www.tiktok.com\/@plejada_pl\" id=\"0f1c573e-03a1-462a-8640-df786596a9ef\" target=\"_blank\">TikToku<\/a>.<\/p>\n<p class=\"ods-c-paragraph \">Chcesz podzieli\u0107 si\u0119 ciekawym newsem lub zaproponowa\u0107 temat? Skontaktuj si\u0119 z nami, pisz\u0105c maila na adres: <a rel=\"nofollow noopener\" href=\"https:\/\/plejada.pl\/newsy\/simon-cowell-zabral-glos-w-sprawie-smierci-liama-paynea-tak-sie-po-prostu-nie-da\/mailto:plejada@redakcjaonet.pl\" id=\"cb704200-6490-4cd8-979b-f7c906c83ea6\" target=\"_blank\">plejada@redakcjaon<\/a><a href=\"https:\/\/et.pl\" id=\"81ab73bd-35dc-4e29-86a6-bab8e84d59a8\" rel=\"nofollow noopener\" target=\"_blank\">et.pl<\/a>.<\/p>\n<p><script async src=\"\/\/www.instagram.com\/embed.js\"><\/script><script async src=\"\/\/www.tiktok.com\/embed.js\"><\/script><\/p>\n","protected":false},"excerpt":{"rendered":"Tragiczna \u015bmier\u0107 Liama Payne&#8217;a wstrz\u0105sn\u0119\u0142a ca\u0142ym \u015bwiatem. 31-letni muzyk zmar\u0142 16 pa\u017adziernika na skutek rozleg\u0142ych obra\u017ce\u0144 oraz krwotoku&hellip;\n","protected":false},"author":2,"featured_media":120624,"comment_status":"","ping_status":"","sticky":false,"template":"","format":"standard","meta":{"footnotes":""},"categories":[22],"tags":[25885,122,14224,14015,25887,48,125,25888,46,14118,42,38,40,39,41,123,47,14223,10003,25886],"class_list":{"0":"post-120623","1":"post","2":"type-post","3":"status-publish","4":"format-standard","5":"has-post-thumbnail","7":"category-rozrywka","8":"tag-_x_factor_","9":"tag-entertainment","10":"tag-harry_styles","11":"tag-liam_payne","12":"tag-louis_tomlinson","13":"tag-nat_styl","14":"tag-newsy","15":"tag-niall_horan","16":"tag-omp","17":"tag-one_direction","18":"tag-pl","19":"tag-poland","20":"tag-polish","21":"tag-polska","22":"tag-polski","23":"tag-rozrywka","24":"tag-screening_general","25":"tag-simon_cowell","26":"tag-smierc_gwiazdy","27":"tag-zayn_malik"},"share_on_mastodon":{"url":"https:\/\/pubeurope.com\/@pl\/115620886905882338","error":""},"_links":{"self":[{"href":"https:\/\/www.europesays.com\/pl\/wp-json\/wp\/v2\/posts\/120623","targetHints":{"allow":["GET"]}}],"collection":[{"href":"https:\/\/www.europesays.com\/pl\/wp-json\/wp\/v2\/posts"}],"about":[{"href":"https:\/\/www.europesays.com\/pl\/wp-json\/wp\/v2\/types\/post"}],"author":[{"embeddable":true,"href":"https:\/\/www.europesays.com\/pl\/wp-json\/wp\/v2\/users\/2"}],"replies":[{"embeddable":true,"href":"https:\/\/www.europesays.com\/pl\/wp-json\/wp\/v2\/comments?post=120623"}],"version-history":[{"count":0,"href":"https:\/\/www.europesays.com\/pl\/wp-json\/wp\/v2\/posts\/120623\/revisions"}],"wp:featuredmedia":[{"embeddable":true,"href":"https:\/\/www.europesays.com\/pl\/wp-json\/wp\/v2\/media\/120624"}],"wp:attachment":[{"href":"https:\/\/www.europesays.com\/pl\/wp-json\/wp\/v2\/media?parent=120623"}],"wp:term":[{"taxonomy":"category","embeddable":true,"href":"https:\/\/www.europesays.com\/pl\/wp-json\/wp\/v2\/categories?post=120623"},{"taxonomy":"post_tag","embeddable":true,"href":"https:\/\/www.europesays.com\/pl\/wp-json\/wp\/v2\/tags?post=120623"}],"curies":[{"name":"wp","href":"https:\/\/api.w.org\/{rel}","templated":true}]}}