{"id":120726,"date":"2025-11-27T10:15:19","date_gmt":"2025-11-27T10:15:19","guid":{"rendered":"https:\/\/www.europesays.com\/pl\/120726\/"},"modified":"2025-11-27T10:15:19","modified_gmt":"2025-11-27T10:15:19","slug":"laptop-pasazera-wpadl-miedzy-fotele-samolot-musial-zawrocic","status":"publish","type":"post","link":"https:\/\/www.europesays.com\/pl\/120726\/","title":{"rendered":"Laptop pasa\u017cera wpad\u0142 mi\u0119dzy fotele. Samolot musia\u0142 zawr\u00f3ci\u0107"},"content":{"rendered":"<p class=\"ods-c-paragraph \">Jak podaje &#8222;The Independent&#8221;, do incydentu dosz\u0142o 19 listopada. Samolot linii United Airlines wykonuj\u0105cy lot UA925 musia\u0142 zmieni\u0107 tras\u0119 ze wzgl\u0119du na &#8222;niebezpiecze\u0144stwo, jakie stwarza\u0142 przedmiot elektroniczny na pok\u0142adzie&#8221;.<\/p>\n<p> Dlaczego samolot musia\u0142 zawr\u00f3ci\u0107? <\/p>\n<p> Gdzie samolot wyl\u0105dowa\u0142 po incydencie? <\/p>\n<p> Co by\u0142o powodem zmiany trasy samolotu? <\/p>\n<p> Jak d\u0142ugo samolot mia\u0142 op\u00f3\u017anienie po incydencie? <\/p>\n<p class=\"ods-c-paragraph \">Powodem zmiany trasy by\u0142 uwi\u0119ziony mi\u0119dzy fotelami laptop, kt\u00f3ry zsun\u0105\u0142 si\u0119 z siedzenia jednemu z pasa\u017cer\u00f3w. Personel pok\u0142adowy nie by\u0142 w stanie wyci\u0105gn\u0105\u0107 urz\u0105dzenia bez specjalistycznych narz\u0119dzi.<\/p>\n<p class=\"ods-c-paragraph \">Poniewa\u017c w laptopach znajduj\u0105 si\u0119 baterie litowo-jonowe, stanowi\u0105ce potencjalne niebezpiecze\u0144stwo w samolotach ze wzgl\u0119du na mo\u017cliwe uszkodzenie lub przegrzanie, za\u0142oga podj\u0119\u0142a decyzj\u0119 o nieplanowanym l\u0105dowaniu.<\/p>\n<p class=\"ods-c-paragraph \">Samolot wyl\u0105dowa\u0142 bezpiecznie w Irlandii, gdzie ekipy konserwacyjne odzyska\u0142y i sprawdzi\u0142y urz\u0105dzenie. Nast\u0119pnie maszyna wystartowa\u0142a w dalsz\u0105 podr\u00f3\u017c i dotar\u0142a do celu z pi\u0119ciogodzinnym op\u00f3\u017anieniem.<\/p>\n<p class=\"ods-c-paragraph \">Jak informuje &#8222;The Independent&#8221;, przekierowanie jest standardow\u0105 procedur\u0105 w przypadku lot\u00f3w transatlantyckich, gdy na pok\u0142adzie (np. mi\u0119dzy fotelami) utknie urz\u0105dzenie zasilane bateri\u0105 litow\u0105.<\/p>\n","protected":false},"excerpt":{"rendered":"Jak podaje &#8222;The Independent&#8221;, do incydentu dosz\u0142o 19 listopada. Samolot linii United Airlines wykonuj\u0105cy lot UA925 musia\u0142 zmieni\u0107&hellip;\n","protected":false},"author":2,"featured_media":120727,"comment_status":"","ping_status":"","sticky":false,"template":"","format":"standard","meta":{"footnotes":""},"categories":[16],"tags":[210,113,112,7257,5161,48,46,42,38,40,39,41,2683,47,25899],"class_list":{"0":"post-120726","1":"post","2":"type-post","3":"status-publish","4":"format-standard","5":"has-post-thumbnail","7":"category-biznes","8":"tag-aktualnosci","9":"tag-biznes","10":"tag-business","11":"tag-irlandia","12":"tag-laptop","13":"tag-nat_styl","14":"tag-omp","15":"tag-pl","16":"tag-poland","17":"tag-polish","18":"tag-polska","19":"tag-polski","20":"tag-samoloty_lotnictwo_ruch_lotniczy","21":"tag-screening_general","22":"tag-united_airlines"},"share_on_mastodon":{"url":"https:\/\/pubeurope.com\/@pl\/115621142381178324","error":""},"_links":{"self":[{"href":"https:\/\/www.europesays.com\/pl\/wp-json\/wp\/v2\/posts\/120726","targetHints":{"allow":["GET"]}}],"collection":[{"href":"https:\/\/www.europesays.com\/pl\/wp-json\/wp\/v2\/posts"}],"about":[{"href":"https:\/\/www.europesays.com\/pl\/wp-json\/wp\/v2\/types\/post"}],"author":[{"embeddable":true,"href":"https:\/\/www.europesays.com\/pl\/wp-json\/wp\/v2\/users\/2"}],"replies":[{"embeddable":true,"href":"https:\/\/www.europesays.com\/pl\/wp-json\/wp\/v2\/comments?post=120726"}],"version-history":[{"count":0,"href":"https:\/\/www.europesays.com\/pl\/wp-json\/wp\/v2\/posts\/120726\/revisions"}],"wp:featuredmedia":[{"embeddable":true,"href":"https:\/\/www.europesays.com\/pl\/wp-json\/wp\/v2\/media\/120727"}],"wp:attachment":[{"href":"https:\/\/www.europesays.com\/pl\/wp-json\/wp\/v2\/media?parent=120726"}],"wp:term":[{"taxonomy":"category","embeddable":true,"href":"https:\/\/www.europesays.com\/pl\/wp-json\/wp\/v2\/categories?post=120726"},{"taxonomy":"post_tag","embeddable":true,"href":"https:\/\/www.europesays.com\/pl\/wp-json\/wp\/v2\/tags?post=120726"}],"curies":[{"name":"wp","href":"https:\/\/api.w.org\/{rel}","templated":true}]}}