{"id":120762,"date":"2025-11-27T10:39:09","date_gmt":"2025-11-27T10:39:09","guid":{"rendered":"https:\/\/www.europesays.com\/pl\/120762\/"},"modified":"2025-11-27T10:39:09","modified_gmt":"2025-11-27T10:39:09","slug":"nowy-sondaz-partyjny-gorzkie-zwyciestwo-ko-konfederacja-rosnie-w-sile-onet","status":"publish","type":"post","link":"https:\/\/www.europesays.com\/pl\/120762\/","title":{"rendered":"Nowy sonda\u017c partyjny. Gorzkie zwyci\u0119stwo KO, Konfederacja ro\u015bnie w si\u0142\u0119 &#8211; Onet"},"content":{"rendered":"<ol>\n<li><a href=\"https:\/\/news.google.com\/rss\/articles\/CBMizAFBVV95cUxOVXU2NThpOUhyc2d2MExIT3F0bDh5V25NMnc1X3dJMXA1dnpRbHk4cnZBckYwbnBJT0RWMmpHWDA2amRpUW54c0xHR1lnVnFNNmJGX3VfQ3g2TVA0bWNhandjNGQ0cG9EeGpfQ1ZWQVlVRV93MW12eG9MWUtUUVVPOEdwMGZTeU1KejlNUGVqV2czMVpoVjNtWlpXeW1HdEt2ZEU5OEpCTjZNTnNaQm9tVVViZXNJcm9TR05QU2N4czJabHpaOS1nV3JBTTI?oc=5\" target=\"_blank\" rel=\"nofollow noopener\">Nowy sonda\u017c partyjny. Gorzkie zwyci\u0119stwo KO, Konfederacja ro\u015bnie w si\u0142\u0119<\/a>&nbsp;&nbsp;Onet<\/li>\n<li><a href=\"https:\/\/news.google.com\/rss\/articles\/CBMimgFBVV95cUxQWHZheWRveDVTMkxveFFZNnBRUXY4aUFtLVNJXzUwbnVSRFFxelhwTGo4M3RXYkhocWprVFFFalZQV3E3eHVnbklPZ2RpOGhlanhUM1RDWnUzaWdqemJkRmx2Z0RGZVNEaXVxYnR0aVh1RnAxZW9HTFJ4RXoxenhCRjJnc3RvRU5xMUJYRGtKeG5RZlJBM1pSSm5R?oc=5\" target=\"_blank\" rel=\"nofollow noopener\">KO przed PiS. Konfederacja ro\u015bnie w si\u0142\u0119. Nowy sonda\u017c<\/a>&nbsp;&nbsp;WP Wiadomo\u015bci<\/li>\n<li><a href=\"https:\/\/news.google.com\/rss\/articles\/CBMiswFBVV95cUxQQll1TVVlRFRBYUEtNTZVY2xYREZHVDlYNWxCSU5KQnV0ZllSeTNycXhWdFM3RU9LcWFVQUVzMUZtc19UNUh1bENLdmlCUFhqSnd6R3FXSE9BMDlWc2RCZldTYzdFc1pvMXNhT2ZZVGlEZGtlMG0xMXZBWWM5STZzdG9FLTZfSnJfSUU4b21VNjRCSGp5VnJ0alVGM2g0cXFrOWJSWkZVZmdSTlREWndnOG0tNA?oc=5\" target=\"_blank\" rel=\"nofollow noopener\">Nowy sonda\u017c. Jedna partia z du\u017cym wzrostem poparcia<\/a>&nbsp;&nbsp;TVN24<\/li>\n<li><a href=\"https:\/\/news.google.com\/rss\/articles\/CBMiswFBVV95cUxQNllqSmFUR21ublZyMUtHOXh6bnBneDU3cnNzOS1CaDUzNVBZclI5ZjhfQ0NscGdueXAwQ3hMNnNrd2VtbWFVSFcwa21NY2xGbTZEejhldEZwTUZteDVZR2VKMGw5dWw5dEJBVVZtZFFvZm9JT1J4TEEwSWtTTDJrWUM4TVZrSVZSTVZyVEt1bFozVkRfUjFDYW5FX2t4QTdKZXE0QXdsWHBFVTZBcXFfb1hnVQ?oc=5\" target=\"_blank\" rel=\"nofollow noopener\">Powstanie szeroka koalicja si\u0142 prawicowych? Nowy sonda\u017c daje nadziej\u0119 opozycji na przej\u0119cie w\u0142adzy<\/a>&nbsp;&nbsp;Wydarzenia w INTERIA.PL<\/li>\n<li><a href=\"https:\/\/news.google.com\/rss\/articles\/CBMinAFBVV95cUxNWG9LZFRFamRFUDI3enBGbE1yQjY1TVgzRUtOSVN6aF9QT05MY3hmcjQ5Q015QWJHMjdoRjBmVnJPQkRZY2hXT3pRWDdrN3JjZUtDUS1pMTZYZmtFTzhaTUNlVURHalc0Q1lsV3A2TnJSQlVUekxDdUN5Rmo1VFd3X2ZZMUhMbTJ6UjJySUhNT2dZU2tjWVZSY2VMSE3SAZsBQVVfeXFMTmNJYWk4MVc5bldOcTJvVVB5N19sV0dPbHVUSTBrTTM4NUcya0tFZDV1YzJvUzhaRzFaMzRxa0VteUk3MTRwRnNCNHR5Uk4yZHZJbmhmYU5PYnYtRmdUZy1xNjZRTkZfdHNzQ1htb0FnYnFTLXo1U3R1RVgtUDl6NnA2VXNoWGV5WnBLd1RVYWY4eFFoOWRWU0ZBZWc?oc=5\" target=\"_blank\" rel=\"nofollow noopener\">Sonda\u017c. KO przed PiS i Konfederacj\u0105. Pi\u0119\u0107 partii w Sejmie<\/a>&nbsp;&nbsp;Wprost<\/li>\n<\/ol>\n","protected":false},"excerpt":{"rendered":"Nowy sonda\u017c partyjny. Gorzkie zwyci\u0119stwo KO, Konfederacja ro\u015bnie w si\u0142\u0119&nbsp;&nbsp;Onet KO przed PiS. Konfederacja ro\u015bnie w si\u0142\u0119. Nowy&hellip;\n","protected":false},"author":2,"featured_media":120763,"comment_status":"","ping_status":"","sticky":false,"template":"","format":"standard","meta":{"footnotes":""},"categories":[5],"tags":[32,33,36,37,27,1119,7225,867,34,35,28,31,53,25,52,68,51,55,42,38,40,39,41,868,47,5930,1998,1129,29,30,65,50,26],"class_list":{"0":"post-120762","1":"post","2":"type-post","3":"status-publish","4":"format-standard","5":"has-post-thumbnail","7":"category-naglowki","8":"tag-breaking-news","9":"tag-breakingnews","10":"tag-featured-news","11":"tag-featurednews","12":"tag-headlines","13":"tag-koalicja_obywatelska_ko","14":"tag-konfederacja_korony_polskiej_partia_polityczna","15":"tag-konfederacja_partia_polityczna","16":"tag-latest-news","17":"tag-latestnews","18":"tag-naglowki","19":"tag-najwazniejsze-artykuly","20":"tag-new_header","21":"tag-news","22":"tag-onet3","23":"tag-onet3d","24":"tag-onet3d_2i","25":"tag-phx","26":"tag-pl","27":"tag-poland","28":"tag-polish","29":"tag-polska","30":"tag-polski","31":"tag-prawo_i_sprawiedliwosc_pis","32":"tag-screening_general","33":"tag-sejm_rp_posel_poslanka_poslowie","34":"tag-short_news","35":"tag-sondaze_sondaz","36":"tag-top-stories","37":"tag-topstories","38":"tag-update_me","39":"tag-v2021","40":"tag-wiadomosci"},"share_on_mastodon":{"url":"","error":"Validation failed: Text character limit of 500 exceeded"},"_links":{"self":[{"href":"https:\/\/www.europesays.com\/pl\/wp-json\/wp\/v2\/posts\/120762","targetHints":{"allow":["GET"]}}],"collection":[{"href":"https:\/\/www.europesays.com\/pl\/wp-json\/wp\/v2\/posts"}],"about":[{"href":"https:\/\/www.europesays.com\/pl\/wp-json\/wp\/v2\/types\/post"}],"author":[{"embeddable":true,"href":"https:\/\/www.europesays.com\/pl\/wp-json\/wp\/v2\/users\/2"}],"replies":[{"embeddable":true,"href":"https:\/\/www.europesays.com\/pl\/wp-json\/wp\/v2\/comments?post=120762"}],"version-history":[{"count":0,"href":"https:\/\/www.europesays.com\/pl\/wp-json\/wp\/v2\/posts\/120762\/revisions"}],"wp:featuredmedia":[{"embeddable":true,"href":"https:\/\/www.europesays.com\/pl\/wp-json\/wp\/v2\/media\/120763"}],"wp:attachment":[{"href":"https:\/\/www.europesays.com\/pl\/wp-json\/wp\/v2\/media?parent=120762"}],"wp:term":[{"taxonomy":"category","embeddable":true,"href":"https:\/\/www.europesays.com\/pl\/wp-json\/wp\/v2\/categories?post=120762"},{"taxonomy":"post_tag","embeddable":true,"href":"https:\/\/www.europesays.com\/pl\/wp-json\/wp\/v2\/tags?post=120762"}],"curies":[{"name":"wp","href":"https:\/\/api.w.org\/{rel}","templated":true}]}}