{"id":120770,"date":"2025-11-27T10:43:10","date_gmt":"2025-11-27T10:43:10","guid":{"rendered":"https:\/\/www.europesays.com\/pl\/120770\/"},"modified":"2025-11-27T10:43:10","modified_gmt":"2025-11-27T10:43:10","slug":"regiojet-zmienia-plany-nie-bedzie-polaczen-warszawa-poznan","status":"publish","type":"post","link":"https:\/\/www.europesays.com\/pl\/120770\/","title":{"rendered":"RegioJet zmienia plany. Nie b\u0119dzie po\u0142\u0105cze\u0144 Warszawa &#8211; Pozna\u0144"},"content":{"rendered":"<p data-start=\"162\" data-end=\"436\">Mimo wcze\u015bniejszych plan\u00f3w rozszerzenia oferty wraz z nowym rozk\u0142adem jazdy, w siatce RegioJet pojawi\u0105 si\u0119 jedynie wybrane po\u0142\u0105czenia krajowe oraz para poci\u0105g\u00f3w Warszawa \u2013 Praga \u2013 Warszawa. Przewo\u017anik nie uruchomi zapowiadanych wcze\u015bniej po\u0142\u0105cze\u0144 z Warszawy do Poznania.<\/p>\n<p data-start=\"438\" data-end=\"678\">Czeski przewo\u017anik RegioJet od po\u0142owy wrze\u015bnia realizuje pilota\u017cowe po\u0142\u0105czenia na trasie Krak\u00f3w \u2013 Warszawa \u2013 Krak\u00f3w. W po\u0142owie listopada na trasie pilota\u017cowej uruchomiono kolejn\u0105 par\u0119 poci\u0105g\u00f3w, a od 14 grudnia mia\u0142y pojawi\u0107 si\u0119 nowe relacje.<\/p>\n<p data-start=\"680\" data-end=\"934\">RegioJet mia\u0142 zaoferowa\u0107 kursy na trasach Warszawa \u2013 Pozna\u0144, Krak\u00f3w \u2013 Warszawa \u2013 Gdynia oraz Warszawa \u2013 Ostrawa \u2013 Praga. Ostatecznie w rozk\u0142adzie znalaz\u0142y si\u0119 jednak tylko po\u0142\u0105czenia \u0142\u0105cz\u0105ce Krak\u00f3w z Gdyni\u0105 oraz wybrane kursy na trasie Krak\u00f3w \u2013 Warszawa.<\/p>\n<p>Krak\u00f3w \u2013 Warszawa \u2013 Gdynia<\/p>\n<p data-start=\"936\" data-end=\"1125\">W relacji Krak\u00f3w G\u0142\u00f3wny \u2013 Gdynia G\u0142\u00f3wna zaplanowano trzy poci\u0105gi z Krakowa (odjazdy o 7:01, 13:29 oraz 17:34) oraz trzy z Gdyni (6:10, 14:10 oraz 20:00 \u2013 ostatni kurs skr\u00f3cony do Warszawy).<\/p>\n<p data-start=\"1127\" data-end=\"1604\">Przewo\u017anik uruchomi tak\u017ce po\u0142\u0105czenia Krak\u00f3w G\u0142\u00f3wny \u2013 Warszawa Wschodnia z odjazdami o 5:17, 9:52 oraz 14:57. W przeciwnym kierunku zaplanowano cztery kursy z Warszawy Centralnej do Krakowa o 5:37, 13:37, 15:29 oraz 19:29.<\/p>\n<p>Warszawa \u2013 Ostrawa \u2013 Praga<\/p>\n<p data-start=\"1127\" data-end=\"1604\">RegioJet potwierdza r\u00f3wnie\u017c uruchomienie od 14 grudnia pary po\u0142\u0105cze\u0144 Warszawa \u2013 Praga \u2013 Warszawa. Poci\u0105g z Pragi (Praha hl. n.) odjedzie o 9:41 i przyjedzie do Warszawy o 18:08. W relacji powrotnej sk\u0142ad wyruszy o 9:05 z Warszawy Wschodniej, o 9:16 z Warszawy Centralnej oraz o 9:21 z Warszawy Zachodniej. Przyjazd na dworzec Praga G\u0142\u00f3wna przewidziano na godz. 18:32.<\/p>\n<p data-start=\"116\" data-end=\"164\">Po\u0142\u0105czenia z Warszawy do Poznania op\u00f3\u017anione<\/p>\n<p data-start=\"166\" data-end=\"504\">Czeski przewo\u017anik planowa\u0142 od 14 grudnia uruchomi\u0107 sze\u015b\u0107 par poci\u0105g\u00f3w \u0142\u0105cz\u0105cych stacje Warszawa Wschodnia i Pozna\u0144 G\u0142\u00f3wny. Wed\u0142ug wyszukiwarki w Portalu Pasa\u017cera odjazdy ze stacji Warszawa Centralna zaplanowano na godz. 6:28, 9:28, 12:28, 14:28, 17:28 oraz 19:28. Po\u0142\u0105czenia z Poznania G\u0142\u00f3wnego odje\u017cd\u017ca\u0142yby o 6:13, 8:11, 10:11, 14:11, 16:11 oraz 18:11.<\/p>\n<p data-start=\"506\" data-end=\"746\">RegioJet t\u0142umaczy przesuni\u0119cie na 1 lutego 2026 r. uruchomienia po\u0142\u0105cze\u0144 na trasie Warszawa \u2013 Pozna\u0144 \u2013 Warszawa wyd\u0142u\u017caj\u0105c\u0105 si\u0119 procedur\u0105 organizacji centralnego zaplecza operacyjnego oraz negocjacjami dotycz\u0105cymi dost\u0119pu do infrastruktury.<\/p>\n<blockquote>\n<p data-start=\"748\" data-end=\"1103\">Przesuni\u0119cie o par\u0119 tygodni ma na celu zminimalizowanie ryzyka i zapewnienie bezproblemowego startu po\u0142\u0105czenia. Od lutego podr\u00f3\u017cni w Poznaniu b\u0119d\u0105 mogli cieszy\u0107 si\u0119 naszymi \u017c\u00f3\u0142tymi, komfortowymi poci\u0105gami z us\u0142ugami najwy\u017cszej klasy, od drugiego najlepszego przewo\u017anika kolejowego w Europie\u201d \u2013 przekaza\u0142a dyrektor generalna RegioJet, Renata Stanislavov\u00e1.<\/p>\n<\/blockquote>\n<p data-start=\"748\" data-end=\"1103\">\u00a0<\/p>\n<p>\u00a0<\/p>\n","protected":false},"excerpt":{"rendered":"Mimo wcze\u015bniejszych plan\u00f3w rozszerzenia oferty wraz z nowym rozk\u0142adem jazdy, w siatce RegioJet pojawi\u0105 si\u0119 jedynie wybrane po\u0142\u0105czenia&hellip;\n","protected":false},"author":2,"featured_media":120771,"comment_status":"","ping_status":"","sticky":false,"template":"","format":"standard","meta":{"footnotes":""},"categories":[16],"tags":[113,112,42,38,40,39,41,1817,1196,435],"class_list":{"0":"post-120770","1":"post","2":"type-post","3":"status-publish","4":"format-standard","5":"has-post-thumbnail","7":"category-biznes","8":"tag-biznes","9":"tag-business","10":"tag-pl","11":"tag-poland","12":"tag-polish","13":"tag-polska","14":"tag-polski","15":"tag-poznan","16":"tag-regiojet","17":"tag-warszawa"},"share_on_mastodon":{"url":"https:\/\/pubeurope.com\/@pl\/115621252462327073","error":""},"_links":{"self":[{"href":"https:\/\/www.europesays.com\/pl\/wp-json\/wp\/v2\/posts\/120770","targetHints":{"allow":["GET"]}}],"collection":[{"href":"https:\/\/www.europesays.com\/pl\/wp-json\/wp\/v2\/posts"}],"about":[{"href":"https:\/\/www.europesays.com\/pl\/wp-json\/wp\/v2\/types\/post"}],"author":[{"embeddable":true,"href":"https:\/\/www.europesays.com\/pl\/wp-json\/wp\/v2\/users\/2"}],"replies":[{"embeddable":true,"href":"https:\/\/www.europesays.com\/pl\/wp-json\/wp\/v2\/comments?post=120770"}],"version-history":[{"count":0,"href":"https:\/\/www.europesays.com\/pl\/wp-json\/wp\/v2\/posts\/120770\/revisions"}],"wp:featuredmedia":[{"embeddable":true,"href":"https:\/\/www.europesays.com\/pl\/wp-json\/wp\/v2\/media\/120771"}],"wp:attachment":[{"href":"https:\/\/www.europesays.com\/pl\/wp-json\/wp\/v2\/media?parent=120770"}],"wp:term":[{"taxonomy":"category","embeddable":true,"href":"https:\/\/www.europesays.com\/pl\/wp-json\/wp\/v2\/categories?post=120770"},{"taxonomy":"post_tag","embeddable":true,"href":"https:\/\/www.europesays.com\/pl\/wp-json\/wp\/v2\/tags?post=120770"}],"curies":[{"name":"wp","href":"https:\/\/api.w.org\/{rel}","templated":true}]}}