{"id":120947,"date":"2025-11-27T12:28:08","date_gmt":"2025-11-27T12:28:08","guid":{"rendered":"https:\/\/www.europesays.com\/pl\/120947\/"},"modified":"2025-11-27T12:28:08","modified_gmt":"2025-11-27T12:28:08","slug":"edyta-geppert-krytykuje-mlodych-wokalistow-wtem-wspomniala-o-kubie-badachu","status":"publish","type":"post","link":"https:\/\/www.europesays.com\/pl\/120947\/","title":{"rendered":"Edyta Geppert krytykuje m\u0142odych wokalist\u00f3w. Wtem wspomnia\u0142a o Kubie Badachu"},"content":{"rendered":"<p class=\"art_paragraph\"><a href=\"https:\/\/www.plotek.pl\/edyta-geppert\" class=\"art_link\" rel=\"dofollow noopener\" target=\"_blank\">Edyta Geppert<\/a> rzadko zabiera g\u0142os publicznie, jednak\u00a0teraz postanowi\u0142a zrobi\u0107 wyj\u0105tek. Artystka\u00a0szczerze oceni\u0142a kondycj\u0119 wsp\u00f3\u0142czesnej sceny muzycznej. Przyzna\u0142a, \u017ce nie przepada za wokalistkami m\u0142odego pokolenia, kt\u00f3re jej zdaniem nie tworz\u0105 niczego nowego i skupiaj\u0105 si\u0119 na niew\u0142a\u015bciwych warto\u015bciach. W pewnym momencie wspomnia\u0142a nawet o <a href=\"https:\/\/www.plotek.pl\/kuba-badach\" class=\"art_link\" rel=\"dofollow noopener\" target=\"_blank\">Kubie Badachu<\/a>. Jakie ma o nim zdanie?<\/p>\n<p>\n    Zobacz wideo Badach o odrzucaniu &#8222;The Voice of Poland&#8221;, trenerach i cieniach bycia aktywnym muzykiem. Tego nie wiedzieli\u015bcie!\n  <\/p>\n<p> Edyta Geppert ostro o m\u0142odych artystkach. Wspomnia\u0142a o Kubie Badachu<\/p>\n<p class=\"art_paragraph\">Edyta Geppert\u00a0w rozmowie z Plejad\u0105 podkre\u015bli\u0142a, \u017ce wiele\u00a0pocz\u0105tkuj\u0105cych wokalistek \u015bpiewa w podobny spos\u00f3b, powielaj\u0105c to, co robi\u0142y ich poprzedniczki. Jej zdaniem brakuje dzi\u015b indywidualno\u015bci i tw\u00f3rczej odwagi. &#8211; Robi\u0105 dok\u0142adnie to samo, i tak samo, jak ich kole\u017canki, kt\u00f3re ju\u017c wcze\u015bniej odnios\u0142y sukces &#8211; stwierdzi\u0142a. Geppert ubolewa\u0142a r\u00f3wnie\u017c nad tym, jak zmieni\u0142y si\u0119 priorytety m\u0142odych ludzi wchodz\u0105cych do bran\u017cy. &#8211; Smuci mnie te\u017c to, \u017ce wi\u0119kszo\u015b\u0107 os\u00f3b wchodz\u0105cych na artystyczn\u0105 drog\u0119, m\u00f3wi o karierze, s\u0142awie i pieni\u0105dzach, a nie o sztuce, pi\u0119knie i dobru. A to w\u0142a\u015bnie te warto\u015bci powinny by\u0107, w moim odczuciu, istot\u0105 dzia\u0142alno\u015bci artysty &#8211; doda\u0142a.<\/p>\n<p class=\"art_paragraph\">Cho\u0107 surowo wypowiada\u0142a si\u0119 o wielu wokalistkach, ma kilku wykonawc\u00f3w, kt\u00f3rych bardzo ceni. W tej samej rozwie wymieni\u0142a nazwiska, kt\u00f3re wed\u0142ug niej reprezentuj\u0105 wysoki poziom. &#8211; Mam na my\u015bli np. <a href=\"https:\/\/www.plotek.pl\/kuba-badach\" class=\"art_link\" rel=\"nofollow noopener\" target=\"_blank\">Kub\u0119 Badacha<\/a>, <a href=\"https:\/\/www.plotek.pl\/mietek-szczesniak\" class=\"art_link\" rel=\"nofollow noopener\" target=\"_blank\">Mietka Szcze\u015bniaka<\/a> i <a href=\"https:\/\/www.plotek.pl\/mrozu\" class=\"art_link\" rel=\"dofollow noopener\" target=\"_blank\">Mroza<\/a>. Bardzo szanuj\u0119 ich dzia\u0142alno\u015b\u0107, lubi\u0119 ich s\u0142ucha\u0107. W\u015br\u00f3d dziewczyn ma\u0142o jest prawdziwych indywidualno\u015bci &#8211; podsumowa\u0142a artystka.\u00a0<\/p>\n<p> Edyta Geppert skrytykowa\u0142a now\u0105 wersj\u0119 jej przeboju. &#8222;To nie powinno si\u0119 zdarzy\u0107&#8221;<\/p>\n<p class=\"art_paragraph\">Geppert wr\u00f3ci\u0142a te\u017c do tematu estrady i tego, dlaczego rzadko pojawia si\u0119 na imprezach bran\u017cowych czy w mediach. &#8211;\u00a0Nie wydaje mi si\u0119, \u017ceby udzielanie wywiad\u00f3w i &#8222;bywanie&#8221; by\u0142o istot\u0105 mojego zawodu. (&#8230;) Wielokrotnie, mimo autoryzacji, redaktorzy zmieniali moje wypowiedzi, a zdarza\u0142o si\u0119 r\u00f3wnie\u017c, \u017ce czyta\u0142am wywiady ze sob\u0105, kt\u00f3rych nie udzieli\u0142am &#8211; wyzna\u0142a. Ponadto wokalistka odnios\u0142a si\u0119 te\u017c do swojego najwi\u0119kszego przeboju &#8222;Szukaj mnie&#8221;. Przyzna\u0142a, \u017ce nie zosta\u0142a zaproszona do nagrania nowej wersji utworu, kt\u00f3ry w ostatnich latach wykonali <a href=\"https:\/\/www.plotek.pl\/ania-rusowicz\" class=\"art_link\" rel=\"dofollow noopener\" target=\"_blank\">Anna Rusowicz<\/a> i <a href=\"https:\/\/www.plotek.pl\/slawek-uniatowski\" class=\"art_link\" rel=\"dofollow noopener\" target=\"_blank\">S\u0142awek Uniatowski<\/a>. Nie ukrywa\u0142a \u017calu. &#8211; Mam do nich \u017cal, \u017ce zmienili tekst. To nie powinno si\u0119 zdarzy\u0107. Poza tym wykonywanie tej piosenki we dwoje wydaje mi si\u0119 kompletnie nieuzasadnione. Ale to zdolni ludzie, wi\u0119c za\u015bpiewali j\u0105 \u0142adnie. Tylko czy zawsze chodzi wy\u0142\u0105cznie o to, by co\u015b \u0142adnie za\u015bpiewa\u0107\u2026? &#8211; zako\u0144czy\u0142a.<\/p>\n","protected":false},"excerpt":{"rendered":"Edyta Geppert rzadko zabiera g\u0142os publicznie, jednak\u00a0teraz postanowi\u0142a zrobi\u0107 wyj\u0105tek. Artystka\u00a0szczerze oceni\u0142a kondycj\u0119 wsp\u00f3\u0142czesnej sceny muzycznej. Przyzna\u0142a, \u017ce&hellip;\n","protected":false},"author":2,"featured_media":120948,"comment_status":"","ping_status":"","sticky":false,"template":"","format":"standard","meta":{"footnotes":""},"categories":[22],"tags":[122,42,38,40,39,41,123],"class_list":{"0":"post-120947","1":"post","2":"type-post","3":"status-publish","4":"format-standard","5":"has-post-thumbnail","7":"category-rozrywka","8":"tag-entertainment","9":"tag-pl","10":"tag-poland","11":"tag-polish","12":"tag-polska","13":"tag-polski","14":"tag-rozrywka"},"share_on_mastodon":{"url":"https:\/\/pubeurope.com\/@pl\/115621665539944804","error":""},"_links":{"self":[{"href":"https:\/\/www.europesays.com\/pl\/wp-json\/wp\/v2\/posts\/120947","targetHints":{"allow":["GET"]}}],"collection":[{"href":"https:\/\/www.europesays.com\/pl\/wp-json\/wp\/v2\/posts"}],"about":[{"href":"https:\/\/www.europesays.com\/pl\/wp-json\/wp\/v2\/types\/post"}],"author":[{"embeddable":true,"href":"https:\/\/www.europesays.com\/pl\/wp-json\/wp\/v2\/users\/2"}],"replies":[{"embeddable":true,"href":"https:\/\/www.europesays.com\/pl\/wp-json\/wp\/v2\/comments?post=120947"}],"version-history":[{"count":0,"href":"https:\/\/www.europesays.com\/pl\/wp-json\/wp\/v2\/posts\/120947\/revisions"}],"wp:featuredmedia":[{"embeddable":true,"href":"https:\/\/www.europesays.com\/pl\/wp-json\/wp\/v2\/media\/120948"}],"wp:attachment":[{"href":"https:\/\/www.europesays.com\/pl\/wp-json\/wp\/v2\/media?parent=120947"}],"wp:term":[{"taxonomy":"category","embeddable":true,"href":"https:\/\/www.europesays.com\/pl\/wp-json\/wp\/v2\/categories?post=120947"},{"taxonomy":"post_tag","embeddable":true,"href":"https:\/\/www.europesays.com\/pl\/wp-json\/wp\/v2\/tags?post=120947"}],"curies":[{"name":"wp","href":"https:\/\/api.w.org\/{rel}","templated":true}]}}