{"id":120998,"date":"2025-11-27T12:55:09","date_gmt":"2025-11-27T12:55:09","guid":{"rendered":"https:\/\/www.europesays.com\/pl\/120998\/"},"modified":"2025-11-27T12:55:09","modified_gmt":"2025-11-27T12:55:09","slug":"oto-najwieksza-rewelacja-ligi-mistrzow-to-nie-zart-przeglad-sportowy-onet","status":"publish","type":"post","link":"https:\/\/www.europesays.com\/pl\/120998\/","title":{"rendered":"Oto najwi\u0119ksza rewelacja Ligi Mistrz\u00f3w! To nie \u017cart &#8211; Przegl\u0105d Sportowy Onet"},"content":{"rendered":"<ol>\n<li><a href=\"https:\/\/news.google.com\/rss\/articles\/CBMiuAFBVV95cUxPTVBXT3Q4ZG1Zd0JiaEJhRmM5UnR0TlVwRGg4RWR5OUgyTHNla0stdGw5SzlKb1NqVjlySUpRUEliZTA5REtBdTZ6UzhYQVhtOXNOOENMVlNXd1dBM09NM0I2V2YteERwVEMtMXNrN1Y5MGVxT3lWM2Q4WTRXOFdBTkRUMW5VOUZDa1MxRVB1WDkyd2dnc0tKUXIwWUJVMXRhNnJlUWZkUFJtdjNmYXBCX0ZjdWp6WjRa?oc=5\" target=\"_blank\" rel=\"nofollow noopener\">Oto najwi\u0119ksza rewelacja Ligi Mistrz\u00f3w! To nie \u017cart<\/a>&nbsp;&nbsp;Przegl\u0105d Sportowy Onet<\/li>\n<li><a href=\"https:\/\/news.google.com\/rss\/articles\/CBMiekFVX3lxTE5nWmNpVUZMb2U5WjBqMmQ5NFNKLWU3SVpEMWoyczBHN1lYVkxIQVJJZlo0QmFXSXpscThadU5zcUhXQmpGVVlIc1JhN1RxVVhSX0E0UURFS2hIS19WS050LU9adUpiblQ2MVI1TzlRS0pLQUkxdEQtY0ln?oc=5\" target=\"_blank\" rel=\"nofollow noopener\">Pafos FC &#8211; AS Monaco<\/a>&nbsp;&nbsp;CANAL+<\/li>\n<li><a href=\"https:\/\/news.google.com\/rss\/articles\/CBMivAFBVV95cUxPTnYwY3lJRlg5VGp3cV9mclgzczl6Sk5aWjJPUHBFYXFvbUxSMS1RSlkzWDEwWTNrY3VoeEI4cVk0LXdWZlZ6MkVGNnZUOTJaUExyNjBqRFdpdlJFNlFGUUs2UThkTlAyaFRSSjF2akEtS2lQUTV5a0k2SkNyWFV2ZDI0a2Qxc29UTkl0VWk2eFNNcEtDVDRObk1sQXhWdF8xS05RRF9MaWtrU1YtNUZ6VFRKVE0ycnZkVXhuSQ?oc=5\" target=\"_blank\" rel=\"nofollow noopener\">Zdoby\u0142 bramk\u0119 w LM i zapisa\u0142 si\u0119 w historii. Wyj\u0105tkowe trafienie weterana<\/a>&nbsp;&nbsp;SportoweFakty<\/li>\n<li><a href=\"https:\/\/news.google.com\/rss\/articles\/CBMitgFBVV95cUxNRWx4TldlQXJhQzRGWnBiVlV0aFRVR1c0WnJ4T0xRUUVURmREM0QzenBwN09BWUZuZUZRS055YUNSS0E0RUlmbkRxOFpLLURzZUY2VE9oYWFKb0xUakpuMVFBV0FMS2ItNFB0cmZHaUJyNEZGQmVIeU80YTRnWEg4am9uWi1WMV9HR2QtRi03enNtbUQ3cWVJM2R3ajVKNWZTLUZfUGxpblpvS3NMNklUS1NzUDlfUQ?oc=5\" target=\"_blank\" rel=\"nofollow noopener\">Cypryjczycy zaskoczyli potentat\u00f3w w Lidze Mistrz\u00f3w. Co za gol Davida Luiza!<\/a>&nbsp;&nbsp;Polskie Radio 24<\/li>\n<li><a href=\"https:\/\/news.google.com\/rss\/articles\/CBMipAFBVV95cUxOVGhnSHNQY0RQR2VDQm1ORGcxSk13Umkybl9LSkRaZVV3Q2hudVlRdm1GTVQ5ZndQb2FOcmpRcnhQSVpwSGFMSFZqVkxDTm1VOGhOWmh1N3ZUa1QwY19WZDBtdVVScEVDcE9TT1FISVJhLTBacldyamlOd3VXSG12aTRvbnMxbFk0cXVNR3VVUDg2ZmkzdTZGWEtld1RMM2hiNTNaeg?oc=5\" target=\"_blank\" rel=\"nofollow noopener\">Czeka\u0142 na gola w LM a\u017c 2961 dni. Wielki powr\u00f3t legendy Pi\u0142ka no\u017cna<\/a>&nbsp;&nbsp;Sport.pl<\/li>\n<\/ol>\n","protected":false},"excerpt":{"rendered":"Oto najwi\u0119ksza rewelacja Ligi Mistrz\u00f3w! To nie \u017cart&nbsp;&nbsp;Przegl\u0105d Sportowy Onet Pafos FC &#8211; AS Monaco&nbsp;&nbsp;CANAL+ Zdoby\u0142 bramk\u0119 w&hellip;\n","protected":false},"author":2,"featured_media":120999,"comment_status":"","ping_status":"","sticky":false,"template":"","format":"standard","meta":{"footnotes":""},"categories":[24],"tags":[67,299,194,25963,42,38,40,39,41,136,128,47,127,135,126,130],"class_list":{"0":"post-120998","1":"post","2":"type-post","3":"status-publish","4":"format-standard","5":"has-post-thumbnail","7":"category-sport","8":"tag-intextvideo_splayer","9":"tag-liga_mistrzow","10":"tag-maja","11":"tag-pafos_fc","12":"tag-pl","13":"tag-poland","14":"tag-polish","15":"tag-polska","16":"tag-polski","17":"tag-ps_detal_new","18":"tag-psv2","19":"tag-screening_general","20":"tag-sport","21":"tag-sport_sport","22":"tag-sports","23":"tag-wiadomosci_sportowe"},"share_on_mastodon":{"url":"https:\/\/pubeurope.com\/@pl\/115621771767727941","error":""},"_links":{"self":[{"href":"https:\/\/www.europesays.com\/pl\/wp-json\/wp\/v2\/posts\/120998","targetHints":{"allow":["GET"]}}],"collection":[{"href":"https:\/\/www.europesays.com\/pl\/wp-json\/wp\/v2\/posts"}],"about":[{"href":"https:\/\/www.europesays.com\/pl\/wp-json\/wp\/v2\/types\/post"}],"author":[{"embeddable":true,"href":"https:\/\/www.europesays.com\/pl\/wp-json\/wp\/v2\/users\/2"}],"replies":[{"embeddable":true,"href":"https:\/\/www.europesays.com\/pl\/wp-json\/wp\/v2\/comments?post=120998"}],"version-history":[{"count":0,"href":"https:\/\/www.europesays.com\/pl\/wp-json\/wp\/v2\/posts\/120998\/revisions"}],"wp:featuredmedia":[{"embeddable":true,"href":"https:\/\/www.europesays.com\/pl\/wp-json\/wp\/v2\/media\/120999"}],"wp:attachment":[{"href":"https:\/\/www.europesays.com\/pl\/wp-json\/wp\/v2\/media?parent=120998"}],"wp:term":[{"taxonomy":"category","embeddable":true,"href":"https:\/\/www.europesays.com\/pl\/wp-json\/wp\/v2\/categories?post=120998"},{"taxonomy":"post_tag","embeddable":true,"href":"https:\/\/www.europesays.com\/pl\/wp-json\/wp\/v2\/tags?post=120998"}],"curies":[{"name":"wp","href":"https:\/\/api.w.org\/{rel}","templated":true}]}}