{"id":121030,"date":"2025-11-27T13:12:10","date_gmt":"2025-11-27T13:12:10","guid":{"rendered":"https:\/\/www.europesays.com\/pl\/121030\/"},"modified":"2025-11-27T13:12:10","modified_gmt":"2025-11-27T13:12:10","slug":"praca-w-wigilie-nawet-100-tysiecy-zl-kary","status":"publish","type":"post","link":"https:\/\/www.europesays.com\/pl\/121030\/","title":{"rendered":"Praca w Wigili\u0119? Nawet 100 tysi\u0119cy z\u0142 kary"},"content":{"rendered":"<p>Wigilia w\u00a02025 roku b\u0119dzie mia\u0142a znaczenie historyczne dla milion\u00f3w pracownik\u00f3w w\u00a0Polsce. Po raz pierwszy zostaje uznana za dzie\u0144 ustawowo wolny od pracy. Decyzja ta jest owocem d\u0142ugoletnich stara\u0144 zwi\u0105zk\u00f3w zawodowych i\u00a0licznych dyskusji politycznych. Dla wielu to szansa na pe\u0142ne \u015bwi\u0119towanie z\u00a0rodzin\u0105, wolne od zawodowych obowi\u0105zk\u00f3w.<\/p>\n<p>Jak podkre\u015bla warszawawpigulce, Pa\u0144stwowa Inspekcja Pracy zapowiedzia\u0142a rygorystyczne kontrole. Przedsi\u0119biorcy, kt\u00f3rzy zdecyduj\u0105 si\u0119 pracowa\u0107 w\u00a0handlu podczas Wigilii, mog\u0105 zosta\u0107 ukarani grzywn\u0105 od 1000 z\u0142 do nawet 100 tys. z\u0142.<\/p>\n<p>Wysoko\u015b\u0107 kar ma odstraszy\u0107 szczeg\u00f3lnie du\u017ce sieci handlowe, kt\u00f3re wcze\u015bniej preferowa\u0142y zarabianie kosztem pracownik\u00f3w.<\/p>\n<p>Mimo og\u00f3lnego zakazu, w\u0142a\u015bciciele ma\u0142ych sklep\u00f3w maj\u0105 pewne mo\u017cliwo\u015bci. Mog\u0105 oni pracowa\u0107 osobi\u015bcie lub z\u00a0pomoc\u0105 rodziny, pod warunkiem, \u017ce bliscy nie s\u0105 formalnie zatrudnieni. To umo\u017cliwia funkcjonowanie ma\u0142ym, rodzinnym przedsi\u0119biorstwom, kt\u00f3re zachowuj\u0105 elastyczno\u015b\u0107 w\u00a0zarz\u0105dzaniu.<\/p>\n<p>Inspektorzy b\u0119d\u0105 mieli mo\u017cliwo\u015b\u0107 wej\u015bcia do ka\u017cdej plac\u00f3wki handlowej bez wcze\u015bniejszego zapowiedzenia. Nie musz\u0105 posiada\u0107 zgody w\u0142a\u015bciciela ani nakazu s\u0105dowego. Je\u015bli odkryj\u0105 niezgodno\u015b\u0107 z\u00a0przepisami, natychmiast wystawiaj\u0105 mandat.<\/p>\n<blockquote><p>Przedsi\u0119biorca, kt\u00f3ry powierzy prac\u0119 w\u00a0handlu w\u00a0Wigili\u0119, gdy nie podlega pod \u017caden z\u00a0ustawowych wyj\u0105tk\u00f3w, nara\u017ca si\u0119 na grzywn\u0119 w\u00a0wysoko\u015bci od 1000 do nawet 100 tysi\u0119cy z\u0142otych &#8211;\u00a0ostrzega PIP w\u00a0oficjalnym komunikacie.<\/p><\/blockquote>\n<p>Polscy pracownicy po raz pierwszy b\u0119d\u0105 mieli okazj\u0119 cieszy\u0107 si\u0119 pe\u0142n\u0105 Wigili\u0105 z\u00a0rodzin\u0105, co staje si\u0119 mo\u017cliwe dzi\u0119ki nowelizacji Kodeksu pracy. <\/p>\n<p>Z\u00a0jednej strony u\u0142atwia to planowanie czasu \u015bwi\u0105tecznego, z\u00a0drugiej jednak wymaga od przedsi\u0119biorc\u00f3w przemy\u015blenia strategii dzia\u0142ania, aby nie narazi\u0107 si\u0119 na wysokie kary i\u00a0prawne konsekwencje.<\/p>\n","protected":false},"excerpt":{"rendered":"Wigilia w\u00a02025 roku b\u0119dzie mia\u0142a znaczenie historyczne dla milion\u00f3w pracownik\u00f3w w\u00a0Polsce. Po raz pierwszy zostaje uznana za dzie\u0144&hellip;\n","protected":false},"author":2,"featured_media":121031,"comment_status":"","ping_status":"","sticky":false,"template":"","format":"standard","meta":{"footnotes":""},"categories":[16],"tags":[113,112,42,38,40,39,41],"class_list":{"0":"post-121030","1":"post","2":"type-post","3":"status-publish","4":"format-standard","5":"has-post-thumbnail","7":"category-biznes","8":"tag-biznes","9":"tag-business","10":"tag-pl","11":"tag-poland","12":"tag-polish","13":"tag-polska","14":"tag-polski"},"share_on_mastodon":{"url":"https:\/\/pubeurope.com\/@pl\/115621838974255956","error":""},"_links":{"self":[{"href":"https:\/\/www.europesays.com\/pl\/wp-json\/wp\/v2\/posts\/121030","targetHints":{"allow":["GET"]}}],"collection":[{"href":"https:\/\/www.europesays.com\/pl\/wp-json\/wp\/v2\/posts"}],"about":[{"href":"https:\/\/www.europesays.com\/pl\/wp-json\/wp\/v2\/types\/post"}],"author":[{"embeddable":true,"href":"https:\/\/www.europesays.com\/pl\/wp-json\/wp\/v2\/users\/2"}],"replies":[{"embeddable":true,"href":"https:\/\/www.europesays.com\/pl\/wp-json\/wp\/v2\/comments?post=121030"}],"version-history":[{"count":0,"href":"https:\/\/www.europesays.com\/pl\/wp-json\/wp\/v2\/posts\/121030\/revisions"}],"wp:featuredmedia":[{"embeddable":true,"href":"https:\/\/www.europesays.com\/pl\/wp-json\/wp\/v2\/media\/121031"}],"wp:attachment":[{"href":"https:\/\/www.europesays.com\/pl\/wp-json\/wp\/v2\/media?parent=121030"}],"wp:term":[{"taxonomy":"category","embeddable":true,"href":"https:\/\/www.europesays.com\/pl\/wp-json\/wp\/v2\/categories?post=121030"},{"taxonomy":"post_tag","embeddable":true,"href":"https:\/\/www.europesays.com\/pl\/wp-json\/wp\/v2\/tags?post=121030"}],"curies":[{"name":"wp","href":"https:\/\/api.w.org\/{rel}","templated":true}]}}