{"id":121036,"date":"2025-11-27T13:15:15","date_gmt":"2025-11-27T13:15:15","guid":{"rendered":"https:\/\/www.europesays.com\/pl\/121036\/"},"modified":"2025-11-27T13:15:15","modified_gmt":"2025-11-27T13:15:15","slug":"polski-konsulat-w-irkucku-rosja-podjela-decyzje","status":"publish","type":"post","link":"https:\/\/www.europesays.com\/pl\/121036\/","title":{"rendered":"Polski konsulat w Irkucku. Rosja podj\u0119\u0142a decyzj\u0119"},"content":{"rendered":"<p>Rosyjski MSZ og\u0142osi\u0142 decyzj\u0119 o zamkni\u0119ciu polskie konsulatu w Irkucku w czwartek rano. Dodano, \u017ce s\u0105 to &#8222;\u015brodki odwetowe&#8221; po dzia\u0142aniach strony polskiej, kt\u00f3ra zdecydowa\u0142a o zamkni\u0119ciu ostatniego rosyjskiego konsulatu w Polsce.<\/p>\n<p>\u00a0<\/p>\n<p>&#8222;Ambasador Polski w Rosji Krzysztof Krajewski\u00a0otrzyma\u0142 notatk\u0119 w sprawie zamkni\u0119cia Konsulatu Generalnego w Irkucku&#8221; &#8211; przekaza\u0142 w kr\u00f3tkim komunikacie rosyjski resort spraw zagranicznych.\u00a0Do zamkni\u0119cia polskiej plac\u00f3wki ma doj\u015b\u0107 z dniem 30 grudnia.<\/p>\n<p>\u00a0<\/p>\n<p>Moskwa uzna\u0142a decyzj\u0119 Polski o zamkni\u0119ciu rosyjskiego konsulatu w Gda\u0144sku za czyn &#8222;otwarcie wrogi&#8221; i &#8222;nieuzasadniony&#8221;.<\/p>\n<p>Rosja zamyka polski konsulat w Irkucku. Siergiej \u0141awrow wezwa\u0142 polskiego dyplomat\u0119<\/p>\n<p>&#8222;Strona rosyjska ponownie przypomina tym, kt\u00f3rzy ze wzgl\u0119du na chwilow\u0105 sytuacj\u0119 polityczn\u0105 d\u0105\u017c\u0105 do nieprzyjaznych atak\u00f3w na nasz kraj: Federacja Rosyjska nie pozostawi takich dzia\u0142a\u0144 bez odpowiedniej, bolesnej reakcji&#8221; &#8211; poinformowa\u0142o rosyjskie MSZ.<\/p>\n<p>\u00a0<\/p>\n<p>Rzecznik MSZ Maciej Wewi\u00f3r powiedzia\u0142 PAP, \u017ce zamkni\u0119cie przez Rosj\u0119 Konsulatu Generalnego RP w Irkucku jest krokiem, kt\u00f3rego strona polska si\u0119 spodziewa\u0142a. Przekaza\u0142, \u017ce zadania tej plac\u00f3wki przejmie od nowego roku polski wydzia\u0142 konsularny w Moskwie.<\/p>\n<p>\u00a0<\/p>\n<p>ZOBACZ: <a href=\"https:\/\/www.polsatnews.pl\/wiadomosc\/2025-08-12\/rosja-planuje-dewastacje-cmentarza-ofiar-zbrodni-katynskiej-stanowczy-protest-ipn\/\" target=\"_blank\" rel=\"noopener noreferrer nofollow\">Rosja planuje dewastacje cmentarza ofiar Zbrodni Katy\u0144skiej. Stanowczy protest IPN<\/a><\/p>\n<p>\u00a0<\/p>\n<p>&#8211; Spodziewali\u015bmy si\u0119 tego &#8211; powiedzia\u0142 minister spraw wewn\u0119trznych i administracji Tomasz Siemoniak zapytany o decyzj\u0119 Rosji. &#8211; Ten konsulat pe\u0142ni\u0142 wa\u017cn\u0105 funkcj\u0119 zwi\u0105zan\u0105 z Polakami, kt\u00f3rzy tam \u017cyj\u0105 &#8211; doda\u0142.<\/p>\n<p>\u00a0<\/p>\n<p>Minister przekaza\u0142, \u017ce jest to reakcja na dzia\u0142ania strony polskiej. &#8211; Nie mieli\u015bmy w\u0105tpliwo\u015bci, \u017ce to Rosja inspirowa\u0142a akty dywersji na polskiej kolei &#8211; wyja\u015bni\u0142.<\/p>\n<p>Konsulat Rosji w Gda\u0144sku zamkni\u0119ty. To decyzja po aktach dywersji na kolei<\/p>\n<p>19 listopada\u00a0szef MSZ Rados\u0142aw Sikorski og\u0142osi\u0142 zamkni\u0119cie ostatniego rosyjskiego konsulatu w Polsce &#8211; plac\u00f3wki w Gda\u0144sku. B\u0119dzie on dzia\u0142a\u0142 do 23 grudnia.<\/p>\n<p>\u00a0<\/p>\n<p>&#8222;Zgodnie z zapowiedzi\u0105 ministra spraw zagranicznych Rados\u0142awa Sikorskiego MSZ przekaza\u0142o not\u0119 o cofni\u0119ciu zgody na funkcjonowanie w RP Konsulatu Rosji w Gda\u0144sku &#8211; ostatniego na terytorium Polski. Oznacza to te\u017c konieczno\u015b\u0107 opuszczenia naszego kraju przez ca\u0142y jego personel&#8221; &#8211; napisa\u0142 p\u00f3\u017aniej na platformie X rzecznik resortu Maciej Wewi\u00f3r.<\/p>\n<p>\u00a0<\/p>\n<p>Doda\u0142, \u017ce podczas spotkania przekazano r\u00f3wnie\u017c &#8222;stanowczy protest wobec usuni\u0119cia przez stron\u0119 rosyjsk\u0105 p\u0142askorze\u017ab z cmentarza w Katyniu &#8211; miejsca pami\u0119ci o tragicznych wydarzeniach w 1940 roku&#8221;.<\/p>\n<p>\u00a0<\/p>\n<p>ZOBACZ:\u00a0<a href=\"https:\/\/www.polsatnews.pl\/wiadomosc\/2025-11-19\/kreml-o-decyzji-polskiego-msz-brak-rozsadku\/\" target=\"_blank\" rel=\"noopener noreferrer nofollow\">Kreml o decyzji polskiego MSZ. &#8222;Stosunki z Polsk\u0105 uleg\u0142y ca\u0142kowitej degradacji&#8221;<\/a><\/p>\n<p>\u00a0<\/p>\n<p>Na trasie Warszawa &#8211; Dorohusk w pierwszej po\u0142owie listopada dosz\u0142o do dw\u00f3ch akt\u00f3w dywersji, kt\u00f3re powa\u017cnie zak\u0142\u00f3ci\u0142y ruch kolejowy. wykonali je dzia\u0142aj\u0105cy na zlecenie rosyjskich s\u0142u\u017cb dwaj Ukrai\u0144cy.<\/p>\n<p>\u00a0<\/p>\n<p>Pierwszy incydent mia\u0142 miejsce w pobli\u017cu miejscowo\u015bci Mika, gdzie eksplozja \u0142adunku wybuchowego zniszczy\u0142a tor kolejowy. Drugi zdarzy\u0142 si\u0119 niedaleko stacji Go\u0142\u0105b, gdzie poci\u0105g z 475 pasa\u017cerami musia\u0142 gwa\u0142townie hamowa\u0107 z powodu uszkodzonej sieci trakcyjnej.<\/p>\n<p>\u00a0<\/p>\n<p>Widzia\u0142e\u015b co\u015b wa\u017cnego? Przy\u015blij zdj\u0119cie, film lub napisz, co si\u0119 sta\u0142o. Skorzystaj z naszej <a href=\"https:\/\/www.polsatnews.pl\/platforma-widzow\/\" target=\"_blank\" rel=\"noopener noreferrer nofollow\">Wrzutni<\/a><\/p>\n<p>                <a class=\"news__read-more-button\" href=\"https:\/\/www.polsatnews.pl\/\" rel=\"nofollow noopener\" target=\"_blank\">Czytaj wi\u0119cej<\/a><\/p>\n","protected":false},"excerpt":{"rendered":"Rosyjski MSZ og\u0142osi\u0142 decyzj\u0119 o zamkni\u0119ciu polskie konsulatu w Irkucku w czwartek rano. Dodano, \u017ce s\u0105 to &#8222;\u015brodki&hellip;\n","protected":false},"author":2,"featured_media":121037,"comment_status":"","ping_status":"","sticky":false,"template":"","format":"standard","meta":{"footnotes":""},"categories":[5],"tags":[32,33,36,37,27,34,35,28,31,25,42,38,40,39,41,29,30,26],"class_list":{"0":"post-121036","1":"post","2":"type-post","3":"status-publish","4":"format-standard","5":"has-post-thumbnail","7":"category-naglowki","8":"tag-breaking-news","9":"tag-breakingnews","10":"tag-featured-news","11":"tag-featurednews","12":"tag-headlines","13":"tag-latest-news","14":"tag-latestnews","15":"tag-naglowki","16":"tag-najwazniejsze-artykuly","17":"tag-news","18":"tag-pl","19":"tag-poland","20":"tag-polish","21":"tag-polska","22":"tag-polski","23":"tag-top-stories","24":"tag-topstories","25":"tag-wiadomosci"},"share_on_mastodon":{"url":"https:\/\/pubeurope.com\/@pl\/115621850202852605","error":""},"_links":{"self":[{"href":"https:\/\/www.europesays.com\/pl\/wp-json\/wp\/v2\/posts\/121036","targetHints":{"allow":["GET"]}}],"collection":[{"href":"https:\/\/www.europesays.com\/pl\/wp-json\/wp\/v2\/posts"}],"about":[{"href":"https:\/\/www.europesays.com\/pl\/wp-json\/wp\/v2\/types\/post"}],"author":[{"embeddable":true,"href":"https:\/\/www.europesays.com\/pl\/wp-json\/wp\/v2\/users\/2"}],"replies":[{"embeddable":true,"href":"https:\/\/www.europesays.com\/pl\/wp-json\/wp\/v2\/comments?post=121036"}],"version-history":[{"count":0,"href":"https:\/\/www.europesays.com\/pl\/wp-json\/wp\/v2\/posts\/121036\/revisions"}],"wp:featuredmedia":[{"embeddable":true,"href":"https:\/\/www.europesays.com\/pl\/wp-json\/wp\/v2\/media\/121037"}],"wp:attachment":[{"href":"https:\/\/www.europesays.com\/pl\/wp-json\/wp\/v2\/media?parent=121036"}],"wp:term":[{"taxonomy":"category","embeddable":true,"href":"https:\/\/www.europesays.com\/pl\/wp-json\/wp\/v2\/categories?post=121036"},{"taxonomy":"post_tag","embeddable":true,"href":"https:\/\/www.europesays.com\/pl\/wp-json\/wp\/v2\/tags?post=121036"}],"curies":[{"name":"wp","href":"https:\/\/api.w.org\/{rel}","templated":true}]}}