{"id":121058,"date":"2025-11-27T13:28:19","date_gmt":"2025-11-27T13:28:19","guid":{"rendered":"https:\/\/www.europesays.com\/pl\/121058\/"},"modified":"2025-11-27T13:28:19","modified_gmt":"2025-11-27T13:28:19","slug":"wizja-jasnowidza-jackowskiego-specjalne-zadanie-usa-dla-polski","status":"publish","type":"post","link":"https:\/\/www.europesays.com\/pl\/121058\/","title":{"rendered":"Wizja jasnowidza Jackowskiego. &#8222;Specjalne zadanie USA dla Polski&#8221;"},"content":{"rendered":"<p class=\"hyphenate \" data-text-len=\"364\" data-scroll=\"paragraph_2\">Jasnowidz Krzysztof Jackowski na swoim kanale na YouTubie dzieli si\u0119 swoimi wizjami na temat Polski oraz \u015bwiata. W wielu z nich wypowiada si\u0119 na temat konflikt\u00f3w, jakie maj\u0105 miejsce na Bliskim Wschodzie, jak i w <a href=\"https:\/\/www.dziennik.pl\/tagi\/ukraina\" id=\"c6cff515-8cf6-4e33-aaad-0e9e8141cdbd\" title=\"Ukraina\" rel=\"nofollow noopener\" target=\"_blank\">Ukrainie<\/a>.<\/p>\n<p>    Wizja jasnowidza Jackowskiego. Czego boi si\u0119 Trump?<\/p>\n<p class=\"hyphenate \" data-text-len=\"380\" data-scroll=\"paragraph_4\">Od pewnego czasu porusza r\u00f3wnie\u017c tematy zwi\u0105zane z Donaldem Trumpem czy Wladimirem Putinem. W jednej ze swoich najnowszych wizji jasnowidz Jackowski wspomnia\u0142 o tym, \u017ce <a href=\"https:\/\/www.dziennik.pl\/tagi\/donald-trump\" id=\"252ff091-ebde-47df-be7f-df8c2aa836a4\" title=\"Donald Trump\" rel=\"nofollow noopener\" target=\"_blank\">Donald Trump<\/a> ma \u015bwiadomo\u015b\u0107 tego, \u017ce destabilizacja na ca\u0142ym \u015bwiecie ro\u015bnie.<\/p>\n<p class=\"hyphenate \" data-text-len=\"838\" data-scroll=\"paragraph_6\">Trzy miejsca na \u015bwiecie \u2013 to b\u0119d\u0105 linie frontu. <a href=\"https:\/\/www.dziennik.pl\/tagi\/donald-trump\" id=\"b4498768-3c85-46eb-88d5-3da92be63c92\" title=\"Donald Trump\" rel=\"nofollow noopener\" target=\"_blank\">Trump<\/a> wie, \u017ce powstan\u0105 trzy ogniska wojenne. My\u015bli o poszerzeniu frontu ukrai\u0144skiego\u2026 a \u017ceby go wzmocni\u0107, trzeba wys\u0142a\u0107 tam wojsko &#8211; wieszczy jasnowidz Jackowski. Dodaje, \u017ce Trump my\u015bli o aresztowaniu polityk\u00f3w zar\u00f3wno za zdrad\u0119, jak i korupcj\u0119. B\u0119dziemy zaskoczeni. Trump nie chce wojny, on si\u0119 boi wielkiej wojny. Robi du\u017co pozor\u00f3w, ale tej prawdziwej wojny si\u0119 boi i to go hamuje. My\u015bli o spreparowanym ataku na Izrael. Spreparowany nag\u0142y atak na Izrael \u2013 to b\u0119dzie sygna\u0142 do pocz\u0105tku III wojny \u015bwiatowej &#8211; przepowiada Jackowski.<\/p>\n<p>    Przepowiednia jasnowidza Jackowskiego. &#8222;Specjalne zadanie dla Polski&#8221;<\/p>\n<p class=\"hyphenate \" data-text-len=\"485\" data-scroll=\"paragraph_8\">W jednej z najnowszych wizji jasnowidz Jackowski m\u00f3wi te\u017c o &#8222;specjalnym zadaniu USA dla Polski&#8221;. M\u00f3wi, \u017ce <a href=\"https:\/\/www.dziennik.pl\/tagi\/donald-tusk\" id=\"85abf52d-48bf-47fe-ac77-a7ddaa8f88b2\" title=\"Donald Tusk\" rel=\"nofollow noopener\" target=\"_blank\">Donald Tusk<\/a> obawia si\u0119 rzekomych plan\u00f3w Stan\u00f3w Zjednoczonych. Ameryka ma specjalne zadanie dla Polski na ten czas. I on my\u015bli, \u017ce te dzia\u0142ania mog\u0105 Polsce bardzo zaszkodzi\u0107 &#8211; uwa\u017ca jasnowidz Jackowski.<\/p>\n<p>    Jasnowidz Jackowski m\u00f3wi o Putinie i &#8222;czarnych dniach&#8221;<\/p>\n<p class=\"hyphenate \" data-text-len=\"380\" data-scroll=\"paragraph_10\">W jego wizji pojawia si\u0119 r\u00f3wnie\u017c posta\u0107 Wladimira Putina. Z pocz\u0105tkiem grudnia nastan\u0105 czarne dni. Nie wiem, czy dla Putina, czy przez Putina &#8211; twierdzi jasnowidz z Cz\u0142uchowa. Czy ta wizja si\u0119 sprawdzi? Czas poka\u017ce. Warto tak\u017ce mie\u0107 na uwadze fakt, \u017ce to tylko wizje, kt\u00f3re cz\u0119sto nie maj\u0105 prze\u0142o\u017cenia na rzeczywisto\u015b\u0107.<\/p>\n","protected":false},"excerpt":{"rendered":"Jasnowidz Krzysztof Jackowski na swoim kanale na YouTubie dzieli si\u0119 swoimi wizjami na temat Polski oraz \u015bwiata. W&hellip;\n","protected":false},"author":2,"featured_media":121059,"comment_status":"","ping_status":"","sticky":false,"template":"","format":"standard","meta":{"footnotes":""},"categories":[12],"tags":[32,33,36,37,27,34,35,28,31,25,42,38,40,39,41,29,30,26],"class_list":{"0":"post-121058","1":"post","2":"type-post","3":"status-publish","4":"format-standard","5":"has-post-thumbnail","7":"category-polska","8":"tag-breaking-news","9":"tag-breakingnews","10":"tag-featured-news","11":"tag-featurednews","12":"tag-headlines","13":"tag-latest-news","14":"tag-latestnews","15":"tag-naglowki","16":"tag-najwazniejsze-artykuly","17":"tag-news","18":"tag-pl","19":"tag-poland","20":"tag-polish","21":"tag-polska","22":"tag-polski","23":"tag-top-stories","24":"tag-topstories","25":"tag-wiadomosci"},"share_on_mastodon":{"url":"https:\/\/pubeurope.com\/@pl\/115621901647911186","error":""},"_links":{"self":[{"href":"https:\/\/www.europesays.com\/pl\/wp-json\/wp\/v2\/posts\/121058","targetHints":{"allow":["GET"]}}],"collection":[{"href":"https:\/\/www.europesays.com\/pl\/wp-json\/wp\/v2\/posts"}],"about":[{"href":"https:\/\/www.europesays.com\/pl\/wp-json\/wp\/v2\/types\/post"}],"author":[{"embeddable":true,"href":"https:\/\/www.europesays.com\/pl\/wp-json\/wp\/v2\/users\/2"}],"replies":[{"embeddable":true,"href":"https:\/\/www.europesays.com\/pl\/wp-json\/wp\/v2\/comments?post=121058"}],"version-history":[{"count":0,"href":"https:\/\/www.europesays.com\/pl\/wp-json\/wp\/v2\/posts\/121058\/revisions"}],"wp:featuredmedia":[{"embeddable":true,"href":"https:\/\/www.europesays.com\/pl\/wp-json\/wp\/v2\/media\/121059"}],"wp:attachment":[{"href":"https:\/\/www.europesays.com\/pl\/wp-json\/wp\/v2\/media?parent=121058"}],"wp:term":[{"taxonomy":"category","embeddable":true,"href":"https:\/\/www.europesays.com\/pl\/wp-json\/wp\/v2\/categories?post=121058"},{"taxonomy":"post_tag","embeddable":true,"href":"https:\/\/www.europesays.com\/pl\/wp-json\/wp\/v2\/tags?post=121058"}],"curies":[{"name":"wp","href":"https:\/\/api.w.org\/{rel}","templated":true}]}}