{"id":121060,"date":"2025-11-27T13:29:10","date_gmt":"2025-11-27T13:29:10","guid":{"rendered":"https:\/\/www.europesays.com\/pl\/121060\/"},"modified":"2025-11-27T13:29:10","modified_gmt":"2025-11-27T13:29:10","slug":"szef-mswia-o-tym-co-czeka-zbigniewa-ziobre-to-jest-obowiazek","status":"publish","type":"post","link":"https:\/\/www.europesays.com\/pl\/121060\/","title":{"rendered":"Szef MSWiA o tym, co czeka Zbigniewa Ziobr\u0119. &#8222;To jest obowi\u0105zek&#8221;"},"content":{"rendered":"<p class=\"ods-c-paragraph \">Minister spraw wewn\u0119trznych i administracji <a href=\"https:\/\/wiadomosci.onet.pl\/marcin-kierwinski-polityk\" id=\"0a43332e-bd25-408a-9e4f-44837c9d078d\" rel=\"nofollow noopener\" target=\"_blank\">Marcin Kierwi\u0144ski<\/a> pojawi\u0142 si\u0119 w \u015brod\u0119 wieczorem w programie &#8222;Go\u015b\u0107 Wydarze\u0144&#8221; stacji Polsat News. Jednym z g\u0142\u00f3wnych temat\u00f3w rozmowy polityka z prowadz\u0105cym by\u0142a sprawa Zbigniewa Ziobry, kt\u00f3ry od kilku tygodni przebywa na W\u0119grzech. Dziennikarz Piotr Witwicki wprost zapyta\u0142 szefa MSWiA, czy rz\u0105d ma pomys\u0142, jak \u015bci\u0105gn\u0105\u0107 z powrotem do Polski by\u0142ego ministra sprawiedliwo\u015bci. <\/p>\n<p>Dalszy ci\u0105g artyku\u0142u pod materia\u0142em wideo<\/p>\n<p> Jakie przest\u0119pstwa pope\u0142ni\u0142 Zbigniew Ziobro? <\/p>\n<p> Dlaczego Zbigniew Ziobro opu\u015bci\u0142 Polsk\u0119? <\/p>\n<p> Jakie dzia\u0142ania mo\u017ce podj\u0105\u0107 rz\u0105d w sprawie Zbigniewa Ziobry? <\/p>\n<p> Co powiedzia\u0142 Marcin Kierwi\u0144ski o sytuacji Zbigniewa Ziobry? <\/p>\n<blockquote class=\"ods-o-quota\">\n<p class=\"ods-o-quota__paragraph\">To jest obowi\u0105zek pa\u0144stwa polskiego, aby ka\u017cd\u0105 osob\u0119, kt\u00f3ra pope\u0142ni\u0142a przest\u0119pstwa, doprowadzi\u0107 przed wymiar sprawiedliwo\u015bci [&#8230;]. Nie m\u00f3wi\u0119, \u017ce to b\u0119dzie \u0142atwe, ani te\u017c nie chc\u0119 powiedzie\u0107, \u017ce zdarzy si\u0119 jutro, pojutrze, czy za tydzie\u0144<\/p>\n<\/blockquote>\n<p class=\"ods-c-paragraph \">\u2014 powiedzia\u0142 w programie &#8222;Go\u015b\u0107 Wydarze\u0144&#8221; Marcin Kierwi\u0144ski.<\/p>\n<blockquote class=\"ods-o-quota\">\n<p class=\"ods-o-quota__paragraph\">Ale tak: by\u0142y minister Zbigniew Ziobro trafi przed polski wymiar sprawiedliwo\u015bci [&#8230;], jak tylko b\u0119dzie to mo\u017cliwe<\/p>\n<\/blockquote>\n<p class=\"ods-c-paragraph \">\u2014 doda\u0142.<\/p>\n<p>Szef MSWiA broni s\u0142u\u017cby. Chodzi o spraw\u0119 Zbigniewa Ziobry<\/p>\n<p class=\"ods-c-paragraph \">Szef MSWiA zaznaczy\u0142 przy tym, \u017ce opuszczenie Polski przez Zbigniewa Ziobr\u0119 nie jest win\u0105 s\u0142u\u017cb, poniewa\u017c polityk PiS wyjecha\u0142 z kraju, jeszcze zanim zabrano mu immunitet poselski. Gdy go jeszcze posiada\u0142, nie mo\u017cna go by\u0142o zatrzyma\u0107 w Polsce.<\/p>\n<blockquote class=\"ods-o-quota\">\n<p class=\"ods-o-quota__paragraph\">\u017badna s\u0142u\u017cba nie b\u0119dzie podejmowa\u0107 dzia\u0142a\u0144 wobec jakiegokolwiek obywatela niezgodnie z polskim prawem<\/p>\n<\/blockquote>\n<p class=\"ods-c-paragraph \">\u2014 podkre\u015bli\u0142 minister Kierwi\u0144ski.<\/p>\n<p>Zbigniew Ziobro jest g\u0142\u00f3wnym podejrzanym w aferze Funduszu Sprawiedliwo\u015bci<\/p>\n<p class=\"ods-c-paragraph \"><a href=\"https:\/\/wiadomosci.onet.pl\/zbigniew-ziobro-polityk\" id=\"35df4406-0e54-4d51-aee5-9e45428aadcf\" rel=\"nofollow noopener\" target=\"_blank\">Zbigniew Ziobro<\/a> podejrzewany jest przez prokuratur\u0119 o pope\u0142nienie 26 przest\u0119pstw zwi\u0105zanych z wydatkowaniem \u015brodk\u00f3w z <a href=\"https:\/\/wiadomosci.onet.pl\/fundusz-sprawiedliwosci\" id=\"bef2d33d-e252-41c6-986f-65838a6ded72\" rel=\"nofollow noopener\" target=\"_blank\">Funduszu Sprawiedliwo\u015bci<\/a>, w tym kierowanie zorganizowan\u0105 grup\u0105 przest\u0119pcz\u0105. 7 listopada br. Sejm uchyli\u0142 immunitet by\u0142emu ministrowi sprawiedliwo\u015bci w odniesieniu do wszystkich zarzut\u00f3w, kt\u00f3re chce mu postawi\u0107 prokuratura. Wyrazi\u0142 r\u00f3wnie\u017c zgod\u0119 na jego zatrzymanie i aresztowanie.<\/p>\n<p class=\"ods-c-paragraph \"><a href=\"https:\/\/wiadomosci.onet.pl\/swiat\/viktor-orban-spotkal-sie-ze-zbigniewem-ziobra-polski-rzad-chce-go-aresztowac\/dbywy2q\" id=\"68a6f496-e261-4f91-b47a-1a0779dc6654\" rel=\"nofollow noopener\" target=\"_blank\">Pod koniec pa\u017adziernika Zbigniew Ziobro przekaza\u0142, \u017ce przebywa na W\u0119grzech, gdzie spotka\u0142 si\u0119 z premierem Viktorem Orbanem<\/a>. W zwi\u0105zku z tym polskie organy \u015bcigania maj\u0105, jak na razie, zwi\u0105zane r\u0119ce. Niedawno <a href=\"https:\/\/wiadomosci.onet.pl\/kraj\/ziobro-o-zabezpieczeniu-majatku-przez-prokurature-kolejny-akt-zemsty\/2z36mqj\" id=\"27d09c3e-b519-406c-8dc7-5d552e2324fe\" rel=\"nofollow noopener\" target=\"_blank\">prokurator prowadz\u0105cy \u015bledztwo zarz\u0105dzi\u0142 wobec polityka zabezpieczenie maj\u0105tkowe<\/a>. <a href=\"https:\/\/wiadomosci.onet.pl\/kraj\/prywatny-paszport-zbigniewa-ziobry-prokuratura-chce-go-uniewaznic\/gelpm3m\" id=\"439ac902-b71f-436f-9036-cfc8854f7e89\" rel=\"nofollow noopener\" target=\"_blank\">Ponadto stara si\u0119 uniewa\u017cni\u0107 prywatny paszport Zbigniewa Ziobry<\/a>, dzi\u0119ki kt\u00f3remu mo\u017ce swobodnie porusza\u0107 si\u0119 poza stref\u0105 Schengen.<\/p>\n","protected":false},"excerpt":{"rendered":"Minister spraw wewn\u0119trznych i administracji Marcin Kierwi\u0144ski pojawi\u0142 si\u0119 w \u015brod\u0119 wieczorem w programie &#8222;Go\u015b\u0107 Wydarze\u0144&#8221; stacji Polsat&hellip;\n","protected":false},"author":2,"featured_media":121061,"comment_status":"","ping_status":"","sticky":false,"template":"","format":"standard","meta":{"footnotes":""},"categories":[5],"tags":[32,33,36,37,5168,27,49,34,35,1680,28,31,48,25,46,42,38,40,39,41,47,2606,29,30,2670,26,2037],"class_list":{"0":"post-121060","1":"post","2":"type-post","3":"status-publish","4":"format-standard","5":"has-post-thumbnail","7":"category-naglowki","8":"tag-breaking-news","9":"tag-breakingnews","10":"tag-featured-news","11":"tag-featurednews","12":"tag-fundusz_sprawiedliwosci","13":"tag-headlines","14":"tag-kraj","15":"tag-latest-news","16":"tag-latestnews","17":"tag-marcin_kierwinski","18":"tag-naglowki","19":"tag-najwazniejsze-artykuly","20":"tag-nat_styl","21":"tag-news","22":"tag-omp","23":"tag-pl","24":"tag-poland","25":"tag-polish","26":"tag-polska","27":"tag-polski","28":"tag-screening_general","29":"tag-sluzby","30":"tag-top-stories","31":"tag-topstories","32":"tag-wegry","33":"tag-wiadomosci","34":"tag-zbigniew_ziobro"},"share_on_mastodon":{"url":"https:\/\/pubeurope.com\/@pl\/115621905357392490","error":""},"_links":{"self":[{"href":"https:\/\/www.europesays.com\/pl\/wp-json\/wp\/v2\/posts\/121060","targetHints":{"allow":["GET"]}}],"collection":[{"href":"https:\/\/www.europesays.com\/pl\/wp-json\/wp\/v2\/posts"}],"about":[{"href":"https:\/\/www.europesays.com\/pl\/wp-json\/wp\/v2\/types\/post"}],"author":[{"embeddable":true,"href":"https:\/\/www.europesays.com\/pl\/wp-json\/wp\/v2\/users\/2"}],"replies":[{"embeddable":true,"href":"https:\/\/www.europesays.com\/pl\/wp-json\/wp\/v2\/comments?post=121060"}],"version-history":[{"count":0,"href":"https:\/\/www.europesays.com\/pl\/wp-json\/wp\/v2\/posts\/121060\/revisions"}],"wp:featuredmedia":[{"embeddable":true,"href":"https:\/\/www.europesays.com\/pl\/wp-json\/wp\/v2\/media\/121061"}],"wp:attachment":[{"href":"https:\/\/www.europesays.com\/pl\/wp-json\/wp\/v2\/media?parent=121060"}],"wp:term":[{"taxonomy":"category","embeddable":true,"href":"https:\/\/www.europesays.com\/pl\/wp-json\/wp\/v2\/categories?post=121060"},{"taxonomy":"post_tag","embeddable":true,"href":"https:\/\/www.europesays.com\/pl\/wp-json\/wp\/v2\/tags?post=121060"}],"curies":[{"name":"wp","href":"https:\/\/api.w.org\/{rel}","templated":true}]}}