{"id":121080,"date":"2025-11-27T13:42:09","date_gmt":"2025-11-27T13:42:09","guid":{"rendered":"https:\/\/www.europesays.com\/pl\/121080\/"},"modified":"2025-11-27T13:42:09","modified_gmt":"2025-11-27T13:42:09","slug":"wojna-w-ukrainie-27-listopada-2025-r-1373-dzien-wojny-na-zywo","status":"publish","type":"post","link":"https:\/\/www.europesays.com\/pl\/121080\/","title":{"rendered":"Wojna w Ukrainie. 27 listopada 2025 r. 1373. dzie\u0144 wojny [NA \u017bYWO]"},"content":{"rendered":"<p>                Filozofka na uchod\u017astwie: Rosjanie ze strachu rozmawiaj\u0105 o problemach z AI, a nie z innymi lud\u017ami<\/p>\n<p class=\"text--paragraph\">Ludzie w Rosji ze strachu wol\u0105 rozmawia\u0107 o swoich problemach ze sztuczn\u0105 inteligencj\u0105, a nie z innymi osobami &#8211; powiedzia\u0142a PAP rosyjska filozofka Julia Sinieoka, kt\u00f3ra wyjecha\u0142a z kraju po rosyjskiej napa\u015bci na Ukrain\u0119.<\/p>\n<p class=\"text--paragraph\">Sinieoka, kt\u00f3ra w Rosji jest uznana za tzw. zagranicznego agenta, opowiedzia\u0142a PAP, \u017ce w ci\u0105gu pierwszego roku po rozpocz\u0119ciu przez Moskw\u0119 wojny na pe\u0142n\u0105 skal\u0119 w samej Rosji wci\u0105\u017c pozostawa\u0142o pewne miejsce na w miar\u0119 niezale\u017cn\u0105 dyskusj\u0119. &#8211; Ale dzi\u015b jest to ca\u0142kowicie zabronione. Ludzie si\u0119 boj\u0105, maj\u0105 depresj\u0119. Moi przyjaciele powiedzieli mi, \u017ce ze strachu omawiaj\u0105 swoje problemy g\u0142\u00f3wnie ze sztuczn\u0105 inteligencj\u0105, a nie mi\u0119dzy sob\u0105 &#8211; podkre\u015bli\u0142a filozofka.<\/p>\n<p class=\"text--paragraph\">Ekspertka przekaza\u0142a jednocze\u015bnie, \u017ce wed\u0142ug jej obserwacji w ostatnich miesi\u0105cach ludzie, kt\u00f3rzy pozostali w Rosji, na nowo zaczynaj\u0105 szuka\u0107 kontaktu z tymi, kt\u00f3rzy wyjechali. &#8211; Wcze\u015bniej ten kontakt by\u0142 zerwany, m\u00f3wiono, \u017ce lepiej nie rozmawia\u0107, \u017ceby si\u0119 nie k\u0142\u00f3ci\u0107 i nie sta\u0107 si\u0119 wrogami. Ale teraz widz\u0119, \u017ce ludzie chc\u0105 odbudowa\u0107 kontakty z tymi, kt\u00f3rzy wyjechali. Gdy ludzie zrozumieli, \u017ce to (wojna) b\u0119dzie trwa\u0142o d\u0142ugo, \u017ce nie ma na co czeka\u0107,(&#8230;) \u017ce nawet gdy wojna si\u0119 zako\u0144czy, sytuacja w Rosji b\u0119dzie straszna, zacz\u0119li szuka\u0107 kontaktu z tymi, kt\u00f3rzy opu\u015bcili kraj &#8211; opowiada\u0142a PAP filozofka, kt\u00f3ra po inwazji Rosji na Ukrain\u0119 wyjecha\u0142a do Francji, gdzie za\u0142o\u017cy\u0142a Niezale\u017cny Instytut Filozofii, uznany w Rosji za organizacj\u0119 niepo\u017c\u0105dan\u0105.<\/p>\n<p class=\"text--paragraph\">pap<\/p>\n","protected":false},"excerpt":{"rendered":"Filozofka na uchod\u017astwie: Rosjanie ze strachu rozmawiaj\u0105 o problemach z AI, a nie z innymi lud\u017ami Ludzie w&hellip;\n","protected":false},"author":2,"featured_media":121081,"comment_status":"","ping_status":"","sticky":false,"template":"","format":"standard","meta":{"footnotes":""},"categories":[12],"tags":[32,33,36,37,27,34,35,28,31,25,42,38,40,39,41,29,30,26],"class_list":{"0":"post-121080","1":"post","2":"type-post","3":"status-publish","4":"format-standard","5":"has-post-thumbnail","7":"category-polska","8":"tag-breaking-news","9":"tag-breakingnews","10":"tag-featured-news","11":"tag-featurednews","12":"tag-headlines","13":"tag-latest-news","14":"tag-latestnews","15":"tag-naglowki","16":"tag-najwazniejsze-artykuly","17":"tag-news","18":"tag-pl","19":"tag-poland","20":"tag-polish","21":"tag-polska","22":"tag-polski","23":"tag-top-stories","24":"tag-topstories","25":"tag-wiadomosci"},"share_on_mastodon":{"url":"https:\/\/pubeurope.com\/@pl\/115621956840490066","error":""},"_links":{"self":[{"href":"https:\/\/www.europesays.com\/pl\/wp-json\/wp\/v2\/posts\/121080","targetHints":{"allow":["GET"]}}],"collection":[{"href":"https:\/\/www.europesays.com\/pl\/wp-json\/wp\/v2\/posts"}],"about":[{"href":"https:\/\/www.europesays.com\/pl\/wp-json\/wp\/v2\/types\/post"}],"author":[{"embeddable":true,"href":"https:\/\/www.europesays.com\/pl\/wp-json\/wp\/v2\/users\/2"}],"replies":[{"embeddable":true,"href":"https:\/\/www.europesays.com\/pl\/wp-json\/wp\/v2\/comments?post=121080"}],"version-history":[{"count":0,"href":"https:\/\/www.europesays.com\/pl\/wp-json\/wp\/v2\/posts\/121080\/revisions"}],"wp:featuredmedia":[{"embeddable":true,"href":"https:\/\/www.europesays.com\/pl\/wp-json\/wp\/v2\/media\/121081"}],"wp:attachment":[{"href":"https:\/\/www.europesays.com\/pl\/wp-json\/wp\/v2\/media?parent=121080"}],"wp:term":[{"taxonomy":"category","embeddable":true,"href":"https:\/\/www.europesays.com\/pl\/wp-json\/wp\/v2\/categories?post=121080"},{"taxonomy":"post_tag","embeddable":true,"href":"https:\/\/www.europesays.com\/pl\/wp-json\/wp\/v2\/tags?post=121080"}],"curies":[{"name":"wp","href":"https:\/\/api.w.org\/{rel}","templated":true}]}}