{"id":121090,"date":"2025-11-27T13:48:15","date_gmt":"2025-11-27T13:48:15","guid":{"rendered":"https:\/\/www.europesays.com\/pl\/121090\/"},"modified":"2025-11-27T13:48:15","modified_gmt":"2025-11-27T13:48:15","slug":"wojna-na-ukrainie-a-ustepstwa-terytorialne-dla-rosji-przyjda-do-nas-z-czolgami","status":"publish","type":"post","link":"https:\/\/www.europesays.com\/pl\/121090\/","title":{"rendered":"Wojna na Ukrainie a ust\u0119pstwa terytorialne dla Rosji. &#8222;Przyjd\u0105 do nas z czo\u0142gami&#8221;"},"content":{"rendered":"<ul class=\"typography ids-typeset-body ids-typeset-body--preset-large list ids-list ids-list--unordered ids-list--size-large \" datatype=\"disc\">\n<li class=\"ids-list-item\">\n<p>Szef MSZ Litwy, K\u0119stutis Budrys, stanowczo sprzeciwia si\u0119 jakiejkolwiek legalizacji okupacji ukrai\u0144skich terytori\u00f3w przez Rosj\u0119.<\/p>\n<\/li>\n<li class=\"ids-list-item\">\n<p>Budrys przestrzega, \u017ce nawet minimalne ust\u0119pstwa wobec Rosji mog\u0105 zach\u0119ci\u0107 j\u0105 do podobnych dzia\u0142a\u0144 wobec kraj\u00f3w ba\u0142tyckich.<\/p>\n<\/li>\n<li class=\"ids-list-item\">\n<p>Jako kluczowe narz\u0119dzia nacisku na Kreml szef MSZ Litwy wymienia zamro\u017cone aktywa rosyjskie, cz\u0142onkostwo Ukrainy w UE oraz powo\u0142anie trybuna\u0142u dla zbrodniarzy wojennych.<\/p>\n<\/li>\n<li class=\"ids-list-item\">Wi\u0119cej wa\u017cnych informacji znajdziesz na <a class=\"ids-undecorated-link link ids-link link\" href=\"https:\/\/www.interia.pl\/#utm_source=wydarzenia&amp;utm_medium=bullet&amp;utm_campaign=powrot_z_wew&amp;iwa_source=bullet\" target=\"_blank\" rel=\"nofollow noopener\">stronie g\u0142\u00f3wnej Interii<\/a><\/li>\n<\/ul>\n<p class=\"typography ids-typeset-body ids-typeset-body--preset-large link paragraph ids-paragraph ids-paragraph--default\">Ostatnie dni w polityce mi\u0119dzynarodowej up\u0142yn\u0119\u0142y pod znakiem dyskusji nad kilkoma wersjami planu pokojowego dla <a href=\"https:\/\/wydarzenia.interia.pl\/tematy-rosja,gsbi,3125\" rel=\"nofollow noopener\" target=\"_blank\">Rosji<\/a> i zaatakowanej przez ni\u0105 <a href=\"https:\/\/wydarzenia.interia.pl\/tematy-ukraina,gsbi,3144\" rel=\"nofollow noopener\" target=\"_blank\">Ukrainy<\/a>.\u00a0<\/p>\n<p class=\"typography ids-typeset-body ids-typeset-body--preset-large link paragraph ids-paragraph ids-paragraph--default\">W pierwotnej wersji planu, kt\u00f3ra mia\u0142a zosta\u0107 najprawdopodobniej przekazana nieoficjalnymi kana\u0142ami przez Rosjan do USA, najwi\u0119cej obaw w <a href=\"https:\/\/wydarzenia.interia.pl\/tematy-kijow,gsbi,5436\" rel=\"nofollow noopener\" target=\"_blank\">Kijowie<\/a> i <a href=\"https:\/\/wydarzenia.interia.pl\/tematy-europa,gsbi,4992\" rel=\"nofollow noopener\" target=\"_blank\">Europie<\/a> wzbudzi\u0142y zapisy dotycz\u0105ce terytori\u00f3w.<\/p>\n<p class=\"typography ids-typeset-body ids-typeset-body--preset-large link paragraph ids-paragraph ids-paragraph--default\">&#8211; Nie mo\u017cemy dopu\u015bci\u0107 do \u017cadnej, ani de iure, ani de faco, legitymizacji okupacji i przej\u0119cia terytori\u00f3w. To jest bardzo wa\u017cne &#8211; apelowa\u0142 szef MSZ <a href=\"https:\/\/wydarzenia.interia.pl\/tematy-litwa,gsbi,2686\" rel=\"nofollow noopener\" target=\"_blank\">Litwy<\/a> K\u0119stutis Budrys.<\/p>\n<p class=\"typography ids-typeset-body ids-typeset-body--preset-large link paragraph ids-paragraph ids-paragraph--default\">W 28-punktowym planie mowa by\u0142a bowiem nie tylko o przej\u0119ciu ziem\u00a0obecnie zaj\u0119tych przez Rosjan, ale i o wycofaniu si\u0119 Ukrai\u0144c\u00f3w z cz\u0119\u015bci obwodu donieckiego, kt\u00f3r\u0105 kontroluj\u0105.<\/p>\n<p class=\"typography ids-typeset-body ids-typeset-body--preset-large link paragraph ids-paragraph ids-paragraph--default\">&#8222;Rezygnacja z terytorium, za kt\u00f3rego obron\u0119 Ukrai\u0144cy przelali tak wiele krwi, by\u0142aby prawdopodobnie bardzo destabilizuj\u0105ca dla Ukrainy, co le\u017cy w interesie <a href=\"https:\/\/wydarzenia.interia.pl\/tematy-kreml,gsbi,4409\" rel=\"nofollow noopener\" target=\"_blank\">Kremla<\/a>&#8221; &#8211; analizowa\u0142 &#8222;Financial Times&#8221;.<\/p>\n<p>Wojna w Ukrainie. Szef MSZ Litwy: Przyjd\u0105 do nas z czo\u0142gami<\/p>\n<p class=\"typography ids-typeset-body ids-typeset-body--preset-large link paragraph ids-paragraph ids-paragraph--default\">Budrys, analizuj\u0105c g\u0142o\u015bne zapisy, nie gryz\u0142 si\u0119 w j\u0119zyk. Jego zdaniem &#8211; je\u015bli Rosji pozwoli si\u0119 na cho\u0107by minimaln\u0105 zmian\u0119 granic ukrai\u0144skiego pa\u0144stwa w ramach negocjacji pokojowych, to pr\u0119dzej czy p\u00f3\u017aniej podobne ruchy <a href=\"https:\/\/wydarzenia.interia.pl\/tematy-moskwa,gsbi,4412\" rel=\"nofollow noopener\" target=\"_blank\">Moskwa<\/a> wykona w przypadku kraj\u00f3w ba\u0142tyckich, a wi\u0119c i Litwy.<\/p>\n<p class=\"typography ids-typeset-body ids-typeset-body--preset-large link paragraph ids-paragraph ids-paragraph--default\">Budrys stanowczo podkre\u015bli\u0142, \u017ce nale\u017cy zapobiec legalizacji decyzji dotycz\u0105cych przej\u0119cia przez Rosj\u0119 tymczasowo okupowanych ziem ukrai\u0144skich &#8211; opisuje tamtejszy portal Delfi.<\/p>\n<p class=\"typography ids-typeset-body ids-typeset-body--preset-large link paragraph ids-paragraph ids-paragraph--default\">&#8211; Je\u017celi pozwolimy na zmian\u0119 granic w jakimkolwiek, nawet najmniejszym stopniu, przyjd\u0105 do nas z markerem i map\u0105, a potem z czo\u0142gami, by zmieni\u0107 granice &#8211; alarmowa\u0142 minister.<\/p>\n<p class=\"typography ids-typeset-body ids-typeset-body--preset-large link paragraph ids-paragraph ids-paragraph--default\">Litewski szef resortu spraw zagranicznych zwr\u00f3ci\u0142 uwag\u0119, \u017ce kluczowe w negocjacjach jest wykorzystanie dost\u0119pnych \u015brodk\u00f3w nacisku na Kreml. Zaznaczy\u0142 jednak, \u017ce wsp\u00f3\u0142czesny \u015bwiat rz\u0105dzi si\u0119 specyficznymi zasadami.<\/p>\n<p class=\"typography ids-typeset-body ids-typeset-body--preset-large link paragraph ids-paragraph ids-paragraph--default\">&#8211; S\u0105 do\u015b\u0107 proste i surowe. Albo masz \u015brodki i narz\u0119dzia, kt\u00f3re mo\u017cesz po\u0142o\u017cy\u0107 na stole, masz czym grozi\u0107, masz co da\u0107 b\u0105d\u017a odebra\u0107. Albo ich nie masz. A wtedy nie narzekaj, \u017ce ci\u0119 przy tym stole nie ma &#8211; opisywa\u0142 Budrys.<\/p>\n<p>Jakie karty ma Europa w negocjacjach pokojowych ws. Ukrainy?<\/p>\n<p class=\"typography ids-typeset-body ids-typeset-body--preset-large link paragraph ids-paragraph ids-paragraph--default\">Szef MSZ Litwy zwr\u00f3ci\u0142 uwag\u0119, \u017ce Europa w sprawie negocjacji pokojowych w Ukrainie powinna wykorzystywa\u0107 trzy kluczowe argumenty:<\/p>\n<ul class=\"typography ids-typeset-body ids-typeset-body--preset-large list ids-list ids-list--unordered ids-list--size-large \" datatype=\"disc\">\n<li class=\"ids-list-item\">\n<p>zamro\u017cone rosyjskie aktywa oraz mo\u017cliwo\u015b\u0107 wykorzystania ich na rzecz Kijowa;<\/p>\n<\/li>\n<li class=\"ids-list-item\">kwestia cz\u0142onkostwa Ukrainy w <a href=\"https:\/\/wydarzenia.interia.pl\/tematy-unia-europejska,gsbi,46\" class=\"link ids-link\" rel=\"nofollow noopener\" target=\"_blank\">Unii Europejskiej<\/a>;<\/li>\n<li class=\"ids-list-item\">\n<p>utworzenie specjalnego trybuna\u0142u, kt\u00f3ry s\u0105dzi\u0142by zbrodniarzy wojennych.<\/p>\n<\/li>\n<\/ul>\n<p class=\"typography ids-typeset-body ids-typeset-body--preset-large link paragraph ids-paragraph ids-paragraph--default\">&#8211; Musimy przej\u0105\u0107 zamro\u017cone aktywa teraz, tak szybko, jak to mo\u017cliwe, i przekaza\u0107 cz\u0119\u015b\u0107 z nich Ukrainie, by pokaza\u0107, \u017ce jeste\u015bmy w stanie finansowa\u0107 wysi\u0142ki wojenne Ukrainy przez co najmniej dwa, trzy kolejne lata &#8211; t\u0142umaczy\u0142 dyplomata.<\/p>\n<p class=\"typography ids-typeset-body ids-typeset-body--preset-large link paragraph ids-paragraph ids-paragraph--default\">W kontek\u015bcie cz\u0142onkostwa Ukrainy w UE Budrys m\u00f3wi\u0142, i\u017c to wy\u0142\u0105czne prawo Unii, by decydowa\u0107, kto, kiedy i w jaki spos\u00f3b do\u0142\u0105czy do Wsp\u00f3lnoty.<\/p>\n<p class=\"typography ids-typeset-body ids-typeset-body--preset-large link paragraph ids-paragraph ids-paragraph--default\">Z kolei w sprawie trybuna\u0142u ds. agresji przeciwko Ukrainie Ministerstwo Spraw Zagranicznych Litwy powiadomi\u0142o w \u015brod\u0119, \u017ce zamierza przyst\u0105pi\u0107 do tej instytucji jako pierwsze pa\u0144stwo po Ukrainie. &#8222;Wzywamy inne pa\u0144stwa, by posz\u0142y w nasze \u015blady&#8221; &#8211; napisano.<\/p>\n<p class=\"typography ids-typeset-body ids-typeset-body--preset-large link paragraph ids-paragraph ids-paragraph--default\">\u0179r\u00f3d\u0142a: Delfi, &#8222;Financial Times&#8221;<\/p>\n<ul class=\"typography ids-typeset-body ids-typeset-body--preset-small list--article-list ids-list ids-list--unordered ids-list--size-small \" datatype=\"disc\">\n<li class=\"ids-list-item ids-list-item__content brief-list-item\"><a class=\"ids-undecorated-link link ids-link \" data-spons=\"false\" href=\"https:\/\/wydarzenia.interia.pl\/kraj\/news-rosjanin-zatrzymany-w-polsce-nieuprawniona-ingerencja-w-syst,nId,22460732\" rel=\"nofollow noopener\" target=\"_blank\">Rosjanin zatrzymany w Polsce. &#8222;Nieuprawniona ingerencja w systemy&#8221;<\/a><\/li>\n<li class=\"ids-list-item ids-list-item__content brief-list-item\"><a class=\"ids-undecorated-link link ids-link \" data-spons=\"false\" href=\"https:\/\/wydarzenia.interia.pl\/ukraina-rosja\/news-nocne-uderzenie-w-rosji-celem-kluczowa-fabryka-setki-kilomet,nId,22460332\" rel=\"nofollow noopener\" target=\"_blank\">Nocne uderzenie w Rosji, celem kluczowa fabryka. Setki kilometr\u00f3w od frontu<\/a><\/li>\n<\/ul>\n<p>&#8222;Federalnie rzecz bior\u0105c&#8221;. Tusk z rz\u0105dem jedzie do BerlinaINTERIA.PL<\/p>\n<p><a class=\"ids-undecorated-link source ids-page-info--source__link\" href=\"https:\/\/www.interia.pl\" rel=\"nofollow noopener\" target=\"_blank\"><img decoding=\"async\" class=\"ids-image-holder__img\" loading=\"lazy\" alt=\"\" title=\"\" height=\"24px\" src=\"https:\/\/www.europesays.com\/pl\/wp-content\/uploads\/2025\/11\/1763998694_431_0009A60QQ5I2TYF7-C202-F4.webp.webp\"\/><\/a><\/p>\n<p>Masz sugestie, uwagi albo widzisz b\u0142\u0105d? Napisz do nas<\/p>\n","protected":false},"excerpt":{"rendered":"Szef MSZ Litwy, K\u0119stutis Budrys, stanowczo sprzeciwia si\u0119 jakiejkolwiek legalizacji okupacji ukrai\u0144skich terytori\u00f3w przez Rosj\u0119. Budrys przestrzega, \u017ce&hellip;\n","protected":false},"author":2,"featured_media":121091,"comment_status":"","ping_status":"","sticky":false,"template":"","format":"standard","meta":{"footnotes":""},"categories":[14],"tags":[32,33,27,34,35,28,31,25,40,41,80,29,30,26,82,83,84],"class_list":{"0":"post-121090","1":"post","2":"type-post","3":"status-publish","4":"format-standard","5":"has-post-thumbnail","7":"category-swiat","8":"tag-breaking-news","9":"tag-breakingnews","10":"tag-headlines","11":"tag-latest-news","12":"tag-latestnews","13":"tag-naglowki","14":"tag-najwazniejsze-artykuly","15":"tag-news","16":"tag-polish","17":"tag-polski","18":"tag-swiat","19":"tag-top-stories","20":"tag-topstories","21":"tag-wiadomosci","22":"tag-world","23":"tag-world-news","24":"tag-worldnews"},"share_on_mastodon":{"url":"https:\/\/pubeurope.com\/@pl\/115621980289624298","error":""},"_links":{"self":[{"href":"https:\/\/www.europesays.com\/pl\/wp-json\/wp\/v2\/posts\/121090","targetHints":{"allow":["GET"]}}],"collection":[{"href":"https:\/\/www.europesays.com\/pl\/wp-json\/wp\/v2\/posts"}],"about":[{"href":"https:\/\/www.europesays.com\/pl\/wp-json\/wp\/v2\/types\/post"}],"author":[{"embeddable":true,"href":"https:\/\/www.europesays.com\/pl\/wp-json\/wp\/v2\/users\/2"}],"replies":[{"embeddable":true,"href":"https:\/\/www.europesays.com\/pl\/wp-json\/wp\/v2\/comments?post=121090"}],"version-history":[{"count":0,"href":"https:\/\/www.europesays.com\/pl\/wp-json\/wp\/v2\/posts\/121090\/revisions"}],"wp:featuredmedia":[{"embeddable":true,"href":"https:\/\/www.europesays.com\/pl\/wp-json\/wp\/v2\/media\/121091"}],"wp:attachment":[{"href":"https:\/\/www.europesays.com\/pl\/wp-json\/wp\/v2\/media?parent=121090"}],"wp:term":[{"taxonomy":"category","embeddable":true,"href":"https:\/\/www.europesays.com\/pl\/wp-json\/wp\/v2\/categories?post=121090"},{"taxonomy":"post_tag","embeddable":true,"href":"https:\/\/www.europesays.com\/pl\/wp-json\/wp\/v2\/tags?post=121090"}],"curies":[{"name":"wp","href":"https:\/\/api.w.org\/{rel}","templated":true}]}}