{"id":121100,"date":"2025-11-27T13:54:13","date_gmt":"2025-11-27T13:54:13","guid":{"rendered":"https:\/\/www.europesays.com\/pl\/121100\/"},"modified":"2025-11-27T13:54:13","modified_gmt":"2025-11-27T13:54:13","slug":"rosyjskie-su-57-nad-ukraina-skuteczniejsze-w-walce-od-f-35-i-f-22","status":"publish","type":"post","link":"https:\/\/www.europesays.com\/pl\/121100\/","title":{"rendered":"Rosyjskie Su-57 nad Ukrain\u0105. Skuteczniejsze w walce od F-35 i F-22"},"content":{"rendered":"<p class=\"typography ids-typeset-body ids-typeset-body--preset-large link paragraph ids-paragraph ids-paragraph--default\">Agencja TASS w\u0142a\u015bnie opublikowa\u0142a obszerny wywiad z Siergiejem Czemiezowem, prezesem pa\u0144stwowego koncernu Rostec. Rozmowa, kt\u00f3ra szybko sta\u0142a si\u0119 jednym z najg\u0142o\u015bniejszych wydarze\u0144 medialnych w rosyjskim sektorze zbrojeniowym, koncentrowa\u0142a si\u0119 g\u0142\u00f3wnie na najnowszych osi\u0105gni\u0119ciach my\u015bliwca pi\u0105tej generacji Su-57 Felon. Wywiad potwierdzi\u0142, \u017ce te maszyny bior\u0105 aktywny udzia\u0142 w atakach na Ukrain\u0119. To pierwsze potwierdzenie tego faktu, o kt\u00f3rym m\u00f3wi\u0142o si\u0119 od kilku miesi\u0119cy.<\/p>\n<p class=\"typography ids-typeset-body ids-typeset-body--preset-large link paragraph ids-paragraph ids-paragraph--default\">Prezes Rostecu ujawni\u0142, \u017ce maszyna przesz\u0142a ju\u017c drug\u0105 faz\u0119 modernizacji (Su-57M), kt\u00f3ra znacz\u0105co obni\u017cy\u0142a skuteczn\u0105 powierzchni\u0119 odbicia radarowego i zwi\u0119kszy\u0142a mo\u017cliwo\u015bci bojowe. Pad\u0142y te\u017c konkretne liczby na temat maszyny. Okazuje si\u0119, \u017ce do ko\u0144ca 2025 roku rosyjskie si\u0142y powietrzno-kosmiczne maj\u0105 otrzyma\u0107 22 seryjne Su-57, a w 2026 roku kolejne 32.<\/p>\n<p>Pot\u0119\u017cne my\u015bliwce Su-57 nad Ukrain\u0105. Jest oficjalne potwierdzenie<\/p>\n<p class=\"typography ids-typeset-body ids-typeset-body--preset-large link paragraph ids-paragraph ids-paragraph--default\">W wywiadzie Czemiezow potwierdzi\u0142, \u017ce od 2025 roku wszystkie nowe egzemplarze s\u0105 wyposa\u017cane w silniki drugiej generacji (Izdeliye 30). Pozwalaj\u0105 im one rozwija\u0107 wi\u0119ksze pr\u0119dko\u015bci bez u\u017cycia dopalacza i jednocze\u015bnie zwi\u0119kszaj\u0105 zasi\u0119g o kilkaset kilometr\u00f3w. Zapowiedzia\u0142 r\u00f3wnie\u017c dalsze prace nad hipersonicznym uzbrojeniem wewn\u0119trznym i integracj\u0105 dron\u00f3w-kamikaze typu Grom.<\/p>\n<p class=\"typography ids-typeset-body ids-typeset-body--preset-large link paragraph ids-paragraph ids-paragraph--default\">Su-57 (T-50 PAK FA) to dwusilnikowy my\u015bliwiec wielozadaniowy o d\u0142ugo\u015bci 20,1 m, rozpi\u0119to\u015bci skrzyde\u0142 14,1 m i masie pustej ok. 18,5 tony. Po wdro\u017ceniu silnik\u00f3w Izdeliye 30 ci\u0105g z dopalaczem wynosi 2 \u00d7 18 000 kg, stosunek ci\u0105gu do masy przekracza 1,2:1, a pr\u0119dko\u015b\u0107 maksymalna zbli\u017ca si\u0119 do Mach 2,45 (w wersji z AL-41F1 &#8211; Mach 2,0). Zasi\u0119g na wewn\u0119trznym paliwie to ok. 3500 km (subsoniczny) i 1500 km (nad\u017awi\u0119kowy).<\/p>\n<p>Su-57 ma by\u0107 &#8222;skuteczniejszy w walce od F-35 i F-22&#8221;<\/p>\n<p class=\"typography ids-typeset-body ids-typeset-body--preset-large link paragraph ids-paragraph ids-paragraph--default\">Wed\u0142ug danych producenta, po modernizacji technologii stealth, skuteczna powierzchnia odbicia radarowego (RCS) spad\u0142a poni\u017cej 0,1 m\u00b2 od przodu. Maszyna przenosi do 10-12 ton uzbrojenia w czterech wewn\u0119trznych i sze\u015bciu zewn\u0119trznych punktach podwiesze\u0144, w tym pociski Ch-59MK2, Ch-69, R-37M, KAB-500 i hipersoniczne Kind\u017ca\u0142y (w wariancie zewn\u0119trznym).<\/p>\n<p class=\"typography ids-typeset-body ids-typeset-body--preset-large link paragraph ids-paragraph ids-paragraph--default\">Czemiezow zaskoczy\u0142 stwierdzeniem, \u017ce Su-57 w rzeczywistych warunkach bojowych przewy\u017csza ameryka\u0144skie maszyny F-35 i F-22. Jako dow\u00f3d poda\u0142 do\u015bwiadczenia z trwaj\u0105cego konfliktu w Ukrainie, gdzie rosyjskie Su-57 mia\u0142y rzekomo wielokrotnie niszczy\u0107 ukrai\u0144skie systemy obrony przeciwlotniczej, w tym zachodnie Patrioty, pozostaj\u0105c poza zasi\u0119giem ich ra\u017cenia.<\/p>\n<p class=\"typography ids-typeset-body ids-typeset-body--preset-large link paragraph ids-paragraph ids-paragraph--default\">Wywiad Czemiezowa jest najmocniejszym jak dot\u0105d oficjalnym komunikatem Kremla na temat rzeczywistej gotowo\u015bci bojowej Su-57. Cho\u0107 wiele podanych informacji pozostaje niemo\u017cliwych do zweryfikowania niezale\u017cnie, publikacja w TASS w przededniu du\u017cych kontrakt\u00f3w eksportowych (m.in. z Algieri\u0105 i Indiami) sugeruje, \u017ce Rosja chce aktywnie promowa\u0107 Felona jako realn\u0105 alternatyw\u0119 dla zachodnich my\u015bliwc\u00f3w pi\u0105tej generacji.<\/p>\n<p class=\"typography ids-typeset-body ids-typeset-body--preset-large link paragraph ids-paragraph ids-paragraph--default\">B\u0105d\u017a na bie\u017c\u0105co i zosta\u0144 jednym z 88 tys. obserwuj\u0105cych nasz fanpage &#8211; <a href=\"https:\/\/www.facebook.com\/GeekWeek\" target=\"_self\" rel=\"nofollow noopener\">polub GeekWeek na Facebooku<\/a> i komentuj tam nasze artyku\u0142y!<\/p>\n<p>&#8222;Wydarzenia&#8221;: Legendarny &#8222;Dar M\u0142odzie\u017cy&#8221; b\u0119dzie mia\u0142 swojego nast\u0119pc\u0119Polsat News<\/p>\n<p><a class=\"ids-undecorated-link source ids-page-info--source__link\" href=\"https:\/\/www.interia.pl\" rel=\"nofollow noopener\" target=\"_blank\"><img decoding=\"async\" class=\"ids-image-holder__img\" loading=\"lazy\" alt=\"\" title=\"\" height=\"24px\" src=\"https:\/\/www.europesays.com\/pl\/wp-content\/uploads\/2025\/11\/1763998694_431_0009A60QQ5I2TYF7-C202-F4.webp.webp\"\/><\/a><\/p>\n<p>Masz sugestie, uwagi albo widzisz b\u0142\u0105d? Napisz do nas<\/p>\n<p>Zapisz si\u0119 na geekweekowy newsletter i \u0142ap naj\u015bwie\u017csze newsy ze \u015bwiata tech, lifehacki, porady i ciekawostki.<\/p>\n","protected":false},"excerpt":{"rendered":"Agencja TASS w\u0142a\u015bnie opublikowa\u0142a obszerny wywiad z Siergiejem Czemiezowem, prezesem pa\u0144stwowego koncernu Rostec. Rozmowa, kt\u00f3ra szybko sta\u0142a si\u0119&hellip;\n","protected":false},"author":2,"featured_media":121101,"comment_status":"","ping_status":"","sticky":false,"template":"","format":"standard","meta":{"footnotes":""},"categories":[16],"tags":[113,112,42,38,40,39,41],"class_list":{"0":"post-121100","1":"post","2":"type-post","3":"status-publish","4":"format-standard","5":"has-post-thumbnail","7":"category-biznes","8":"tag-biznes","9":"tag-business","10":"tag-pl","11":"tag-poland","12":"tag-polish","13":"tag-polska","14":"tag-polski"},"share_on_mastodon":{"url":"https:\/\/pubeurope.com\/@pl\/115622003996850873","error":""},"_links":{"self":[{"href":"https:\/\/www.europesays.com\/pl\/wp-json\/wp\/v2\/posts\/121100","targetHints":{"allow":["GET"]}}],"collection":[{"href":"https:\/\/www.europesays.com\/pl\/wp-json\/wp\/v2\/posts"}],"about":[{"href":"https:\/\/www.europesays.com\/pl\/wp-json\/wp\/v2\/types\/post"}],"author":[{"embeddable":true,"href":"https:\/\/www.europesays.com\/pl\/wp-json\/wp\/v2\/users\/2"}],"replies":[{"embeddable":true,"href":"https:\/\/www.europesays.com\/pl\/wp-json\/wp\/v2\/comments?post=121100"}],"version-history":[{"count":0,"href":"https:\/\/www.europesays.com\/pl\/wp-json\/wp\/v2\/posts\/121100\/revisions"}],"wp:featuredmedia":[{"embeddable":true,"href":"https:\/\/www.europesays.com\/pl\/wp-json\/wp\/v2\/media\/121101"}],"wp:attachment":[{"href":"https:\/\/www.europesays.com\/pl\/wp-json\/wp\/v2\/media?parent=121100"}],"wp:term":[{"taxonomy":"category","embeddable":true,"href":"https:\/\/www.europesays.com\/pl\/wp-json\/wp\/v2\/categories?post=121100"},{"taxonomy":"post_tag","embeddable":true,"href":"https:\/\/www.europesays.com\/pl\/wp-json\/wp\/v2\/tags?post=121100"}],"curies":[{"name":"wp","href":"https:\/\/api.w.org\/{rel}","templated":true}]}}