{"id":121110,"date":"2025-11-27T13:59:11","date_gmt":"2025-11-27T13:59:11","guid":{"rendered":"https:\/\/www.europesays.com\/pl\/121110\/"},"modified":"2025-11-27T13:59:11","modified_gmt":"2025-11-27T13:59:11","slug":"aldona-jankowska-zapytana-o-emeryture-padla-konkretna-kwota","status":"publish","type":"post","link":"https:\/\/www.europesays.com\/pl\/121110\/","title":{"rendered":"Aldona Jankowska zapytana o emerytur\u0119. Pad\u0142a konkretna kwota"},"content":{"rendered":"<p class=\"article-p\" data-section=\"detail-body\">Aldona Jankowska to ceniona aktorka teatralna, kt\u00f3ra swoim talentem bawi tak\u017ce widz\u00f3w na ekranie. Najwi\u0119cej os\u00f3b mo\u017ce kojarzy\u0107 j\u0105 z roli Bo\u017ceny Miller w serialu &#8222;Julia&#8221;, wciela\u0142a si\u0119 r\u00f3wnie\u017c w opiekunk\u0119 Jadzi\u0119 w &#8222;Na dobre i na z\u0142e&#8221;. Mimo bogatej filmografii artystka rzadko udziela wywiad\u00f3w. Ostatnio zrobi\u0142a jednak wyj\u0105tek i w rozmowie z serwisem Plejada opowiedzia\u0142a o emeryturze.<\/p>\n<p>        Emerytury gwiazd. Aldona Jankowska ujawnia wysoko\u015b\u0107 swojego \u015bwiadczenia<\/p>\n<p class=\"article-p\" data-section=\"detail-body\">W dobie medi\u00f3w spo\u0142eczno\u015bciowych, gdy wiele gwiazd i celebryt\u00f3w niech\u0119tnie m\u00f3wi o swoim wieku, Aldona Jankowska nale\u017cy do grona artyst\u00f3w, kt\u00f3rzy nie maj\u0105 najmniejszego problemu, by otwarcie opowiada\u0107 o up\u0142ywaj\u0105cym czasie. W rozmowie z Plejad\u0105 sama przypomnia\u0142a, za kilka miesi\u0119cy sko\u0144czy 62 lata.<\/p>\n<p class=\"article-p\" data-section=\"detail-body\">&#8222;Mam prawie 62 lata i nie zamierzam tego ukrywa\u0107. Sze\u015b\u0107dziesi\u0105tki w og\u00f3le nie odczu\u0142am, bardziej prze\u017cy\u0142am pi\u0119\u0107dziesi\u0105tk\u0119. Patrz\u0119 teraz na m\u0142ode aktorki i widz\u0119, jak \u017cyj\u0105 na li\u015bciach sa\u0142aty, pij\u0105 tylko zdrowe herbatki i u\u017cywaj\u0105 ton kosmetyk\u00f3w. A nie musia\u0142yby, bo bez tego wygl\u0105daj\u0105 wspaniale. Sama kiedy\u015b robi\u0142am to samo, ale z czasem zmieni\u0142am podej\u015bcie. \u017bycie nauczy\u0142o mnie, \u017ce nie jest ze mn\u0105 a\u017c tak \u017ale i \u017ce mog\u0119 jeszcze co\u015b stworzy\u0107&#8221; \u2014 wyzna\u0142a aktorka.<\/p>\n<p class=\"article-p\" data-section=\"detail-body\">Aldona Jankowska zmierzy\u0142a si\u0119 tak\u017ce z pytaniem, czy planuje przej\u015b\u0107 na emerytur\u0119. W odpowiedzi wyja\u015bni\u0142a, \u017ce formalnie jest ju\u017c emerytk\u0105, ale nie by\u0142aby w stanie prze\u017cy\u0107 za kwot\u0119, jak\u0105 miesi\u0119cznie wyp\u0142aca jej ZUS.<\/p>\n<p class=\"article-p\" data-section=\"detail-body\">&#8222;Mam najni\u017csz\u0105 mo\u017cliw\u0105 emerytur\u0119 w naszym kraju \u2014 1,8 tys. z\u0142 z hakiem. Nie narzekam jednak na to. Ja po prostu rzadko pracowa\u0142am na etacie. Zdarza\u0142o mi si\u0119 to, ale sporadycznie&#8221; \u2014 doda\u0142a.<\/p>\n<p class=\"article-p\" data-section=\"detail-body\"><a href=\"https:\/\/www.fakt.pl\/pieniadze\/tyle-zygmunt-chajzer-dostaje-emerytury-kwota-robi-wrazenie\/fqg23ce\" id=\"bdcae190-d200-46a5-bdee-12d7481359e8\" rel=\"nofollow noopener\" target=\"_blank\">Imponuj\u0105ca emerytura telewizyjnego gwiazdora. Wielu mo\u017ce tylko pomarzy\u0107 o takiej wyp\u0142acie<\/a><\/p>\n<p class=\"article-p\" data-section=\"detail-body\"><a href=\"https:\/\/ludzie.fakt.pl\/grazyna-wolszczak-nie-pobrala-emerytury-pieniadze-przepadly-powod-szokuje\/9h05367\" id=\"1832466f-47af-4214-9a79-5f37481ce5f2\" rel=\"nofollow noopener\" target=\"_blank\">Emerytura Gra\u017cyny Wolszczak przepad\u0142a. Jej powody zaskakuj\u0105 fan\u00f3w<\/a><\/p>\n<p class=\"article-p\" data-section=\"detail-body\"><a href=\"https:\/\/ludzie.fakt.pl\/ile-emerytury-ma-ryszard-rynkowski-kwota-brzmi-jak-niesmieszny-zart\/mpxvd3s\" id=\"19e86679-4a59-4b04-8afd-c977baa22f8a\" rel=\"nofollow noopener\" target=\"_blank\">Ryszard Rynkowski ujawnia wysoko\u015b\u0107 emerytury. To nie ona daje mu spok\u00f3j<\/a><\/p>\n","protected":false},"excerpt":{"rendered":"Aldona Jankowska to ceniona aktorka teatralna, kt\u00f3ra swoim talentem bawi tak\u017ce widz\u00f3w na ekranie. Najwi\u0119cej os\u00f3b mo\u017ce kojarzy\u0107&hellip;\n","protected":false},"author":2,"featured_media":121111,"comment_status":"","ping_status":"","sticky":false,"template":"","format":"standard","meta":{"footnotes":""},"categories":[22],"tags":[122,42,38,40,39,41,123],"class_list":{"0":"post-121110","1":"post","2":"type-post","3":"status-publish","4":"format-standard","5":"has-post-thumbnail","7":"category-rozrywka","8":"tag-entertainment","9":"tag-pl","10":"tag-poland","11":"tag-polish","12":"tag-polska","13":"tag-polski","14":"tag-rozrywka"},"share_on_mastodon":{"url":"https:\/\/pubeurope.com\/@pl\/115622023201796488","error":""},"_links":{"self":[{"href":"https:\/\/www.europesays.com\/pl\/wp-json\/wp\/v2\/posts\/121110","targetHints":{"allow":["GET"]}}],"collection":[{"href":"https:\/\/www.europesays.com\/pl\/wp-json\/wp\/v2\/posts"}],"about":[{"href":"https:\/\/www.europesays.com\/pl\/wp-json\/wp\/v2\/types\/post"}],"author":[{"embeddable":true,"href":"https:\/\/www.europesays.com\/pl\/wp-json\/wp\/v2\/users\/2"}],"replies":[{"embeddable":true,"href":"https:\/\/www.europesays.com\/pl\/wp-json\/wp\/v2\/comments?post=121110"}],"version-history":[{"count":0,"href":"https:\/\/www.europesays.com\/pl\/wp-json\/wp\/v2\/posts\/121110\/revisions"}],"wp:featuredmedia":[{"embeddable":true,"href":"https:\/\/www.europesays.com\/pl\/wp-json\/wp\/v2\/media\/121111"}],"wp:attachment":[{"href":"https:\/\/www.europesays.com\/pl\/wp-json\/wp\/v2\/media?parent=121110"}],"wp:term":[{"taxonomy":"category","embeddable":true,"href":"https:\/\/www.europesays.com\/pl\/wp-json\/wp\/v2\/categories?post=121110"},{"taxonomy":"post_tag","embeddable":true,"href":"https:\/\/www.europesays.com\/pl\/wp-json\/wp\/v2\/tags?post=121110"}],"curies":[{"name":"wp","href":"https:\/\/api.w.org\/{rel}","templated":true}]}}