{"id":121131,"date":"2025-11-27T14:12:10","date_gmt":"2025-11-27T14:12:10","guid":{"rendered":"https:\/\/www.europesays.com\/pl\/121131\/"},"modified":"2025-11-27T14:12:10","modified_gmt":"2025-11-27T14:12:10","slug":"alarm-w-rakowie-czestochowa-marek-papszun-traci-waznego-gracza","status":"publish","type":"post","link":"https:\/\/www.europesays.com\/pl\/121131\/","title":{"rendered":"Alarm w Rakowie Cz\u0119stochowa. Marek Papszun traci wa\u017cnego gracza"},"content":{"rendered":"\n<p class=\"lead\"> Rak\u00f3w Cz\u0119stochowa zagra w czwartek z Rapidem Wiede\u0144 w Lidze Konferencji. Marek Papszun w rozmowie z Polsatem Sport wyzna\u0142, \u017ce w nadchodz\u0105cym starciu nie b\u0119dzie m\u00f3g\u0142 skorzysta\u0107 z Karola Struskiego. Pomocnik wypad\u0142 tu\u017c przed spotkaniem. <\/p>\n<p>Marek Papszun nie owija\u0142 w bawe\u0142n\u0119 przed czwartkowym meczem z Rapidem Wiede\u0144. Trener Rakowa Cz\u0119stochowa przyzna\u0142 wprost na konferencji prasowej, \u017ce chce obj\u0105\u0107 Legi\u0119 Warszawa.<\/p>\n<p>Sytuacja w zespole spod Jasnej G\u00f3ry jest w tym momencie mocno napi\u0119ta, a przecie\u017c ju\u017c wieczorem na stadionie w Sosnowcu dojdzie do wa\u017cnego pojedynku w ramach Ligi Konferencji.<\/p>\n<p>Na domiar z\u0142ego tu\u017c przed spotkaniem w szeregach jednokrotnego mistrza Polski pojawi\u0142 si\u0119 dodatkowy k\u0142opot w postaci urazu wa\u017cnego zawodnika, jakim niew\u0105tpliwie jest Karol Struski.   <\/p>\n<p> Popularne <\/p>\n<\/p>\n<p>Papszun w rozmowie z Polsatem Sport przekaza\u0142, \u017ce pomocnik wypad\u0142 z gry i nie b\u0119dzie m\u00f3g\u0142 wyst\u0105pi\u0107 w najbli\u017cszym spotkaniu z przedstawicielem austriackiej ekstraklasy.<\/p>\n<p>&#8211; Niestety wypad\u0142 Karol Struski i jego jutro nie b\u0119dziemy mieli do dyspozycji &#8211; poinformowa\u0142 szkoleniowiec cz\u0119stochowskiego zespo\u0142u.<\/p>\n<p>Struski dwa ostatnie spotkania Ekstraklasy z Cracovi\u0105 i Piastem Gliwice, a tak\u017ce mecz z pocz\u0105tku listopada w Lidze Konferencji ze Spart\u0105 Praga rozpoczyna\u0142 w wyj\u015bciowym sk\u0142adzie \u201eMedalik\u00f3w\u201d.<\/p>\n<p>Bie\u017c\u0105cy sezon w wykonaniu urodzonego w Lublinie zawodnika sk\u0142ada si\u0119 z siedemnastu rozegranych spotka\u0144, w kt\u00f3rych zanotowa\u0142 jedno ostatnie podanie.<\/p>\n","protected":false},"excerpt":{"rendered":"Rak\u00f3w Cz\u0119stochowa zagra w czwartek z Rapidem Wiede\u0144 w Lidze Konferencji. Marek Papszun w rozmowie z Polsatem Sport&hellip;\n","protected":false},"author":2,"featured_media":121132,"comment_status":"","ping_status":"","sticky":false,"template":"","format":"standard","meta":{"footnotes":""},"categories":[24],"tags":[42,38,40,39,41,127,126],"class_list":{"0":"post-121131","1":"post","2":"type-post","3":"status-publish","4":"format-standard","5":"has-post-thumbnail","7":"category-sport","8":"tag-pl","9":"tag-poland","10":"tag-polish","11":"tag-polska","12":"tag-polski","13":"tag-sport","14":"tag-sports"},"share_on_mastodon":{"url":"https:\/\/pubeurope.com\/@pl\/115622074616460545","error":""},"_links":{"self":[{"href":"https:\/\/www.europesays.com\/pl\/wp-json\/wp\/v2\/posts\/121131","targetHints":{"allow":["GET"]}}],"collection":[{"href":"https:\/\/www.europesays.com\/pl\/wp-json\/wp\/v2\/posts"}],"about":[{"href":"https:\/\/www.europesays.com\/pl\/wp-json\/wp\/v2\/types\/post"}],"author":[{"embeddable":true,"href":"https:\/\/www.europesays.com\/pl\/wp-json\/wp\/v2\/users\/2"}],"replies":[{"embeddable":true,"href":"https:\/\/www.europesays.com\/pl\/wp-json\/wp\/v2\/comments?post=121131"}],"version-history":[{"count":0,"href":"https:\/\/www.europesays.com\/pl\/wp-json\/wp\/v2\/posts\/121131\/revisions"}],"wp:featuredmedia":[{"embeddable":true,"href":"https:\/\/www.europesays.com\/pl\/wp-json\/wp\/v2\/media\/121132"}],"wp:attachment":[{"href":"https:\/\/www.europesays.com\/pl\/wp-json\/wp\/v2\/media?parent=121131"}],"wp:term":[{"taxonomy":"category","embeddable":true,"href":"https:\/\/www.europesays.com\/pl\/wp-json\/wp\/v2\/categories?post=121131"},{"taxonomy":"post_tag","embeddable":true,"href":"https:\/\/www.europesays.com\/pl\/wp-json\/wp\/v2\/tags?post=121131"}],"curies":[{"name":"wp","href":"https:\/\/api.w.org\/{rel}","templated":true}]}}