{"id":121157,"date":"2025-11-27T14:27:09","date_gmt":"2025-11-27T14:27:09","guid":{"rendered":"https:\/\/www.europesays.com\/pl\/121157\/"},"modified":"2025-11-27T14:27:09","modified_gmt":"2025-11-27T14:27:09","slug":"kwasniewska-i-badach-zdobyli-sie-na-szczere-wyznanie-samo-wyszlo-nie-planowali-tego","status":"publish","type":"post","link":"https:\/\/www.europesays.com\/pl\/121157\/","title":{"rendered":"Kwa\u015bniewska i Badach zdobyli si\u0119 na szczere wyznanie. Samo wysz\u0142o, nie planowali tego"},"content":{"rendered":"<p>Kuba Badach i Aleksandra Kwa\u015bniewska maj\u0105 powody do rado\u015bci. To sta\u0142o si\u0119 w listopadzie<\/p>\n<p class=\"typography ids-typeset-body ids-typeset-body--preset-large link paragraph ids-paragraph ids-paragraph--default\"><a href=\"https:\/\/www.pomponik.pl\/gwiazdy-i-produkcje-kuba-badach,gsbi,100\" target=\"_self\" rel=\"nofollow noopener\">Kuba Badach<\/a> i <a href=\"https:\/\/www.pomponik.pl\/gwiazdy-i-produkcje-aleksandra-kwasniewska,gsbi,168\" target=\"_self\" rel=\"nofollow noopener\">Aleksandra Kwa\u015bniewska<\/a> maj\u0105 obecnie nie lada powody do rado\u015bci. S\u0142awni ma\u0142\u017conkowie pracowali ostatnio razem nad p\u0142yt\u0105, kt\u00f3ra mia\u0142a swoj\u0105 premier\u0119 13 listopada. &#8222;Radio Edit&#8221; to album wyj\u0105tkowy, bowiem za wokal odpowiada tutaj Kuba Badach, teksty do wszystkich piosenek napisa\u0142a natomiast jego \u017cona, Aleksandra Kwa\u015bniewska.<\/p>\n<p class=\"typography ids-typeset-body ids-typeset-body--preset-large link paragraph ids-paragraph ids-paragraph--default\">&#8222;Wiedzia\u0142em, \u017ce Ola \u015bwietnie w\u0142ada s\u0142owem. Najlepszym przyk\u0142adem by\u0142y wszystkie wywiady, bo przez wiele lat pracowa\u0142a jako dziennikarka. I ci\u0105gle pracuje. Ale je\u015bli chodzi o stron\u0119 muzyczn\u0105, to pierwszy taki b\u0142ysk mieli\u015bmy przy p\u0142ycie 'Oldschool&#8217;, gdzie Ola uratowa\u0142a mi sk\u00f3r\u0119, bo brakowa\u0142o mi kilku tekst\u00f3w&#8221; &#8211; wyzna\u0142 piosenkarz podczas wizyty w studiu programu <a href=\"https:\/\/www.pomponik.pl\/gwiazdy-i-produkcje-pytanie-na-sniadanie,gsbi,292\" target=\"_self\" rel=\"nofollow noopener\">&#8222;Pytanie na \u015bniadanie&#8221;<\/a>.<\/p>\n<p>Bagi komentuje awans do fina\u0142u. Co s\u0105dzi o krytyce \u017bugaj?pomponik.pl<\/p>\n<p>Kwa\u015bniewska i Badach zdobyli si\u0119 na szczere wyznanie. Samo wysz\u0142o, nie planowali tego<\/p>\n<p class=\"typography ids-typeset-body ids-typeset-body--preset-large link paragraph ids-paragraph ids-paragraph--default\">Dziennikarka i kompozytor udzielili ostatnio wywiadu serwisowi Jastrz\u0105b Post. W rozmowie z Karolin\u0105 Motylewsk\u0105 otworzyli si\u0119 na wiele prywatnych temat\u00f3w. Wyjawili, w jaki spos\u00f3b podzielili si\u0119 domowymi obowi\u0105zkami. Okazuje si\u0119, \u017ce przysz\u0142o im to ca\u0142kiem naturalnie. Badach potwierdzi\u0142 doniesienia ws. ma\u0142\u017ce\u0144stwa z Kwa\u015bniewsk\u0105.<\/p>\n<p class=\"typography ids-typeset-body ids-typeset-body--preset-large link paragraph ids-paragraph ids-paragraph--default\">&#8222;To s\u0105 rzeczy, kt\u00f3re wynikaj\u0105 z obserwacji i z takiego bardzo naturalnego docierania oraz obserwowania w\u0142a\u015bnie tego, jakie mamy cechy, kt\u00f3re predestynuj\u0105 nas do pewnych rzeczy. Ja mog\u0119 tutaj bardzo nieskromnie powiedzie\u0107 o sobie co\u015b, z czego jestem bardzo dumny, i na co moja \u017cona zwraca uwag\u0119 wielokrotnie &#8211; \u017ce mam niebywa\u0142\u0105 pami\u0119\u0107 do zapas\u00f3w domowych&#8221; &#8211; og\u0142osi\u0142, na co Kwa\u015bniewska skwapliwie przytakn\u0119\u0142a.<\/p>\n<p class=\"typography ids-typeset-body ids-typeset-body--preset-large link paragraph ids-paragraph ids-paragraph--default\">&#8222;Mamy bardzo naturalny podzia\u0142 obowi\u0105zk\u00f3w, na kt\u00f3ry si\u0119 nie umawiali\u015bmy, ale wynika on po prostu z naszych cech osobowo\u015bci.\u00a0Poniewa\u017c ja nie znosz\u0119 sprz\u0105ta\u0107, a bardzo lubi\u0119 gotowa\u0107, a Kuba nie lubi gotowa\u0107, nie potrafi gotowa\u0107, a potrafi sprz\u0105ta\u0107, wi\u0119c nie musieli\u015bmy si\u0119 umawia\u0107. Tak si\u0119 po prostu fortunnie z\u0142o\u017cy\u0142a&#8221; &#8211; podkre\u015bli\u0142a dziennikarka.<\/p>\n<p>Czytaj tak\u017ce:<a id=\"a-img\" class=\"hl-6\"><img class=\"hl-8\"\/><\/a><a id=\"a-main\" class=\"hl-9\"\/>Halo! Wejd\u017a na <a id=\"halo-text-a\" href=\"https:\/\/halotu.polsat.pl#parametr=link_halo\" rel=\"nofollow noopener\" target=\"_blank\">halotu.polsat.pl<\/a> i nie przegap naj\u015bwie\u017cszych informacji z poranka w Polsacie.<\/p>\n<ul class=\"typography ids-typeset-body ids-typeset-body--preset-small list--article-list ids-list ids-list--unordered ids-list--size-small \" datatype=\"disc\">\n<li class=\"ids-list-item ids-list-item__content brief-list-item\"><a class=\"ids-undecorated-link link ids-link \" data-spons=\"false\" href=\"https:\/\/www.pomponik.pl\/domy-i-majatki\/news-kwasniewska-i-badach-pochwalili-sie-ogromna-posiadloscia-o-t,nId,22459430\" rel=\"nofollow noopener\" target=\"_blank\">Kwa\u015bniewska i Badach pochwalili si\u0119 ogromn\u0105 posiad\u0142o\u015bci\u0105. O tak luksusowym domu wi\u0119kszo\u015b\u0107 mo\u017ce tylko pomarzy\u0107<\/a><\/li>\n<li class=\"ids-list-item ids-list-item__content brief-list-item\"><a class=\"ids-undecorated-link link ids-link \" data-spons=\"false\" href=\"https:\/\/www.pomponik.pl\/relacje-i-zwiazki\/news-badach-wspomina-trudne-chwile-z-kwasniewska-tym-kierowal-sie,nId,22457353\" rel=\"nofollow noopener\" target=\"_blank\">Badach wspomina trudne chwile z Kwa\u015bniewsk\u0105. Tym kierowa\u0142 si\u0119 przy podejmowaniu decyzji<\/a><\/li>\n<\/ul>\n","protected":false},"excerpt":{"rendered":"Kuba Badach i Aleksandra Kwa\u015bniewska maj\u0105 powody do rado\u015bci. To sta\u0142o si\u0119 w listopadzie Kuba Badach i Aleksandra&hellip;\n","protected":false},"author":2,"featured_media":112958,"comment_status":"","ping_status":"","sticky":false,"template":"","format":"standard","meta":{"footnotes":""},"categories":[22],"tags":[122,42,38,40,39,41,123],"class_list":{"0":"post-121157","1":"post","2":"type-post","3":"status-publish","4":"format-standard","5":"has-post-thumbnail","7":"category-rozrywka","8":"tag-entertainment","9":"tag-pl","10":"tag-poland","11":"tag-polish","12":"tag-polska","13":"tag-polski","14":"tag-rozrywka"},"share_on_mastodon":{"url":"https:\/\/pubeurope.com\/@pl\/115622133266661306","error":""},"_links":{"self":[{"href":"https:\/\/www.europesays.com\/pl\/wp-json\/wp\/v2\/posts\/121157","targetHints":{"allow":["GET"]}}],"collection":[{"href":"https:\/\/www.europesays.com\/pl\/wp-json\/wp\/v2\/posts"}],"about":[{"href":"https:\/\/www.europesays.com\/pl\/wp-json\/wp\/v2\/types\/post"}],"author":[{"embeddable":true,"href":"https:\/\/www.europesays.com\/pl\/wp-json\/wp\/v2\/users\/2"}],"replies":[{"embeddable":true,"href":"https:\/\/www.europesays.com\/pl\/wp-json\/wp\/v2\/comments?post=121157"}],"version-history":[{"count":0,"href":"https:\/\/www.europesays.com\/pl\/wp-json\/wp\/v2\/posts\/121157\/revisions"}],"wp:featuredmedia":[{"embeddable":true,"href":"https:\/\/www.europesays.com\/pl\/wp-json\/wp\/v2\/media\/112958"}],"wp:attachment":[{"href":"https:\/\/www.europesays.com\/pl\/wp-json\/wp\/v2\/media?parent=121157"}],"wp:term":[{"taxonomy":"category","embeddable":true,"href":"https:\/\/www.europesays.com\/pl\/wp-json\/wp\/v2\/categories?post=121157"},{"taxonomy":"post_tag","embeddable":true,"href":"https:\/\/www.europesays.com\/pl\/wp-json\/wp\/v2\/tags?post=121157"}],"curies":[{"name":"wp","href":"https:\/\/api.w.org\/{rel}","templated":true}]}}