{"id":121164,"date":"2025-11-27T14:32:09","date_gmt":"2025-11-27T14:32:09","guid":{"rendered":"https:\/\/www.europesays.com\/pl\/121164\/"},"modified":"2025-11-27T14:32:09","modified_gmt":"2025-11-27T14:32:09","slug":"sad-zdecydowal-w-sprawie-anny-muchy-przeciwko-paulinie-smaszcz-juz-wszystko-jasne-2","status":"publish","type":"post","link":"https:\/\/www.europesays.com\/pl\/121164\/","title":{"rendered":"S\u0105d zdecydowa\u0142 w sprawie Anny Muchy przeciwko Paulinie Smaszcz. Ju\u017c wszystko jasne"},"content":{"rendered":"<p class=\"ods-c-paragraph \">Od dw\u00f3ch lat trwa sp\u00f3r mi\u0119dzy Ann\u0105 Much\u0105 a Paulin\u0105 Smaszcz, kt\u00f3ra udost\u0119pni\u0142a w sieci wra\u017cliwe dane osobowe aktorki. Z tego powodu gwiazda oskar\u017cy\u0142a by\u0142\u0105 \u017con\u0119 Macieja Kurzajewskiego o naruszenie d\u00f3br osobistych. Cho\u0107 zapad\u0142 wyrok nakazuj\u0105cy, Smaszcz wnios\u0142a sprzeciw, w wyniku czego orzeczenie utraci\u0142o moc.<\/p>\n<p class=\"ods-c-paragraph \"><a href=\"https:\/\/plejada.pl\/newsy\/anna-mucha-kpiaco-podsumowala-prawnika-pauliny-smaszcz-zle-zagrana-rola\/wx5cgcw\" id=\"0c13a6d4-1b4d-4d56-9caf-6fe2c029411b\" rel=\"nofollow noopener\" target=\"_blank\">14 pa\u017adziernika odby\u0142a si\u0119 kolejna rozprawa<\/a>, podczas kt\u00f3rej aktorka zwr\u00f3ci\u0142a si\u0119 do prawnika celebrytki. &#8222;Wsp\u00f3\u0142czuj\u0119 panu, ma pan \u017ale napisany scenariusz i \u017ale zagran\u0105 rol\u0119&#8221; \u2014 m\u00f3wi\u0142a, cytowana przez &#8222;Fakt&#8221;.<\/p>\n<p>Dalszy ci\u0105g artyku\u0142u pod materia\u0142em wideo<\/p>\n<p> Jakie by\u0142y zarzuty wobec Pauliny Smaszcz? <\/p>\n<p> Co postanowi\u0142 s\u0105d w sprawie Anny Muchy? <\/p>\n<p> Kto by\u0142 obecny na rozprawie s\u0105dowej? <\/p>\n<p> Jak\u0105 kwot\u0119 zas\u0105dzono od Pauliny Smaszcz? <\/p>\n<p>  S\u0105d zdecydowa\u0142 w sprawie Anny Muchy przeciwko Pauliny Smaszcz. Ju\u017c wszystko jasne<\/p>\n<p class=\"ods-c-paragraph \">W czwartkowy poranek, 27 listopada, odby\u0142a si\u0119 kolejna rozprawa s\u0105dowa, na kt\u00f3r\u0105 przysz\u0142a Anna Mucha, natomiast zabrak\u0142o Pauliny Smaszcz. <a href=\"https:\/\/ludzie.fakt.pl\/anna-mucha-sadzi-sie-ze-smaszcz-jej-zachowanie-na-korytarzu-mowi-wszystko\/v0q50kj\" id=\"213d76f0-4123-44d9-8da2-dca86ad36a94\" rel=\"nofollow noopener\" target=\"_blank\">Jak relacjonuje &#8222;Fakt&#8221;<\/a>, aktorka by\u0142a rozpromieniona i pewna, \u017ce uda jej si\u0119 wygra\u0107 spraw\u0119. Towarzyszy\u0142 jej ukochany, Jakub Wons.<\/p>\n<p class=\"ods-c-paragraph \">W pewnym momencie zar\u00f3wno partner, jak i dziennikarze musieli opu\u015bci\u0107 sal\u0119 rozpraw, pozostali na niej jedynie Anna Mucha, pe\u0142nomocnik Smaszcz oraz \u015bwiadek, ze wzgl\u0119du na kt\u00f3rego s\u0105d postanowi\u0142 wy\u0142\u0105czy\u0107 jawno\u015b\u0107 sprawy.<\/p>\n<p class=\"ods-c-paragraph \">Obecni na miejscu reporterzy Pudelka przekazali, \u017ce w sprawie zapad\u0142 nieprawomocny wyrok, przyznaj\u0105cy, \u017ce Paulina Smaszcz dopu\u015bci\u0142a si\u0119 zarzuconego czynu. Tym samym zas\u0105dzono od niej 140 z\u0142 tytu\u0142em koszt\u00f3w s\u0105dowych. Post\u0119powanie zosta\u0142o umorzone na dwa lata.<\/p>\n<p>   <img decoding=\"async\" src=\"https:\/\/cdn.plejada.pl\/1\/jcxk9lBaHR0cHM6Ly9vY2RuLmV1L3B1bHNjbXMvTURBXy85NTljOTlkNjg1NTcxNzRkOTQ3OTRlMDZiMDAzMjBlNS5qcGeRlQLNAhXNAyDCw94AAqEwB6ExBA\" height=\"529\" width=\"940\" alt=\"Paulina Smaszcz (2024 r.)\" loading=\"lazy\" class=\"ods-c-image__img ods-c-image__img--vertical\"\/><\/p>\n<p>Paulina Smaszcz (2024 r.)Andras Szilagyi \/ MW Media<\/p>\n<p> <img decoding=\"async\" src=\"https:\/\/cdn.plejada.pl\/1\/yLnk9lBaHR0cHM6Ly9vY2RuLmV1L3B1bHNjbXMvTURBXy83NDJmMjBlYjA2YzJkYjg3NDI1MmJlZmFiNzVjMzE2Yy5qcGeRlQLNAhXNAyDCw94AAqEwB6ExBA\" height=\"529\" width=\"940\" alt=\"Anna Mucha\" loading=\"lazy\" class=\"ods-c-image__img ods-c-image__img--vertical\"\/><\/p>\n<p>Anna MuchaMW Media<\/p>\n<p class=\"ods-c-paragraph \">Dzi\u0119kujemy, \u017ce przeczyta\u0142a\u015b\/e\u015b nasz artyku\u0142 do ko\u0144ca. W serwisie Plejada.pl ka\u017cdego dnia piszemy o najwa\u017cniejszych wydarzeniach show-biznesowych. B\u0105d\u017a na bie\u017c\u0105co! <a rel=\"nofollow noopener\" href=\"https:\/\/news.google.com\/publications\/CAAiEF0PeAlb7W1llpV_mwV2rL4qFAgKIhBdD3gJW-1tZZaVf5sFdqy-?hl=pl&amp;gl=PL&amp;ceid=PL%3Apl\" id=\"fe750f61-e08f-4243-b5c8-f987c9ff9d32\" target=\"_blank\">Obserwuj<\/a> Plejad\u0119 w Google. Odwied\u017a nas tak\u017ce na <a rel=\"nofollow noopener\" href=\"https:\/\/www.facebook.com\/plejadapl\" id=\"f7ee497a-7846-4897-9b2d-2a46e7e2329b\" target=\"_blank\">Facebooku<\/a>, <a rel=\"nofollow noopener\" href=\"https:\/\/www.instagram.com\/plejadapl\/\" id=\"5b869e60-e7ac-4b5a-a2c7-89f14edb6a15\" target=\"_blank\">Instagramie<\/a>, <a rel=\"nofollow noopener\" href=\"https:\/\/www.youtube.com\/c\/plejada\" id=\"ca027bef-636f-4ca5-9679-bff16b478df4\" target=\"_blank\">YouTubie<\/a> oraz <a rel=\"nofollow noopener\" href=\"https:\/\/www.tiktok.com\/@plejada_pl\" id=\"c81820e9-1974-49a9-9dd0-a1be36b5ac27\" target=\"_blank\">TikToku<\/a>.<\/p>\n<p class=\"ods-c-paragraph \">Chcesz podzieli\u0107 si\u0119 ciekawym newsem lub zaproponowa\u0107 temat? Skontaktuj si\u0119 z nami, pisz\u0105c maila na adres: <a rel=\"nofollow noopener\" href=\"https:\/\/plejada.pl\/newsy\/sad-zdecydowal-w-sprawie-anny-muchy-przeciwko-paulinie-smaszcz-juz-wszystko-jasne\/mailto:plejada@redakcjaonet.pl\" id=\"349e5e0b-68b9-410b-a9ab-2617b776ac82\" target=\"_blank\">plejada@redakcjaon<\/a><a rel=\"nofollow noopener\" href=\"https:\/\/et.pl\/\" id=\"581892c3-d153-49ec-ad7a-ab609da7c383\" target=\"_blank\">et.pl<\/a>.<\/p>\n<p><script async src=\"\/\/www.instagram.com\/embed.js\"><\/script><script async src=\"\/\/www.tiktok.com\/embed.js\"><\/script><\/p>\n","protected":false},"excerpt":{"rendered":"Od dw\u00f3ch lat trwa sp\u00f3r mi\u0119dzy Ann\u0105 Much\u0105 a Paulin\u0105 Smaszcz, kt\u00f3ra udost\u0119pni\u0142a w sieci wra\u017cliwe dane osobowe&hellip;\n","protected":false},"author":2,"featured_media":121165,"comment_status":"","ping_status":"","sticky":false,"template":"","format":"standard","meta":{"footnotes":""},"categories":[5],"tags":[6951,32,33,36,37,27,34,35,28,31,48,25,125,46,5769,42,38,40,39,41,47,29,30,26],"class_list":{"0":"post-121164","1":"post","2":"type-post","3":"status-publish","4":"format-standard","5":"has-post-thumbnail","7":"category-naglowki","8":"tag-anna_mucha","9":"tag-breaking-news","10":"tag-breakingnews","11":"tag-featured-news","12":"tag-featurednews","13":"tag-headlines","14":"tag-latest-news","15":"tag-latestnews","16":"tag-naglowki","17":"tag-najwazniejsze-artykuly","18":"tag-nat_styl","19":"tag-news","20":"tag-newsy","21":"tag-omp","22":"tag-paulina_smaszcz","23":"tag-pl","24":"tag-poland","25":"tag-polish","26":"tag-polska","27":"tag-polski","28":"tag-screening_general","29":"tag-top-stories","30":"tag-topstories","31":"tag-wiadomosci"},"share_on_mastodon":{"url":"https:\/\/pubeurope.com\/@pl\/115622153366702020","error":""},"_links":{"self":[{"href":"https:\/\/www.europesays.com\/pl\/wp-json\/wp\/v2\/posts\/121164","targetHints":{"allow":["GET"]}}],"collection":[{"href":"https:\/\/www.europesays.com\/pl\/wp-json\/wp\/v2\/posts"}],"about":[{"href":"https:\/\/www.europesays.com\/pl\/wp-json\/wp\/v2\/types\/post"}],"author":[{"embeddable":true,"href":"https:\/\/www.europesays.com\/pl\/wp-json\/wp\/v2\/users\/2"}],"replies":[{"embeddable":true,"href":"https:\/\/www.europesays.com\/pl\/wp-json\/wp\/v2\/comments?post=121164"}],"version-history":[{"count":0,"href":"https:\/\/www.europesays.com\/pl\/wp-json\/wp\/v2\/posts\/121164\/revisions"}],"wp:featuredmedia":[{"embeddable":true,"href":"https:\/\/www.europesays.com\/pl\/wp-json\/wp\/v2\/media\/121165"}],"wp:attachment":[{"href":"https:\/\/www.europesays.com\/pl\/wp-json\/wp\/v2\/media?parent=121164"}],"wp:term":[{"taxonomy":"category","embeddable":true,"href":"https:\/\/www.europesays.com\/pl\/wp-json\/wp\/v2\/categories?post=121164"},{"taxonomy":"post_tag","embeddable":true,"href":"https:\/\/www.europesays.com\/pl\/wp-json\/wp\/v2\/tags?post=121164"}],"curies":[{"name":"wp","href":"https:\/\/api.w.org\/{rel}","templated":true}]}}