{"id":121169,"date":"2025-11-27T14:36:04","date_gmt":"2025-11-27T14:36:04","guid":{"rendered":"https:\/\/www.europesays.com\/pl\/121169\/"},"modified":"2025-11-27T14:36:04","modified_gmt":"2025-11-27T14:36:04","slug":"wiek-emerytalny-do-zmiany-co-zrobi-rzad-donalda-tuska","status":"publish","type":"post","link":"https:\/\/www.europesays.com\/pl\/121169\/","title":{"rendered":"Wiek emerytalny do zmiany. Co zrobi rz\u0105d Donalda Tuska?"},"content":{"rendered":"\n<p>&#13;<br \/>\n<a href=\"https:\/\/dorzeczy.pl\/ekonomia\/617490\/do-konca-lipca-mozna-zdecydowac-o-ofe.html\" rel=\"nofollow noopener\" target=\"_blank\">Wiek emerytalny w\u00a0Polsce<\/a> wynosi obecnie 60 lat dla\u00a0kobiet i\u00a065 lat dla\u00a0m\u0119\u017cczyzn. Co\u00a0pewien czas pojawiaj\u0105 si\u0119 postulaty m\u00f3wi\u0105ce, \u017ce\u00a0powinien on zosta\u0107 podniesiony i\u00a0zr\u00f3wnany dla\u00a0obu p\u0142ci. Na\u00a0pocz\u0105tku sierpnia minister funduszy i\u00a0polityki regionalnej Katarzyna Pe\u0142czy\u0144ska-Na\u0142\u0119cze nie\u00a0wykluczy\u0142a, \u017ce\u00a0w\u00a0przysz\u0142o\u015bci potrzebne b\u0119dzie jego podniesienie. &#13;\n<\/p>\n<p>&#13;<br \/>\nRz\u0105d Donalda Tuska na\u00a0razie nie\u00a0wykazuje ch\u0119ci do\u00a0zmian w\u00a0przepisach emerytalnych. W\u00a0przyj\u0119tym niedawno przegl\u0105dzie emerytalnym znalaz\u0142o si\u0119 stwierdzenie, \u017ce\u00a0wiek emerytalny nie\u00a0zostanie podniesiony. W\u00a0zamian rz\u0105d b\u0119dzie podejmowa\u0142 inicjatywy zmierzaj\u0105ce do\u00a0przekonania Polak\u00f3w do\u00a0d\u0142u\u017cszego pozostawania na\u00a0rynku pracy. &#13;\n<\/p>\n<p>Wiek emerytalny do\u00a0zmiany<\/p>\n<p>&#13;<br \/>\nTymczasem Przewodnicz\u0105ca Rz\u0105dowej Rady Ludno\u015bciowej prof. Agnieszka Ch\u0142o\u0144-Domi\u0144czak wskazuje, \u017ce\u00a0polski system emerytalny w\u00a0ci\u0105gu najbli\u017cszych lat b\u0119dzie coraz mocniej obci\u0105\u017cany rosn\u0105c\u0105 liczb\u0105 emeryt\u00f3w. Wp\u0142yw na\u00a0to\u00a0ma przede wszystkim fatalna sytuacja demograficzna, w\u00a0kt\u00f3rej wsp\u00f3\u0142czynnik dzietno\u015bci wynosi 1,1, a\u00a0jednocze\u015bnie liczba os\u00f3b starszych ro\u015bnie. Odpowiedzi\u0105 na\u00a0te wyzwania powinny by\u0107, zdaniem ekspertki, odpowiednia polityka migracyjna oraz\u00a0podniesienie wieku emerytalnego. &#13;\n<\/p>\n<p>&#13;<br \/>\n\u2013 Je\u017celi chodzi o\u00a0wiek emerytalny, to\u00a0oczywi\u015bcie konieczne jest zr\u00f3wnanie wieku emerytalnego kobiet i\u00a0m\u0119\u017cczyzn. Kobiety s\u0105 lepiej wykszta\u0142cone, d\u0142u\u017cej \u017cyj\u0105 i\u00a0s\u0105 zdrowsze ni\u017c\u00a0m\u0119\u017cczy\u017ani, i\u00a0jednocze\u015bnie ten ich potencja\u0142 jest tracony, kiedy przechodz\u0105 na\u00a0emerytur\u0119 w\u00a0wieku 60 lat \u2013\u00a0stwierdzi\u0142a. &#13;\n<\/p>\n<p>&#13;<br \/>\nCh\u0142o\u0144-Domi\u0144czak przypomnia\u0142a, \u017ce\u00a0obecnie standardem w\u00a0Europie jest wuek emerytalny na\u00a0poziomie 67 lat dla\u00a0obu p\u0142ci. Coraz wi\u0119cej pa\u0144stw przesuwa jednak t\u0119\u00a0granic\u0119 do\u00a070. roku \u017cycia. Profesor przyznaje jednak, \u017ce\u00a0kwestia podnoszenia wieku emerytalnego jest wra\u017cliwa politycznie. &#13;\n<\/p>\n<p>&#13;<br \/>\n\u2013 Je\u017celi nie\u00a0mo\u017cemy ustawowo, to\u00a0na pewno system zach\u0119t jest potrzebny, aczkolwiek je\u017celi popatrzymy historycznie na\u00a0to, jak wygl\u0105daj\u0105 decyzje emerytalne Polak\u00f3w, to\u00a0wida\u0107 bardzo wyra\u017anie, \u017ce\u00a0jednak ten ustawowy wiek emerytalny jest istotn\u0105 granic\u0105 \u2013\u00a0wskaza\u0142a. &#13;\n<\/p>\n<p>&#13;<br \/>\nCzytaj te\u017c:<br \/><a href=\"https:\/\/dorzeczy.pl\/ekonomia\/809205\/zus-podal-srednia-wysokosc-emerytury-sprawdz-czy-taka-masz.html\" rel=\"follow nofollow noopener\" data-schema=\"DORZECZY\" data-image=\"https:\/\/img.dorzeczy.pl\/_thumb\/f8\/43\/d9f914f20a78f86c59e5848754d4.jpeg\" target=\"_blank\">ZUS poda\u0142 \u015bredni\u0105 wysoko\u015b\u0107 emerytury. Zobacz, czy\u00a0tak\u0105 masz<\/a>Czytaj te\u017c:<br \/><a href=\"https:\/\/dorzeczy.pl\/ekonomia\/808440\/polacy-apeluja-do-nawrockiego-prezydent-zamierza-interweniowac.html\" rel=\"follow nofollow noopener\" data-schema=\"DORZECZY\" data-image=\"https:\/\/img.dorzeczy.pl\/_thumb\/ce\/c3\/780b3dfd0aa92192d83155af5378.jpeg\" target=\"_blank\">Coraz wi\u0119cej Polak\u00f3w apeluje do\u00a0Nawrockiego. Prezydent zamierza interweniowa\u0107<\/a>&#13;<\/p>\n","protected":false},"excerpt":{"rendered":"&#13; Wiek emerytalny w\u00a0Polsce wynosi obecnie 60 lat dla\u00a0kobiet i\u00a065 lat dla\u00a0m\u0119\u017cczyzn. Co\u00a0pewien czas pojawiaj\u0105 si\u0119 postulaty m\u00f3wi\u0105ce,&hellip;\n","protected":false},"author":2,"featured_media":121170,"comment_status":"","ping_status":"","sticky":false,"template":"","format":"standard","meta":{"footnotes":""},"categories":[16],"tags":[113,112,25996,98,105,49,102,42,367,38,40,39,41,20439],"class_list":{"0":"post-121169","1":"post","2":"type-post","3":"status-publish","4":"format-standard","5":"has-post-thumbnail","7":"category-biznes","8":"tag-biznes","9":"tag-business","10":"tag-chlon-dominczak","11":"tag-dorzeczy","12":"tag-ekonomia","13":"tag-kraj","14":"tag-opinie","15":"tag-pl","16":"tag-polacy","17":"tag-poland","18":"tag-polish","19":"tag-polska","20":"tag-polski","21":"tag-wiek-emerytalny"},"share_on_mastodon":{"url":"https:\/\/pubeurope.com\/@pl\/115622168691626407","error":""},"_links":{"self":[{"href":"https:\/\/www.europesays.com\/pl\/wp-json\/wp\/v2\/posts\/121169","targetHints":{"allow":["GET"]}}],"collection":[{"href":"https:\/\/www.europesays.com\/pl\/wp-json\/wp\/v2\/posts"}],"about":[{"href":"https:\/\/www.europesays.com\/pl\/wp-json\/wp\/v2\/types\/post"}],"author":[{"embeddable":true,"href":"https:\/\/www.europesays.com\/pl\/wp-json\/wp\/v2\/users\/2"}],"replies":[{"embeddable":true,"href":"https:\/\/www.europesays.com\/pl\/wp-json\/wp\/v2\/comments?post=121169"}],"version-history":[{"count":0,"href":"https:\/\/www.europesays.com\/pl\/wp-json\/wp\/v2\/posts\/121169\/revisions"}],"wp:featuredmedia":[{"embeddable":true,"href":"https:\/\/www.europesays.com\/pl\/wp-json\/wp\/v2\/media\/121170"}],"wp:attachment":[{"href":"https:\/\/www.europesays.com\/pl\/wp-json\/wp\/v2\/media?parent=121169"}],"wp:term":[{"taxonomy":"category","embeddable":true,"href":"https:\/\/www.europesays.com\/pl\/wp-json\/wp\/v2\/categories?post=121169"},{"taxonomy":"post_tag","embeddable":true,"href":"https:\/\/www.europesays.com\/pl\/wp-json\/wp\/v2\/tags?post=121169"}],"curies":[{"name":"wp","href":"https:\/\/api.w.org\/{rel}","templated":true}]}}