{"id":121201,"date":"2025-11-27T14:54:08","date_gmt":"2025-11-27T14:54:08","guid":{"rendered":"https:\/\/www.europesays.com\/pl\/121201\/"},"modified":"2025-11-27T14:54:08","modified_gmt":"2025-11-27T14:54:08","slug":"o-lewandowskim-wspomnial-jednym-zdaniem-wystarczy-by-zabolalo-polaka-sportowefakty","status":"publish","type":"post","link":"https:\/\/www.europesays.com\/pl\/121201\/","title":{"rendered":"O Lewandowskim wspomnia\u0142 jednym zdaniem. Wystarczy, by zabola\u0142o Polaka &#8211; SportoweFakty"},"content":{"rendered":"<ol>\n<li><a href=\"https:\/\/news.google.com\/rss\/articles\/CBMitwFBVV95cUxNUWdLUWdfS2g1LUw4SHlLSXM2eTlwWG5ERDgzVlNLR00wdnk5dFhGSTNNNnFWT1N5akl0Q3ZoZ3ByaWVPb0dMVE1IMi1xV1YwdmRUN1ppRmoxc3F5Q3M4T1hEaWxMSVZZaUwwY2M2X0dFdl9vUmRrcVNsRTVWNEZpQ3FBZWIwaTZQLXNKU2d1Y05pYVN5bG1wX3AwVTlDLUxhcWw2YVp0ellWa1lFOFNjUVJzczh6Wmc?oc=5\" target=\"_blank\" rel=\"nofollow noopener\">O Lewandowskim wspomnia\u0142 jednym zdaniem. Wystarczy, by zabola\u0142o Polaka<\/a>&nbsp;&nbsp;SportoweFakty<\/li>\n<li><a href=\"https:\/\/news.google.com\/rss\/articles\/CBMivwFBVV95cUxNbUVCNG51aS1yUHAxRnNPbWo4dmNlZU5nYTZZQncwOF81NVRyQXllZGVRY21zc1FzVlcwU1ExZzB6Z0NRLXMzT25wYnMxUHBhMGtjMDRnS0JkX1Q5QmxKZWxyMUlDc2NIMU9xZ05VQWpEeVl4NGRDWWZvUzJTV3BFZ1RNVGl6c25QYklZMXBleEpsenhpMWIwOHA3c3BGVm80OUlGbzJRelhvVFdQamxtczBwMFR6blBvSGduQ2tPSQ?oc=5\" target=\"_blank\" rel=\"nofollow noopener\">Bulwersuj\u0105ce sceny w Barcelonie, Lewandowski nie m\u00f3g\u0142 w to uwierzy\u0107. La Liga potwierdza zawieszenie<\/a>&nbsp;&nbsp;Sport w INTERIA.PL<\/li>\n<li><a href=\"https:\/\/news.google.com\/rss\/articles\/CBMizgFBVV95cUxOZWVMcGhSWlhtczVRcy1EQWxhN0owM2hJYjZqWnJaam5SMHNMamdrUHRtbGt3d3hpMFRfV0l2SDU4YW5wUHdBb2lSeGUwZ1E5eHV3Um9YREVnQUtBV3dDQlc2YXFjb2lCLUlsbUxWVEhjWUc4c2RLSEhGYWhDM01UaEJOTF9qVXVjakU2NTF6VE5JZV9ZakI3TW1rZnpETmZfczFBS3RCOTVlcFA0WWNweGZEai12RnZWOHhOcWVvaXJCRjRKU1Q1M0tTNU9kQQ?oc=5\" target=\"_blank\" rel=\"nofollow noopener\">Hansi Flick wyda\u0142 wyrok po kl\u0119sce Barcelony. Oto kto ju\u017c ma problem<\/a>&nbsp;&nbsp;Przegl\u0105d Sportowy Onet<\/li>\n<li><a href=\"https:\/\/news.google.com\/rss\/articles\/CBMiogFBVV95cUxQNVNrd3ZoRU5DMEdycHhyMzVoTDlqV2ZHRXUzTVNIQVMtaWNCSjB6NmlHM1B4TGxTeXN3U29SLXVQcmhPSURrak1DWER0cUQtbk9iNG1uUmk1aVJ3X21TVFk0bGwyNXZtMENZMGF4dGRIcDctMHdfbHFCSDMySlZQWFFNMWxFdVo5QWRTckVPSzUwM01WNm8tUEdpbEliVEZhNFE?oc=5\" target=\"_blank\" rel=\"nofollow noopener\">Burza po s\u0142owach rywala Szcz\u0119snego. 'To niewiarygodne&#8217; Pi\u0142ka no\u017cna<\/a>&nbsp;&nbsp;Sport.pl<\/li>\n<li><a href=\"https:\/\/news.google.com\/rss\/articles\/CBMipgFBVV95cUxNbWhWX3I2N0lKVnlLM0EzTk9za3NuVTM2V0hrVVhDWWI2Mm9ZRE1Yb3prRUc0M00ySVVsQzEyNFAtbks4aV9BUF9RR2dlZUhjZlg5eXRCa3B5V0xNZlREbkJtMTRfc2VVdnl5RFg1Y0l5bm9VWm1WTWhZZVBFMG9nWG1aS1dSZV9hd3p1UG1TUV93MjNZdzBZdkZhTWhiTE1qUE5ONjVB?oc=5\" target=\"_blank\" rel=\"nofollow noopener\">P\u015a w skokach Falun relacja na \u017cywo [wynik, live]<\/a>&nbsp;&nbsp;Meczyki.pl<\/li>\n<\/ol>\n","protected":false},"excerpt":{"rendered":"O Lewandowskim wspomnia\u0142 jednym zdaniem. Wystarczy, by zabola\u0142o Polaka&nbsp;&nbsp;SportoweFakty Bulwersuj\u0105ce sceny w Barcelonie, Lewandowski nie m\u00f3g\u0142 w to&hellip;\n","protected":false},"author":2,"featured_media":121202,"comment_status":"","ping_status":"","sticky":false,"template":"","format":"standard","meta":{"footnotes":""},"categories":[24],"tags":[1157,693,272,267,538,270,269,540,278,42,901,38,40,39,41,273,127,126],"class_list":{"0":"post-121201","1":"post","2":"type-post","3":"status-publish","4":"format-standard","5":"has-post-thumbnail","7":"category-sport","8":"tag-barcelona","9":"tag-europejskie-puchary","10":"tag-fc-barcelona","11":"tag-hiszpania","12":"tag-la-liga","13":"tag-liga-mistrzow","14":"tag-pilka-nozna","15":"tag-pilka-nozna-w-hiszpanii","16":"tag-pilka-w-europie","17":"tag-pl","18":"tag-polacy-za-granica","19":"tag-poland","20":"tag-polish","21":"tag-polska","22":"tag-polski","23":"tag-robert-lewandowski","24":"tag-sport","25":"tag-sports"},"share_on_mastodon":{"url":"https:\/\/pubeurope.com\/@pl\/115622239462268430","error":""},"_links":{"self":[{"href":"https:\/\/www.europesays.com\/pl\/wp-json\/wp\/v2\/posts\/121201","targetHints":{"allow":["GET"]}}],"collection":[{"href":"https:\/\/www.europesays.com\/pl\/wp-json\/wp\/v2\/posts"}],"about":[{"href":"https:\/\/www.europesays.com\/pl\/wp-json\/wp\/v2\/types\/post"}],"author":[{"embeddable":true,"href":"https:\/\/www.europesays.com\/pl\/wp-json\/wp\/v2\/users\/2"}],"replies":[{"embeddable":true,"href":"https:\/\/www.europesays.com\/pl\/wp-json\/wp\/v2\/comments?post=121201"}],"version-history":[{"count":0,"href":"https:\/\/www.europesays.com\/pl\/wp-json\/wp\/v2\/posts\/121201\/revisions"}],"wp:featuredmedia":[{"embeddable":true,"href":"https:\/\/www.europesays.com\/pl\/wp-json\/wp\/v2\/media\/121202"}],"wp:attachment":[{"href":"https:\/\/www.europesays.com\/pl\/wp-json\/wp\/v2\/media?parent=121201"}],"wp:term":[{"taxonomy":"category","embeddable":true,"href":"https:\/\/www.europesays.com\/pl\/wp-json\/wp\/v2\/categories?post=121201"},{"taxonomy":"post_tag","embeddable":true,"href":"https:\/\/www.europesays.com\/pl\/wp-json\/wp\/v2\/tags?post=121201"}],"curies":[{"name":"wp","href":"https:\/\/api.w.org\/{rel}","templated":true}]}}