{"id":121226,"date":"2025-11-27T15:14:08","date_gmt":"2025-11-27T15:14:08","guid":{"rendered":"https:\/\/www.europesays.com\/pl\/121226\/"},"modified":"2025-11-27T15:14:08","modified_gmt":"2025-11-27T15:14:08","slug":"andrzej-duda-pochwalil-sie-przelewem-tyle-wynosi-jego-emerytura","status":"publish","type":"post","link":"https:\/\/www.europesays.com\/pl\/121226\/","title":{"rendered":"Andrzej Duda pochwali\u0142 si\u0119 przelewem. Tyle wynosi jego emerytura"},"content":{"rendered":"<p class=\"Paragraph_desktopParagraph__U31Gm\">By\u0142y prezydent <a href=\"https:\/\/plejada.pl\/andrzej-duda-polski-prezydent\" id=\"376a8a53-ccf4-48b5-a168-c6c47261a50b\" rel=\"nofollow noopener\" target=\"_blank\">Andrzej Duda<\/a>, kt\u00f3ry 6 sierpnia zako\u0144czy\u0142 swoj\u0105 drug\u0105 kadencj\u0119, nie zwalnia tempa. Zamiast odpoczynku, by\u0142y przyw\u00f3dca Polski aktywnie anga\u017cuje si\u0119 w \u017cycie publiczne, promuj\u0105c swoj\u0105 autobiografi\u0119, udzielaj\u0105c wywiad\u00f3w i dziel\u0105c si\u0119 refleksjami na temat \u017cycia po opuszczeniu Pa\u0142acu Prezydenckiego. W czwartek, 27 listopada Duda zaskoczy\u0142 swoich obserwator\u00f3w w mediach spo\u0142eczno\u015bciowych, publikuj\u0105c szczeg\u00f3\u0142y dotycz\u0105ce wysoko\u015bci swojej emerytury prezydenckiej.<\/p>\n<ul class=\"OchatFollowUps_wrapper__1ry7X\">\n<li class=\"OchatFollowUps_item__Dhyly OchatFollowUps_itemDesktop__R6aBv\">Jak\u0105 kwot\u0119 emerytury otrzymuje Andrzej Duda?<\/li>\n<li class=\"OchatFollowUps_item__Dhyly OchatFollowUps_itemDesktop__R6aBv\">Kiedy Andrzej Duda przeszed\u0142 na emerytur\u0119?<\/li>\n<li class=\"OchatFollowUps_item__Dhyly OchatFollowUps_itemDesktop__R6aBv\">Ile wynosi pensja zasadnicza urz\u0119duj\u0105cego prezydenta w 2025 roku?<\/li>\n<li class=\"OchatFollowUps_item__Dhyly OchatFollowUps_itemDesktop__R6aBv\">Co Andrzej Duda robi po zako\u0144czeniu prezydentury?<\/li>\n<\/ul>\n<p>Oto emerytura Andrzeja Dudy. Tyle b\u0119dzie dostawa\u0142 od pa\u0144stwa <\/p>\n<p class=\"Paragraph_desktopParagraph__U31Gm\">Zgodnie z obowi\u0105zuj\u0105cymi przepisami, byli prezydenci Polski otrzymuj\u0105 do\u017cywotnie \u015bwiadczenie w wysoko\u015bci 75 proc. wynagrodzenia zasadniczego urz\u0119duj\u0105cego prezydenta. W 2025 r., po planowanej podwy\u017cce pensji prezydenckiej do 18 tys. 255,30 z\u0142 brutto miesi\u0119cznie, emerytura Andrzeja Dudy wynosi 13 tys. 691,47 z\u0142 brutto. Jednak po odliczeniu podatk\u00f3w, na konto by\u0142ego prezydenta wp\u0142ywa znacznie mniej.<\/p>\n<p class=\"Paragraph_desktopParagraph__U31Gm\">Andrzej Duda postanowi\u0142 rozwia\u0107 wszelkie spekulacje dotycz\u0105ce wysoko\u015bci swojego \u015bwiadczenia. Na swoim koncie na portalu X zamie\u015bci\u0142 zdj\u0119cie wyci\u0105gu bankowego z komentarzem:<\/p>\n<blockquote>\n<p class=\"Paragraph_desktopParagraph__U31Gm\">Po trzech miesi\u0105cach otrzymywania prezydenckiej &#8222;odprawy&#8221; dosta\u0142em na konto pierwsz\u0105 prezydenck\u0105 &#8222;emerytur\u0119&#8221;. Zobaczcie, \u017ceby nie by\u0142o spekulacji.<\/p>\n<\/blockquote>\n<p class=\"Paragraph_desktopParagraph__U31Gm\">Na opublikowanym screenie widoczny jest przelew w wysoko\u015bci 9 tys. 349 z\u0142, kt\u00f3ry wp\u0142yn\u0105\u0142 pod koniec listopada.<\/p>\n<p class=\"Paragraph_desktopParagraph__U31Gm\">Opr\u00f3cz emerytury Duda otrzyma\u0142 tak\u017ce odpraw\u0119 w wysoko\u015bci trzymiesi\u0119cznego wynagrodzenia, co prze\u0142o\u017cy\u0142o si\u0119 na dodatkowe kilkadziesi\u0105t tysi\u0119cy z\u0142otych.<\/p>\n<p class=\"Paragraph_desktopParagraph__U31Gm\">Po zako\u0144czeniu prezydentury Andrzej Duda nie ogranicza si\u0119 jedynie do roli emeryta. By\u0142y prezydent obj\u0105\u0142 stanowisko w Radzie Nadzorczej firmy ZEN.com, polskiej sp\u00f3\u0142ki fintechowej, gdzie pe\u0142ni funkcj\u0119 doradcz\u0105 i nadzorcz\u0105. Dodatkowo regularnie wyst\u0119puje w Kanale Zero Krzysztofa Stanowskiego oraz aktywnie promuje swoj\u0105 autobiografi\u0119 zatytu\u0142owan\u0105 &#8222;To ja, Andrzej Duda&#8221;.<\/p>\n<p class=\"Paragraph_desktopParagraph__U31Gm\">Dzi\u0119kujemy, \u017ce przeczyta\u0142a\u015b\/e\u015b nasz artyku\u0142 do ko\u0144ca. W serwisie Plejada.pl ka\u017cdego dnia piszemy o najwa\u017cniejszych wydarzeniach show-biznesowych. B\u0105d\u017a na bie\u017c\u0105co! <a rel=\"nofollow noopener\" href=\"https:\/\/profile.google.com\/cp\/Cg0vZy8xMWJ6X19wdHBx\" id=\"d7fe6599-82bd-4699-ae53-7a42d6951e42\" target=\"_blank\">Obserwuj<\/a> Plejad\u0119 w Wiadomo\u015bciach Google. Odwied\u017a nas tak\u017ce na <a rel=\"nofollow noopener\" href=\"https:\/\/www.facebook.com\/plejadapl\" id=\"1e562aff-eb2e-4954-8b91-da3f7169a509\" target=\"_blank\">Facebooku<\/a>, <a rel=\"nofollow noopener\" href=\"https:\/\/www.instagram.com\/plejadapl\/\" id=\"50f597e2-6317-4707-bd38-07fb65162743\" target=\"_blank\">Instagramie<\/a>, <a rel=\"nofollow noopener\" href=\"https:\/\/www.youtube.com\/c\/plejada\" id=\"e87c787b-c9b8-4e0f-b96e-baee1b0b82b4\" target=\"_blank\">YouTube<\/a> oraz <a rel=\"nofollow noopener\" href=\"https:\/\/www.tiktok.com\/@plejada_pl\" id=\"d36ddc63-ceff-4f18-9b23-a2911dacc252\" target=\"_blank\">TikToku<\/a>.<\/p>\n<p class=\"Paragraph_desktopParagraph__U31Gm\">Chcesz podzieli\u0107 si\u0119 ciekawym newsem lub zaproponowa\u0107 temat? Skontaktuj si\u0119 z nami, pisz\u0105c e-maila na adres: <a href=\"https:\/\/www.onet.pl\/styl-zycia\/plejada\/andrzej-duda-pochwalil-sie-przelewem-tyle-wynosi-jego-emerytura\/mailto:plejada@redakcjaonet.pl\" id=\"12023018-345a-447d-8664-a2c6e94f7a78\" rel=\"nofollow noopener\" target=\"_blank\">plejada@redakcjaonet.pl<\/a>.<\/p>\n<p><script async src=\"\/\/www.instagram.com\/embed.js\"><\/script><script async src=\"\/\/www.tiktok.com\/embed.js\"><\/script><\/p>\n","protected":false},"excerpt":{"rendered":"By\u0142y prezydent Andrzej Duda, kt\u00f3ry 6 sierpnia zako\u0144czy\u0142 swoj\u0105 drug\u0105 kadencj\u0119, nie zwalnia tempa. Zamiast odpoczynku, by\u0142y przyw\u00f3dca&hellip;\n","protected":false},"author":2,"featured_media":121227,"comment_status":"","ping_status":"","sticky":false,"template":"","format":"standard","meta":{"footnotes":""},"categories":[5],"tags":[2204,32,33,4287,8211,36,37,27,67,34,35,28,31,53,25,52,68,51,55,42,38,40,39,41,47,196,29,30,65,50,26],"class_list":{"0":"post-121226","1":"post","2":"type-post","3":"status-publish","4":"format-standard","5":"has-post-thumbnail","7":"category-naglowki","8":"tag-andrzej_duda_polski_prezydent","9":"tag-breaking-news","10":"tag-breakingnews","11":"tag-emerytury","12":"tag-emerytury_emerytura_13_emerytura_14_emerytura_system_emerytalny_renta_renty","13":"tag-featured-news","14":"tag-featurednews","15":"tag-headlines","16":"tag-intextvideo_splayer","17":"tag-latest-news","18":"tag-latestnews","19":"tag-naglowki","20":"tag-najwazniejsze-artykuly","21":"tag-new_header","22":"tag-news","23":"tag-onet3","24":"tag-onet3d","25":"tag-onet3d_2i","26":"tag-phx","27":"tag-pl","28":"tag-poland","29":"tag-polish","30":"tag-polska","31":"tag-polski","32":"tag-screening_general","33":"tag-styl_zycia","34":"tag-top-stories","35":"tag-topstories","36":"tag-update_me","37":"tag-v2021","38":"tag-wiadomosci"},"share_on_mastodon":{"url":"","error":"Validation failed: Text character limit of 500 exceeded"},"_links":{"self":[{"href":"https:\/\/www.europesays.com\/pl\/wp-json\/wp\/v2\/posts\/121226","targetHints":{"allow":["GET"]}}],"collection":[{"href":"https:\/\/www.europesays.com\/pl\/wp-json\/wp\/v2\/posts"}],"about":[{"href":"https:\/\/www.europesays.com\/pl\/wp-json\/wp\/v2\/types\/post"}],"author":[{"embeddable":true,"href":"https:\/\/www.europesays.com\/pl\/wp-json\/wp\/v2\/users\/2"}],"replies":[{"embeddable":true,"href":"https:\/\/www.europesays.com\/pl\/wp-json\/wp\/v2\/comments?post=121226"}],"version-history":[{"count":0,"href":"https:\/\/www.europesays.com\/pl\/wp-json\/wp\/v2\/posts\/121226\/revisions"}],"wp:featuredmedia":[{"embeddable":true,"href":"https:\/\/www.europesays.com\/pl\/wp-json\/wp\/v2\/media\/121227"}],"wp:attachment":[{"href":"https:\/\/www.europesays.com\/pl\/wp-json\/wp\/v2\/media?parent=121226"}],"wp:term":[{"taxonomy":"category","embeddable":true,"href":"https:\/\/www.europesays.com\/pl\/wp-json\/wp\/v2\/categories?post=121226"},{"taxonomy":"post_tag","embeddable":true,"href":"https:\/\/www.europesays.com\/pl\/wp-json\/wp\/v2\/tags?post=121226"}],"curies":[{"name":"wp","href":"https:\/\/api.w.org\/{rel}","templated":true}]}}