{"id":121240,"date":"2025-11-27T15:26:09","date_gmt":"2025-11-27T15:26:09","guid":{"rendered":"https:\/\/www.europesays.com\/pl\/121240\/"},"modified":"2025-11-27T15:26:09","modified_gmt":"2025-11-27T15:26:09","slug":"putin-odsunal-lawrowa-rosyjski-przywodca-reaguje-na-pogloski","status":"publish","type":"post","link":"https:\/\/www.europesays.com\/pl\/121240\/","title":{"rendered":"Putin odsun\u0105\u0142 \u0141awrowa? Rosyjski przyw\u00f3dca reaguje na pog\u0142oski"},"content":{"rendered":"<p class=\"ods-c-paragraph \">\u2014 \u0141awrow nie popad\u0142 w \u017cadn\u0105 nie\u0142ask\u0119. Przygotowuje si\u0119 do spotkania z ameryka\u0144skimi partnerami \u2014 powiedzia\u0142 Putin podczas spotkania z mediami.<\/p>\n<p> Czy W\u0142adimir Putin potwierdzi\u0142, \u017ce Siergiej \u0141awrow jest nadal ministrem spraw zagranicznych? <\/p>\n<p> Jakie kwestie porusza\u0142 Putin podczas konferencji prasowej? <\/p>\n<p> Dlaczego Siergiej \u0141awrow by\u0142 uwa\u017cany za mniej wp\u0142ywowego? <\/p>\n<p> Kiedy ma si\u0119 odby\u0107 spotkanie z ameryka\u0144sk\u0105 delegacj\u0105 w Moskwie? <\/p>\n<p class=\"ods-c-paragraph \"><a href=\"https:\/\/wiadomosci.onet.pl\/kraj\/wladimir-putin-komentuje-negocjacje-w-genewie-wszystko-zostalo-nam-przekazane\/qlk92j0\" id=\"a73a34d7-2a53-494c-9dd4-0ac64e9ee8d1\" rel=\"nofollow noopener\" target=\"_blank\">Rosyjski przyw\u00f3dca skomentowa\u0142 tak\u017ce rozmowy pokojowe mi\u0119dzy Rosj\u0105, USA i Ukrain\u0105<\/a>. \u2014 Po negocjacjach w Genewie mi\u0119dzy Ukrain\u0105 a Stanami Zjednoczonymi, strony uzgodni\u0142y mi\u0119dzy sob\u0105, \u017ce pocz\u0105tkowe 28 punkt\u00f3w [planu pokojowego] nale\u017cy rozdzieli\u0107 na cztery cz\u0119\u015bci. Wszystko to zosta\u0142o nam przekazane. Og\u00f3lnie rzecz bior\u0105c, zgadzamy si\u0119, \u017ce mo\u017ce to stanowi\u0107 podstaw\u0119 przysz\u0142ych porozumie\u0144 \u2014 o\u015bwiadczy\u0142 Putin i zapowiedzia\u0142 spotkanie z ameryka\u0144sk\u0105 delegacj\u0105 w Moskwie. \u2014 Walki ustan\u0105, gdy wojska ukrai\u0144skie wycofaj\u0105 si\u0119 ze swoich pozycji \u2014 doda\u0142, komentuj\u0105c sytuacj\u0119 na polu bitwy.<\/p>\n<p class=\"ods-c-paragraph \">Na pocz\u0105tku listopada media informowa\u0142y, \u017ce Siergiej \u0141awrow \u2014 przez lata jeden z najbli\u017cszych wsp\u00f3\u0142pracownik\u00f3w W\u0142adimira Putina \u2014 <a href=\"https:\/\/wiadomosci.onet.pl\/swiat\/rosyjska-dyplomacja-bez-twarzy-czy-putin-odsuwa-lojalnego-sojusznika-tajemnicza\/m020tm8\" id=\"07947103-ab32-47aa-b544-0daa817f54b7\" rel=\"nofollow noopener\" target=\"_blank\">wyra\u017anie straci\u0142 na znaczeniu<\/a>.<\/p>\n<p class=\"ods-c-paragraph \">&#8222;Nieobecno\u015b\u0107 na posiedzeniu Rady Bezpiecze\u0144stwa i odsuni\u0119cie od kluczowych spotka\u0144 mi\u0119dzynarodowych to sygna\u0142y, kt\u00f3re trudno zignorowa\u0107. Na Kremlu m\u00f3wi si\u0119, \u017ce by\u0142o to \u00bbobustronnie uzgodnione\u00ab, jednak po nieudanych kontaktach z USA i fiasku planowanego szczytu z Donaldem Trumpem rosyjska dyplomacja znalaz\u0142a si\u0119 w defensywie. \u0141awrow, dot\u0105d twarz polityki zagranicznej Kremla, sta\u0142 si\u0119 symbolem jej s\u0142abn\u0105cej skuteczno\u015bci&#8221; \u2014 pisa\u0142 portal The Moscow Times.<\/p>\n<p class=\"ods-c-paragraph \"><a href=\"https:\/\/wiadomosci.onet.pl\/swiat\/siergiej-lawrow-w-nielasce-putina-kreml-musial-zareagowac-na-spekulacje\/v0b75fr\" id=\"5edf5bac-f989-45f1-9544-24b8d6ed055f\" rel=\"nofollow noopener\" target=\"_blank\">Rzecznik Kremla Dmitrij Pieskow by\u0142 p\u00f3\u017aniej pytany<\/a> przez rosyjskich reporter\u00f3w o los \u0141awrowa. \u2014 Oczywi\u015bcie, nadal piastuje funkcj\u0119 ministra spraw zagranicznych \u2014 odpowiada\u0142 lakonicznie.<\/p>\n","protected":false},"excerpt":{"rendered":"\u2014 \u0141awrow nie popad\u0142 w \u017cadn\u0105 nie\u0142ask\u0119. Przygotowuje si\u0119 do spotkania z ameryka\u0144skimi partnerami \u2014 powiedzia\u0142 Putin podczas&hellip;\n","protected":false},"author":2,"featured_media":121241,"comment_status":"","ping_status":"","sticky":false,"template":"","format":"standard","meta":{"footnotes":""},"categories":[14],"tags":[32,33,27,34,35,28,31,48,25,46,40,41,87,47,5189,80,29,30,26,408,82,83,84],"class_list":{"0":"post-121240","1":"post","2":"type-post","3":"status-publish","4":"format-standard","5":"has-post-thumbnail","7":"category-swiat","8":"tag-breaking-news","9":"tag-breakingnews","10":"tag-headlines","11":"tag-latest-news","12":"tag-latestnews","13":"tag-naglowki","14":"tag-najwazniejsze-artykuly","15":"tag-nat_styl","16":"tag-news","17":"tag-omp","18":"tag-polish","19":"tag-polski","20":"tag-rosja","21":"tag-screening_general","22":"tag-siergiej_lawrow","23":"tag-swiat","24":"tag-top-stories","25":"tag-topstories","26":"tag-wiadomosci","27":"tag-wladimir_putin","28":"tag-world","29":"tag-world-news","30":"tag-worldnews"},"share_on_mastodon":{"url":"https:\/\/pubeurope.com\/@pl\/115622365421774250","error":""},"_links":{"self":[{"href":"https:\/\/www.europesays.com\/pl\/wp-json\/wp\/v2\/posts\/121240","targetHints":{"allow":["GET"]}}],"collection":[{"href":"https:\/\/www.europesays.com\/pl\/wp-json\/wp\/v2\/posts"}],"about":[{"href":"https:\/\/www.europesays.com\/pl\/wp-json\/wp\/v2\/types\/post"}],"author":[{"embeddable":true,"href":"https:\/\/www.europesays.com\/pl\/wp-json\/wp\/v2\/users\/2"}],"replies":[{"embeddable":true,"href":"https:\/\/www.europesays.com\/pl\/wp-json\/wp\/v2\/comments?post=121240"}],"version-history":[{"count":0,"href":"https:\/\/www.europesays.com\/pl\/wp-json\/wp\/v2\/posts\/121240\/revisions"}],"wp:featuredmedia":[{"embeddable":true,"href":"https:\/\/www.europesays.com\/pl\/wp-json\/wp\/v2\/media\/121241"}],"wp:attachment":[{"href":"https:\/\/www.europesays.com\/pl\/wp-json\/wp\/v2\/media?parent=121240"}],"wp:term":[{"taxonomy":"category","embeddable":true,"href":"https:\/\/www.europesays.com\/pl\/wp-json\/wp\/v2\/categories?post=121240"},{"taxonomy":"post_tag","embeddable":true,"href":"https:\/\/www.europesays.com\/pl\/wp-json\/wp\/v2\/tags?post=121240"}],"curies":[{"name":"wp","href":"https:\/\/api.w.org\/{rel}","templated":true}]}}