{"id":121281,"date":"2025-11-27T15:49:09","date_gmt":"2025-11-27T15:49:09","guid":{"rendered":"https:\/\/www.europesays.com\/pl\/121281\/"},"modified":"2025-11-27T15:49:09","modified_gmt":"2025-11-27T15:49:09","slug":"donald-tusk-reaguje-na-decyzje-prezydenta-sabotaz-wymierzony-w-bezpieczenstwo-panstwa-onet","status":"publish","type":"post","link":"https:\/\/www.europesays.com\/pl\/121281\/","title":{"rendered":"Donald Tusk reaguje na decyzj\u0119 prezydenta. &quot;Sabota\u017c wymierzony w bezpiecze\u0144stwo pa\u0144stwa&quot; &#8211; Onet"},"content":{"rendered":"<ol>\n<li><a href=\"https:\/\/news.google.com\/rss\/articles\/CBMi4gFBVV95cUxOZ1RYMGNuMUxJR0VESGFLbXptbmd3TUZXR1UxcWk0UzRvMW5sS19WNDlUcGNqMGZhTWR5R1V6dS1DNHp6M3dxMDBEZEpWd3J1djVhWFRxcFcxY0VRV055dGNrUG82S2N3Qm1wczBWY3lia3RfWlV1QTVoNEE4WG1leXNxSDM1R1VJS2hKWnhQVHBsX0hpbXlKN3BackFlam5yV3pvRTFoek05a3ptQTFJd1BjYnJIWlJRNElyZTlYaVN2N0NSUjNqQ3pCcHg2QzNPMzJfUWpPSUladjE3cWh2Vm1R?oc=5\" target=\"_blank\" rel=\"nofollow noopener\">Donald Tusk reaguje na decyzj\u0119 prezydenta. &#8222;Sabota\u017c wymierzony w bezpiecze\u0144stwo pa\u0144stwa&#8221;<\/a>&nbsp;&nbsp;Onet<\/li>\n<li><a href=\"https:\/\/news.google.com\/rss\/articles\/CBMirwFBVV95cUxPRXhjUXJsUUVTem9hVGJnMl9VNE9iTkdHVnB2eTlCT3M5UjZnckNxeTUzNGRwS1pnLXZpZC03bVpjcV96OFFfTWF3VlNGWDRldlNUUWROTFZOZUlIOFVqc1Z4a3pRRVRXTUthMzdfVG9nQkZJV3U2LUE4bVlLY2ZualJ2QlQyeDhEcmRIaXV5WkJjUGM5MlhfSi03U2JEbnFXVUNlRG1zWlItOGtoMlMw?oc=5\" target=\"_blank\" rel=\"nofollow noopener\">Ostry wpis Donalda Tuska. Zwr\u00f3ci\u0142 si\u0119 do prezydenta. &#8222;Uparcie odmawia&#8221;<\/a>&nbsp;&nbsp;Onet Wiadomo\u015bci<\/li>\n<li><a href=\"https:\/\/news.google.com\/rss\/articles\/CBMigAFBVV95cUxPeTQ2dlllR3RqY3UxdjVMWTM1OVRnalBNQTBjQi1BVEpuc1VITW9jSlQ1N1pQNnZOc1ZUWW4zRWZFQS1WeEVQQW5LMUlIX1laYnVkNTM0c25YaWRUMW9jNTNjWHNjYmo5OTIxd0JGYU9fRkRMYmwwYTlMS09GQk9JZQ?oc=5\" target=\"_blank\" rel=\"nofollow noopener\">Donald Tusk o decyzji Nawrockiego. &#8222;Sabota\u017c&#8221;<\/a>&nbsp;&nbsp;TVN24<\/li>\n<li><a href=\"https:\/\/news.google.com\/rss\/articles\/CBMipwFBVV95cUxOejZENGM4d2JfMUI5WjVkLXpDY0RVQXdXQkR5QU4xSkRCZWxBcVFxdEpmNWFlbVBvZ2RINmdvYmVhN3FzclhyTThRWVE1Y2gwcUJncHFrNFhyZ1c5OVBJYS15TlV0UTVrUjVBS0ZZT2xvNXRaTFRSZHpKYk1YSURQWnVpZHhlYy1PUGhKWUJQLS1aU1J4YTNVLVdMT3dlQ2hYSWllWHRtYw?oc=5\" target=\"_blank\" rel=\"nofollow noopener\">Le\u015bkiewicz: Oczekujemy na spotkanie szef\u00f3w s\u0142u\u017cb z prezydentem<\/a>&nbsp;&nbsp;WP Wiadomo\u015bci<\/li>\n<li><a href=\"https:\/\/news.google.com\/rss\/articles\/CBMiqAFBVV95cUxQZWprTExrT2dPR0pvYkdKR0E4alBqVkJPNmMwOVlCeTVVLTlJM2Fka3p0R25NTDRNUnNlQWZ1NTd0YTF5YWJVYzZCQ25CTndMSkJjOUFoVWo0aEx2X0RvWkdSMXNvZnFpRWoxNVhhTGN2QVY2WUpFV0ROeEx5QXZGS1NqeS1za1FHUFEtZTVKeHFITUljTGlTOVJ6X0VnVXNYZVVzdmhDRUQ?oc=5\" target=\"_blank\" rel=\"nofollow noopener\">Wojna na awanse i odznaczenia. Jak Nawrocki karze s\u0142u\u017cby za sp\u00f3r z rz\u0105dem<\/a>&nbsp;&nbsp;Wyborcza.pl<\/li>\n<\/ol>\n","protected":false},"excerpt":{"rendered":"Donald Tusk reaguje na decyzj\u0119 prezydenta. &#8222;Sabota\u017c wymierzony w bezpiecze\u0144stwo pa\u0144stwa&#8221;&nbsp;&nbsp;Onet Ostry wpis Donalda Tuska. Zwr\u00f3ci\u0142 si\u0119 do&hellip;\n","protected":false},"author":2,"featured_media":121282,"comment_status":"","ping_status":"","sticky":false,"template":"","format":"standard","meta":{"footnotes":""},"categories":[5],"tags":[32,33,200,36,37,27,67,240,34,35,28,31,53,25355,25,52,68,51,55,42,38,40,39,41,25857,47,9910,29,30,65,50,26],"class_list":{"0":"post-121281","1":"post","2":"type-post","3":"status-publish","4":"format-standard","5":"has-post-thumbnail","7":"category-naglowki","8":"tag-breaking-news","9":"tag-breakingnews","10":"tag-donald_tusk_polityk","11":"tag-featured-news","12":"tag-featurednews","13":"tag-headlines","14":"tag-intextvideo_splayer","15":"tag-karol_nawrocki_prezydent","16":"tag-latest-news","17":"tag-latestnews","18":"tag-naglowki","19":"tag-najwazniejsze-artykuly","20":"tag-new_header","21":"tag-newpremium_tst1","22":"tag-news","23":"tag-onet3","24":"tag-onet3d","25":"tag-onet3d_2i","26":"tag-phx","27":"tag-pl","28":"tag-poland","29":"tag-polish","30":"tag-polska","31":"tag-polski","32":"tag-prezydenckie_weto","33":"tag-screening_general","34":"tag-sluzby_specjalne","35":"tag-top-stories","36":"tag-topstories","37":"tag-update_me","38":"tag-v2021","39":"tag-wiadomosci"},"share_on_mastodon":{"url":"","error":"Validation failed: Text character limit of 500 exceeded"},"_links":{"self":[{"href":"https:\/\/www.europesays.com\/pl\/wp-json\/wp\/v2\/posts\/121281","targetHints":{"allow":["GET"]}}],"collection":[{"href":"https:\/\/www.europesays.com\/pl\/wp-json\/wp\/v2\/posts"}],"about":[{"href":"https:\/\/www.europesays.com\/pl\/wp-json\/wp\/v2\/types\/post"}],"author":[{"embeddable":true,"href":"https:\/\/www.europesays.com\/pl\/wp-json\/wp\/v2\/users\/2"}],"replies":[{"embeddable":true,"href":"https:\/\/www.europesays.com\/pl\/wp-json\/wp\/v2\/comments?post=121281"}],"version-history":[{"count":0,"href":"https:\/\/www.europesays.com\/pl\/wp-json\/wp\/v2\/posts\/121281\/revisions"}],"wp:featuredmedia":[{"embeddable":true,"href":"https:\/\/www.europesays.com\/pl\/wp-json\/wp\/v2\/media\/121282"}],"wp:attachment":[{"href":"https:\/\/www.europesays.com\/pl\/wp-json\/wp\/v2\/media?parent=121281"}],"wp:term":[{"taxonomy":"category","embeddable":true,"href":"https:\/\/www.europesays.com\/pl\/wp-json\/wp\/v2\/categories?post=121281"},{"taxonomy":"post_tag","embeddable":true,"href":"https:\/\/www.europesays.com\/pl\/wp-json\/wp\/v2\/tags?post=121281"}],"curies":[{"name":"wp","href":"https:\/\/api.w.org\/{rel}","templated":true}]}}