{"id":121283,"date":"2025-11-27T15:50:10","date_gmt":"2025-11-27T15:50:10","guid":{"rendered":"https:\/\/www.europesays.com\/pl\/121283\/"},"modified":"2025-11-27T15:50:10","modified_gmt":"2025-11-27T15:50:10","slug":"wojciech-szczesny-otwarcie-o-smierci-siostry-nie-potrafie-zrozumiec","status":"publish","type":"post","link":"https:\/\/www.europesays.com\/pl\/121283\/","title":{"rendered":"Wojciech Szcz\u0119sny otwarcie o \u015bmierci siostry. &#8222;Nie potrafi\u0119 zrozumie\u0107&#8230;&#8221;"},"content":{"rendered":"<p class=\"ods-c-paragraph \"><a href=\"https:\/\/plejada.pl\/wojciech-szczesny\" id=\"72464fb5-564d-4441-b5e0-29c94316587e\" rel=\"nofollow noopener\" target=\"_blank\">Wojciech Szcz\u0119sny<\/a> jest jednym z najpopularniejszych pi\u0142karzy w Polsce, ale nie mo\u017ce te\u017c narzeka\u0107 na brak zainteresowania w\u015br\u00f3d zagranicznych kibic\u00f3w i klub\u00f3w pi\u0142karskich. Sportowiec rozpocz\u0105\u0142 karier\u0119 ju\u017c jako nastolatek w Legii Warszawa, a w 2009 r. zadebiutowa\u0142 w angielskim Arsenalu, ju\u017c jako senior. Gwiazdor by\u0142 zwi\u0105zany z jeszcze kilkoma zagranicznymi klubami, a w latach 2009 \u2014 2024 by\u0142 cz\u0142onkiem reprezentacji Polski. <\/p>\n<p class=\"ods-c-paragraph \">Szcz\u0119sny jest rekordzist\u0105 pod wzgl\u0119dem liczby wyst\u0119p\u00f3w bramkarza i rozegranych mecz\u00f3w bez straty gola, a na swoim koncie ma dwukrotne uczestnictwo w Mistrzostwach \u015awiata i czterokrotne w Mistrzostwach Europy. Bramkarz zako\u0144czy\u0142 karier\u0119 w reprezentacji Polski i zamierza\u0142 uda\u0107 si\u0119 pi\u0142karsk\u0105 emerytur\u0119, jednak zrezygnowa\u0142 z plan\u00f3w po tym, jak dosta\u0142 propozycj\u0119 gry w legendarnym klubie FC Barcelona.<\/p>\n<p>Dalszy ci\u0105g artyku\u0142u pod materia\u0142em wideo<\/p>\n<p> Jak zmar\u0142a siostra Wojciecha Szcz\u0119snego? <\/p>\n<p> Ile lat mia\u0142a siostra Szcz\u0119snego, gdy zmar\u0142a? <\/p>\n<p> Kiedy Wojciech Szcz\u0119sny wzi\u0105\u0142 \u015blub? <\/p>\n<p> Ile dzieci ma Wojciech Szcz\u0119sny? <\/p>\n<p>  Wojciech Szcz\u0119sny otwarcie o \u015bmierci siostry: nie potrafi\u0119 zrozumie\u0107&#8230;<\/p>\n<p class=\"ods-c-paragraph \">Pod koniec listopada 2025 r. odby\u0142a si\u0119 uroczysta premiera, debiutuj\u0105cego na polskim rynku czasopisma &#8222;GQ&#8221;. Na ok\u0142adce pierwszego wydania pojawi\u0142 si\u0119 Wojciech Szcz\u0119sny i przy okazji udzieli\u0142 magazynowi wywiadu. Bramkarz opowiedzia\u0142 o swoim \u017cyciu prywatnym oraz dynamicznej karierze, a tak\u017ce ujawni\u0142 kulisy rodzinnej tragedii.<\/p>\n<p class=\"ods-c-paragraph \">W 1987 r., gdy pi\u0142karza nie by\u0142o jeszcze na \u015bwiecie, zmar\u0142a jego p\u00f3\u0142toraroczna w\u00f3wczas siostra Natalia, a matka Szcz\u0119snego by\u0142a wtedy w zaawansowanej ci\u0105\u017cy ze starszym bratem bramkarza. Do tragedii dosz\u0142o podczas spaceru \u2014 na dziewczynk\u0119 przewr\u00f3ci\u0142 si\u0119 metalowy trzepak, a rozleg\u0142e obra\u017cenia m\u00f3zgu i czaszki oraz z\u0142amania spowodowa\u0142y, \u017ce dwa dni p\u00f3\u017aniej zmar\u0142a.<\/p>\n<p class=\"ods-c-paragraph \">Wojciech Szcz\u0119sny wyzna\u0142 w rozmowie dla &#8222;GQ&#8221;, \u017ce jest pe\u0142en podziwu dla swojej rodzicielki, kt\u00f3ra przetrwa\u0142a tak gigantyczn\u0105 tragedi\u0119 i wychowa\u0142a jeszcze dw\u00f3ch syn\u00f3w.<\/p>\n<blockquote class=\"ods-o-quota\">\n<p class=\"ods-o-quota__paragraph\">Nie potrafi\u0119 zrozumie\u0107, jak mog\u0142a by\u0107 taka odwa\u017cna. Po traumatycznym prze\u017cyciu, jakim by\u0142a \u015bmier\u0107 mojej siostry, da\u0142a bratu i mnie tyle wolno\u015bci i zaufania na nie\u0142atwym grochowskim podw\u00f3rku. Jestem jej bardzo wdzi\u0119czny. Wracali\u015bmy do domu, dopiero kiedy pi\u0142ki ju\u017c nie by\u0142o wida\u0107. Czasem pokrwawieni, bo bili\u015bmy si\u0119 z ch\u0142opakami, kt\u00f3rzy byli od nas starsi<\/p>\n<\/blockquote>\n<p class=\"ods-c-paragraph \">\u2014 przyzna\u0142.<\/p>\n<p><img decoding=\"async\" src=\"https:\/\/www.europesays.com\/pl\/wp-content\/uploads\/2025\/11\/3Fnk9lBaHR0cHM6Ly9vY2RuLmV1L3B1bHNjbXMvTURBXy9hYWQ1MzA4MTgwZjdiMDY3MzIxMjYzNTExMTc0YjhkZC5qcGeRlQLNA.jpeg\" height=\"529\" width=\"940\" alt=\"Wojciech Szcz\u0119sny i Marina \u0141uczenko-Szcz\u0119sna (2024 r.)\" loading=\"lazy\" class=\"ods-c-image__img ods-c-image__img--vertical\"\/><\/p>\n<p>Wojciech Szcz\u0119sny i Marina \u0141uczenko-Szcz\u0119sna (2024 r.)Andras Szilagyi \/ MW Media<\/p>\n<p> <img decoding=\"async\" src=\"https:\/\/www.europesays.com\/pl\/wp-content\/uploads\/2025\/11\/NVhk9lBaHR0cHM6Ly9vY2RuLmV1L3B1bHNjbXMvTURBXy80Y2ZhY2RkODNiMjZjYzlkYWJjOWJiNzIzM2IzMGNhOS5qcGeRlQLNA.jpeg\" height=\"529\" width=\"940\" alt=\"Wojciech Szcz\u0119sny i Marina \u0141uczenko-Szcz\u0119sna (2025 r.)\" loading=\"lazy\" class=\"ods-c-image__img ods-c-image__img--vertical\"\/><\/p>\n<p>Wojciech Szcz\u0119sny i Marina \u0141uczenko-Szcz\u0119sna (2025 r.)Andras Szilagyi \/ MW Media<\/p>\n<p class=\"ods-c-paragraph \">Wojciech Szcz\u0119sny od 10 lat pozostaje <a href=\"https:\/\/plejada.pl\/newsy\/poczatki-znajomosci-mariny-luczenko-i-wojciecha-szczesnego-tak-sie-poznali\/0fdyr5t\" id=\"20ae6cf4-c1c3-42b0-9b89-31efcf736df1\" rel=\"nofollow noopener\" target=\"_blank\">w zwi\u0105zku<\/a> z piosenkark\u0105 <a href=\"https:\/\/plejada.pl\/marina-luczenko-szczesna\" id=\"1b89d86c-d370-4ffc-be42-255426c2e1d4\" rel=\"nofollow noopener\" target=\"_blank\">Marin\u0105 \u0141uczenko<\/a>. Para wzi\u0119\u0142a \u015blub w 2016 r. i doczeka\u0142a si\u0119 dw\u00f3jki dzieci \u2014 urodzonego w 2018 r. Liama i roczn\u0105 Noeli\u0119.<\/p>\n<p class=\"ods-c-paragraph \">Opowiadaj\u0105c o rodzinnej tragedii, bramkarz przyzna\u0142, \u017ce chyba nie potrafi\u0142by obdarzy\u0107 swoich pociech tak ogromn\u0105 doz\u0105 zaufania i wolno\u015bci, jak\u0105 mia\u0142 on i jego brat w m\u0142odo\u015bci.<\/p>\n<p class=\"ods-c-paragraph \">&#8222;Kiedy patrz\u0119 na to z perspektywy rodzica, wiem, \u017ce bym si\u0119 na obdarowanie dzieci tak\u0105 wolno\u015bci\u0105 nie odwa\u017cy\u0142. Ale mama umia\u0142a w sobie znale\u017a\u0107 t\u0119 m\u0105dro\u015b\u0107, \u017ceby nas przetestowa\u0142o podw\u00f3rko, a potem sport&#8221; \u2014 stwierdzi\u0142.<\/p>\n<p class=\"ods-c-paragraph \">Dzi\u0119kujemy, \u017ce przeczyta\u0142a\u015b\/e\u015b nasz artyku\u0142 do ko\u0144ca. W serwisie Plejada.pl ka\u017cdego dnia piszemy o najwa\u017cniejszych wydarzeniach show-biznesowych. B\u0105d\u017a na bie\u017c\u0105co! <a rel=\"nofollow noopener\" href=\"https:\/\/profile.google.com\/cp\/Cg0vZy8xMWJ6X19wdHBx\" id=\"d4a7c6bc-08a4-4353-a168-6f0c0baf92e9\" target=\"_blank\">Obserwuj<\/a> Plejad\u0119 w Google. Odwied\u017a nas tak\u017ce na <a rel=\"nofollow noopener\" href=\"https:\/\/www.facebook.com\/plejadapl\" id=\"3b6ed4e4-bf22-4155-8140-7875d78905f8\" target=\"_blank\">Facebooku<\/a>, <a rel=\"nofollow noopener\" href=\"https:\/\/www.instagram.com\/plejadapl\/\" id=\"f1443fe2-2205-40cb-a49b-d90b784980c7\" target=\"_blank\">Instagramie<\/a>, <a rel=\"nofollow noopener\" href=\"https:\/\/www.youtube.com\/c\/plejada\" id=\"7aba9731-ac35-40f1-abc8-c6117a2397af\" target=\"_blank\">YouTubie<\/a> oraz <a rel=\"nofollow noopener\" href=\"https:\/\/www.tiktok.com\/@plejada_pl\" id=\"1f2e236a-f07c-42cf-a1b7-ac61e9bca3d0\" target=\"_blank\">TikToku<\/a>.<\/p>\n<p class=\"ods-c-paragraph \">Chcesz podzieli\u0107 si\u0119 ciekawym newsem lub zaproponowa\u0107 temat? Skontaktuj si\u0119 z nami, pisz\u0105c maila na adres: <a rel=\"nofollow noopener\" href=\"https:\/\/plejada.pl\/newsy\/wojciech-szczesny-otwarcie-o-smierci-siostry-nie-potrafie-zrozumiec\/mailto:plejada@redakcjaonet.pl\" id=\"c18512cf-eba1-4c90-9af5-422958260e2c\" target=\"_blank\">plejada@redakcjaon<\/a><a href=\"https:\/\/et.pl\" id=\"dcc987d9-899d-4dcd-b455-a1c9e16f5d16\" rel=\"nofollow noopener\" target=\"_blank\">et.pl<\/a>.<\/p>\n<p><script async src=\"\/\/www.instagram.com\/embed.js\"><\/script><script async src=\"\/\/www.tiktok.com\/embed.js\"><\/script><\/p>\n","protected":false},"excerpt":{"rendered":"Wojciech Szcz\u0119sny jest jednym z najpopularniejszych pi\u0142karzy w Polsce, ale nie mo\u017ce te\u017c narzeka\u0107 na brak zainteresowania w\u015br\u00f3d&hellip;\n","protected":false},"author":2,"featured_media":121284,"comment_status":"","ping_status":"","sticky":false,"template":"","format":"standard","meta":{"footnotes":""},"categories":[24],"tags":[303,10215,48,125,46,12335,10839,42,38,40,39,41,9358,47,127,126,1789],"class_list":{"0":"post-121283","1":"post","2":"type-post","3":"status-publish","4":"format-standard","5":"has-post-thumbnail","7":"category-sport","8":"tag-fc_barcelona","9":"tag-marina_luczenko_szczesna","10":"tag-nat_styl","11":"tag-newsy","12":"tag-omp","13":"tag-pilkarska_reprezentacja_polski","14":"tag-pilkarze","15":"tag-pl","16":"tag-poland","17":"tag-polish","18":"tag-polska","19":"tag-polski","20":"tag-reprezentacja_polski_w_pilce_noznej_mezczyzn","21":"tag-screening_general","22":"tag-sport","23":"tag-sports","24":"tag-wojciech_szczesny"},"share_on_mastodon":{"url":"https:\/\/pubeurope.com\/@pl\/115622459980799645","error":""},"_links":{"self":[{"href":"https:\/\/www.europesays.com\/pl\/wp-json\/wp\/v2\/posts\/121283","targetHints":{"allow":["GET"]}}],"collection":[{"href":"https:\/\/www.europesays.com\/pl\/wp-json\/wp\/v2\/posts"}],"about":[{"href":"https:\/\/www.europesays.com\/pl\/wp-json\/wp\/v2\/types\/post"}],"author":[{"embeddable":true,"href":"https:\/\/www.europesays.com\/pl\/wp-json\/wp\/v2\/users\/2"}],"replies":[{"embeddable":true,"href":"https:\/\/www.europesays.com\/pl\/wp-json\/wp\/v2\/comments?post=121283"}],"version-history":[{"count":0,"href":"https:\/\/www.europesays.com\/pl\/wp-json\/wp\/v2\/posts\/121283\/revisions"}],"wp:featuredmedia":[{"embeddable":true,"href":"https:\/\/www.europesays.com\/pl\/wp-json\/wp\/v2\/media\/121284"}],"wp:attachment":[{"href":"https:\/\/www.europesays.com\/pl\/wp-json\/wp\/v2\/media?parent=121283"}],"wp:term":[{"taxonomy":"category","embeddable":true,"href":"https:\/\/www.europesays.com\/pl\/wp-json\/wp\/v2\/categories?post=121283"},{"taxonomy":"post_tag","embeddable":true,"href":"https:\/\/www.europesays.com\/pl\/wp-json\/wp\/v2\/tags?post=121283"}],"curies":[{"name":"wp","href":"https:\/\/api.w.org\/{rel}","templated":true}]}}