{"id":121285,"date":"2025-11-27T15:51:10","date_gmt":"2025-11-27T15:51:10","guid":{"rendered":"https:\/\/www.europesays.com\/pl\/121285\/"},"modified":"2025-11-27T15:51:10","modified_gmt":"2025-11-27T15:51:10","slug":"nekal-i-zastraszal-millie-bobby-brown-komentuje-glosne-oskarzenia","status":"publish","type":"post","link":"https:\/\/www.europesays.com\/pl\/121285\/","title":{"rendered":"N\u0119ka\u0142 i zastrasza\u0142? Millie Bobby Brown komentuje g\u0142o\u015bne oskar\u017cenia"},"content":{"rendered":"<p>Na pocz\u0105tku listopada zagraniczna prasa zacz\u0119\u0142a rozpisywa\u0107 si\u0119 o\u00a0tym, \u017ce Millie Bobby Brown z\u0142o\u017cy\u0142a szczeg\u00f3\u0142ow\u0105 skarg\u0119 na Davida Harboura, czyli jej serialowego opiekuna ze &#8222;Stranger Things&#8221;. Skarga mia\u0142a wp\u0142yn\u0105\u0107 do produkcji jeszcze przed wej\u015bciem na plan 5. sezonu. Dochodzenie w\u00a0sprawie niepoprawnego zachowania aktora mia\u0142o trwa\u0107 miesi\u0105cami. Nie ujawniono konkluzji post\u0119powania ani jego zakresu, ale podano, \u017ce dokument liczy\u0142 &#8222;strony i\u00a0strony zarzut\u00f3w&#8221;.<\/p>\n<p>&#8222;Stranger Things&#8221;. Ponad dwie godziny. Tw\u00f3rcy kultowego hitu przeszli samych siebie <\/p>\n<p>Informator mia\u0142 stwierdzi\u0107: &#8222;Millie Bobby Brown z\u0142o\u017cy\u0142a skarg\u0119 dotycz\u0105c\u0105 n\u0119kania i\u00a0zastraszania, zanim zacz\u0119li kr\u0119ci\u0107 ostatni sezon&#8221;. Netflix nie skomentowa\u0142 oficjalnie dochodzenia, za\u015b nied\u0142ugo p\u00f3\u017aniej gwiazdy &#8222;Stranger Things&#8221; ruszy\u0142y w\u00a0tras\u0119 promuj\u0105c\u0105 fina\u0142owy sezon hitu. Brown pozowa\u0142a u\u015bmiechni\u0119ta razem z\u00a0Harbourem, jak gdyby nigdy nic. <\/p>\n<p>Teraz Brown w\u00a0rozmowie z\u00a0&#8222;Hollywood Reporter&#8221; wyja\u015bni\u0142a, \u017ce publiczne pokazanie jedno\u015bci mia\u0142o znaczenie. &#8211;\u00a0Robimy to od 10 lat. Kochamy ten serial i\u00a0nade wszystko cenimy nasz\u0105 przyja\u017a\u0144 &#8211;\u00a0przyzna\u0142a.<\/p>\n<p>Wed\u0142ug relacji Brown mia\u0142a pracowa\u0107 z\u00a0osobist\u0105 asystentk\u0105 na planie do zako\u0144czenia zdj\u0119\u0107 w\u00a0grudniu 2024 r. W\u00a0rozmowie z\u00a0&#8222;Hollywood Reporter&#8221; aktorka nie odnios\u0142a si\u0119 bezpo\u015brednio do tych rewelacji, ale opowiedzia\u0142a o\u00a0scenach z\u00a0Harbourem.<\/p>\n<p>&#8211; To by\u0142o bardzo mi\u0142e i\u00a0naprawd\u0119 ekscytuj\u0105ce, \u017ce mogli\u015bmy zn\u00f3w by\u0107 razem &#8211;\u00a0powiedzia\u0142a, skupiaj\u0105c si\u0119 przede wszystkim na promowaniu nowego sezonu, a\u00a0nie pog\u0142\u0119bianiu afery wok\u00f3\u0142 aktora. Doda\u0142a wi\u0119c, \u017ce dynamika znana z\u00a0sezon\u00f3w drugiego i\u00a0trzeciego powraca: dorastanie Jedenastki, pr\u00f3by rodzicielskie Hoppera i\u00a0ich cz\u0119ste \u015bcieranie si\u0119.<\/p>\n<p>Pytani ju\u017c wcze\u015bniej o\u00a0te nieprzyjemne doniesienia, bracia Dufferowie i\u00a0Shawn Levy podkre\u015blili, jak wa\u017cne dla nich jest bezpiecze\u0144stwo ludzi na planie. Ross Duffer stwierdzi\u0142: &#8222;Robimy to z\u00a0t\u0105 obsad\u0105 od 10 lat, to rodzina i\u00a0g\u0142\u0119boko nam na nich zale\u017cy&#8221;. Shawn Levy doda\u0142: &#8222;Budujemy szacunek i\u00a0bezpiecze\u0144stwo jako fundament. Historie, kt\u00f3re czyta\u0142em, s\u0105 od bardzo nietrafnych po\u2026 jest wok\u00f3\u0142 tego du\u017co ha\u0142asu&#8221;. Pierwsza cz\u0119\u015b\u0107 sezonu pi\u0105tego jest ju\u017c dost\u0119pna na Netfliksie. Druga ma trafi\u0107 25 grudnia, a\u00a0fina\u0142 31 grudnia, tak\u017ce w\u00a0kinach.<\/p>\n","protected":false},"excerpt":{"rendered":"Na pocz\u0105tku listopada zagraniczna prasa zacz\u0119\u0142a rozpisywa\u0107 si\u0119 o\u00a0tym, \u017ce Millie Bobby Brown z\u0142o\u017cy\u0142a szczeg\u00f3\u0142ow\u0105 skarg\u0119 na Davida&hellip;\n","protected":false},"author":2,"featured_media":121286,"comment_status":"","ping_status":"","sticky":false,"template":"","format":"standard","meta":{"footnotes":""},"categories":[22],"tags":[122,42,38,40,39,41,123],"class_list":{"0":"post-121285","1":"post","2":"type-post","3":"status-publish","4":"format-standard","5":"has-post-thumbnail","7":"category-rozrywka","8":"tag-entertainment","9":"tag-pl","10":"tag-poland","11":"tag-polish","12":"tag-polska","13":"tag-polski","14":"tag-rozrywka"},"share_on_mastodon":{"url":"https:\/\/pubeurope.com\/@pl\/115622463845868391","error":""},"_links":{"self":[{"href":"https:\/\/www.europesays.com\/pl\/wp-json\/wp\/v2\/posts\/121285","targetHints":{"allow":["GET"]}}],"collection":[{"href":"https:\/\/www.europesays.com\/pl\/wp-json\/wp\/v2\/posts"}],"about":[{"href":"https:\/\/www.europesays.com\/pl\/wp-json\/wp\/v2\/types\/post"}],"author":[{"embeddable":true,"href":"https:\/\/www.europesays.com\/pl\/wp-json\/wp\/v2\/users\/2"}],"replies":[{"embeddable":true,"href":"https:\/\/www.europesays.com\/pl\/wp-json\/wp\/v2\/comments?post=121285"}],"version-history":[{"count":0,"href":"https:\/\/www.europesays.com\/pl\/wp-json\/wp\/v2\/posts\/121285\/revisions"}],"wp:featuredmedia":[{"embeddable":true,"href":"https:\/\/www.europesays.com\/pl\/wp-json\/wp\/v2\/media\/121286"}],"wp:attachment":[{"href":"https:\/\/www.europesays.com\/pl\/wp-json\/wp\/v2\/media?parent=121285"}],"wp:term":[{"taxonomy":"category","embeddable":true,"href":"https:\/\/www.europesays.com\/pl\/wp-json\/wp\/v2\/categories?post=121285"},{"taxonomy":"post_tag","embeddable":true,"href":"https:\/\/www.europesays.com\/pl\/wp-json\/wp\/v2\/tags?post=121285"}],"curies":[{"name":"wp","href":"https:\/\/api.w.org\/{rel}","templated":true}]}}