{"id":121422,"date":"2025-11-27T17:07:09","date_gmt":"2025-11-27T17:07:09","guid":{"rendered":"https:\/\/www.europesays.com\/pl\/121422\/"},"modified":"2025-11-27T17:07:09","modified_gmt":"2025-11-27T17:07:09","slug":"plan-pokojowy-dla-ukrainy-turcja-rozmiesci-wojska","status":"publish","type":"post","link":"https:\/\/www.europesays.com\/pl\/121422\/","title":{"rendered":"Plan pokojowy dla Ukrainy. Turcja rozmie\u015bci wojska?"},"content":{"rendered":"\n<p>&#13;<br \/>\nMinisterstwo obrony Turcji poinformowa\u0142o w\u00a0czwartek, \u017ce\u00a0najpierw musi zosta\u0107 osi\u0105gni\u0119te zawieszenie broni mi\u0119dzy Ukrain\u0105 a\u00a0Rosj\u0105, zanim b\u0119d\u0105 mog\u0142y si\u0119 rozpocz\u0105\u0107 jakiekolwiek dyskusje na\u00a0temat ewentualnego rozmieszczenia wojsk w\u00a0ramach potencjalnych si\u0142 stabilizacyjnych. &#13;\n<\/p>\n<p>&#13;<br \/>\nWe wtorek prezydent Francji Emmanuel Macron zapowiedzia\u0142, \u017ce\u00a0w\u00a0si\u0142ach tych znajd\u0105 si\u0119 \u017co\u0142nierze francuscy, brytyjscy i\u00a0tureccy. Ankara, kt\u00f3ra od\u00a0pocz\u0105tku wojny stara si\u0119 utrzyma\u0107 serdeczne stosunki zar\u00f3wno z\u00a0Moskw\u0105, jak i\u00a0Kijowem, o\u015bwiadczy\u0142a, \u017ce\u00a0jest otwarta na\u00a0rozmowy o\u00a0rozmieszczeniu wojsk, ale\u00a0tylko po\u00a0ustaleniu szczeg\u00f3\u0142\u00f3w. &#13;\n<\/p>\n<p>&#13;<br \/>\n&#8222;Najpierw nale\u017cy zawrze\u0107 zawieszenie broni mi\u0119dzy Rosj\u0105 a\u00a0Ukrain\u0105. Nast\u0119pnie nale\u017cy ustali\u0107 ramy misji z\u00a0jasnym mandatem i\u00a0okre\u015bli\u0107, w\u00a0jakim stopniu ka\u017cdy kraj b\u0119dzie si\u0119 anga\u017cowa\u0142&#8221; \u2013\u00a0o\u015bwiadczy\u0142 turecki resort obrony, komentuj\u0105c wypowied\u017a Macrona. &#13;\n<\/p>\n<p>Kto ma\u00a0pilnowa\u0107 pokoju po\u00a0zawieszeniu broni? <\/p>\n<p>&#13;<br \/>\nSprawa wys\u0142ania wojsk na\u00a0Ukrain\u0119 powraca co\u00a0jaki\u015b czas. W\u00a0kwietniu br. &#8222;The Guardian&#8221; ujawni\u0142 brytyjsko-francuski <a href=\"https:\/\/dorzeczy.pl\/swiat\/692914\/30-tys-zolnierzy-z-europy-oto-plan-pokojowy-dla-ukrainy.html\" rel=\"nofollow noopener\" target=\"_blank\">plan<\/a> zak\u0142adaj\u0105cy rozmieszczenie na\u00a0Ukrainie maksymalnie 30 tys. \u017co\u0142nierzy z\u00a0Europy, nadzoruj\u0105cych zawieszenie broni i\u00a0ameryka\u0144sk\u0105 ochron\u0119 tego kontyngentu, polegaj\u0105c\u0105 na\u00a0wsparciu ze\u00a0strony lotnictwa i\u00a0wywiadu. &#13;\n<\/p>\n<p>&#13;<br \/>\nWed\u0142ug ustale\u0144 &#8222;Rzeczpospolitej&#8221; Macron naciska\u0142, \u017ceby Francja razem z\u00a0Polsk\u0105 i\u00a0Wielk\u0105 Brytani\u0105 wys\u0142a\u0142y na\u00a0Ukrain\u0119 25 tys. \u017co\u0142nierzy. Jednak francuskiemu prezydentowi odm\u00f3wi\u0142 premier Donald Tusk. Powodem mia\u0142y by\u0107 zbli\u017caj\u0105ce si\u0119 wybory prezydenckie w\u00a0Polsce. &#13;\n<\/p>\n<p>&#13;<br \/>\nW\u0142adze Rosji od\u00a0pocz\u0105tku stoj\u0105 na\u00a0stanowisku, \u017ce\u00a0rozmieszczenie na\u00a0Ukrainie \u017co\u0142nierzy z\u00a0kraj\u00f3w cz\u0142onkowskich NATO jest dla\u00a0Moskwy nie\u00a0do\u00a0zaakceptowania i\u00a0b\u0119dzie oznacza\u0107 eskalacj\u0119 konfliktu. &#13;\n<\/p>\n<p>Zwrot ws. planu Trumpa. &#8222;Ukraina odrzuci\u0142a trzy kluczowe punkty&#8221;<\/p>\n<p>&#13;<br \/>\nW po\u0142owie listopada Stany Zjednoczone przedstawi\u0142y Ukrainie projekt planu pokojowego. Jeden z\u00a028 punkt\u00f3w zak\u0142ada\u0142 uzyskanie przez Kij\u00f3w wiarygodnych gwarancji bezpiecze\u0144stwa. Wed\u0142ug prezydenta USA Donalda Trumpa, po\u00a0rozmowach mi\u0119dzy przedstawicielami Waszyngtonu i\u00a0Kijowa w\u00a0Genewie, dokument zosta\u0142 skr\u00f3cony do\u00a022 punkt\u00f3w. &#13;\n<\/p>\n<p>&#13;<br \/>\nStacja CNN poda\u0142a w\u00a0\u015brod\u0119, \u017ce\u00a0<a href=\"https:\/\/dorzeczy.pl\/swiat\/811374\/cnn-ukraina-odrzucila-trzy-kluczowe-punktu-planu-pokojowego-usa.html\" rel=\"nofollow noopener\" target=\"_blank\">Ukraina odrzuci\u0142a trzy kluczowe punkty porozumienia<\/a>: nie\u00a0chce odda\u0107 Rosji nieokupowanej cz\u0119\u015bci Donbasu, ograniczy\u0107 swojej armii do\u00a0600 tys. \u017co\u0142nierzy ani zrezygnowa\u0107 z\u00a0cz\u0142onkostwa w\u00a0NATO. &#13;\n<\/p>\n<p>&#13;<br \/>\n\u2013 By\u0142oby wielkim b\u0142\u0119dem twierdzi\u0107, \u017ce\u00a0obecnie mamy wersj\u0119 (planu pokojowego), kt\u00f3r\u0105 Ukraina akceptuje \u2013\u00a0stwierdzi\u0142o wysoko postawione ukrai\u0144skie \u017ar\u00f3d\u0142o. &#13;\n<\/p>\n<p>&#13;<br \/>\nJak doda\u0142o, Kij\u00f3w domaga si\u0119 m.in. rewizji limitu liczebno\u015bci si\u0142 zbrojnych i\u00a0przekonuje Waszyngton, \u017ce\u00a0rezygnacja z\u00a0cz\u0142onkostwa w\u00a0NATO stworzy\u0142aby &#8222;z\u0142y precedens&#8221; dla\u00a0wp\u0142ywu Rosji na\u00a0sojusz, &#8222;kt\u00f3rego nawet nie\u00a0jest cz\u0142onkiem&#8221;. &#13;\n<\/p>\n<p>&#13;<br \/>\nCzytaj te\u017c:<br \/><a href=\"https:\/\/dorzeczy.pl\/swiat\/811818\/tajny-plan-niemiec-na-wypadek-wojny-z-rosja-ujawniony.html\" rel=\"follow nofollow noopener\" data-schema=\"DORZECZY\" data-image=\"https:\/\/img.dorzeczy.pl\/_thumb\/4e\/8e\/1646ec20577877c9ca4a3ca566af.jpeg\" target=\"_blank\">Tajny plan Niemiec wyszed\u0142 na\u00a0jaw. &#8222;Najpilniej strze\u017cona tajemnica&#8221;<\/a>&#13;<\/p>\n","protected":false},"excerpt":{"rendered":"&#13; Ministerstwo obrony Turcji poinformowa\u0142o w\u00a0czwartek, \u017ce\u00a0najpierw musi zosta\u0107 osi\u0105gni\u0119te zawieszenie broni mi\u0119dzy Ukrain\u0105 a\u00a0Rosj\u0105, zanim b\u0119d\u0105 mog\u0142y&hellip;\n","protected":false},"author":2,"featured_media":121423,"comment_status":"","ping_status":"","sticky":false,"template":"","format":"standard","meta":{"footnotes":""},"categories":[14],"tags":[32,33,1347,98,27,34,35,28,31,25,103,24089,40,41,80,29,30,192,415,26,82,83,84],"class_list":{"0":"post-121422","1":"post","2":"type-post","3":"status-publish","4":"format-standard","5":"has-post-thumbnail","7":"category-swiat","8":"tag-breaking-news","9":"tag-breakingnews","10":"tag-damian-cygan","11":"tag-dorzeczy","12":"tag-headlines","13":"tag-latest-news","14":"tag-latestnews","15":"tag-naglowki","16":"tag-najwazniejsze-artykuly","17":"tag-news","18":"tag-obserwator-mediow","19":"tag-plan-pokojowy","20":"tag-polish","21":"tag-polski","22":"tag-swiat","23":"tag-top-stories","24":"tag-topstories","25":"tag-turcja","26":"tag-ukraina","27":"tag-wiadomosci","28":"tag-world","29":"tag-world-news","30":"tag-worldnews"},"share_on_mastodon":{"url":"https:\/\/pubeurope.com\/@pl\/115622762475271097","error":""},"_links":{"self":[{"href":"https:\/\/www.europesays.com\/pl\/wp-json\/wp\/v2\/posts\/121422","targetHints":{"allow":["GET"]}}],"collection":[{"href":"https:\/\/www.europesays.com\/pl\/wp-json\/wp\/v2\/posts"}],"about":[{"href":"https:\/\/www.europesays.com\/pl\/wp-json\/wp\/v2\/types\/post"}],"author":[{"embeddable":true,"href":"https:\/\/www.europesays.com\/pl\/wp-json\/wp\/v2\/users\/2"}],"replies":[{"embeddable":true,"href":"https:\/\/www.europesays.com\/pl\/wp-json\/wp\/v2\/comments?post=121422"}],"version-history":[{"count":0,"href":"https:\/\/www.europesays.com\/pl\/wp-json\/wp\/v2\/posts\/121422\/revisions"}],"wp:featuredmedia":[{"embeddable":true,"href":"https:\/\/www.europesays.com\/pl\/wp-json\/wp\/v2\/media\/121423"}],"wp:attachment":[{"href":"https:\/\/www.europesays.com\/pl\/wp-json\/wp\/v2\/media?parent=121422"}],"wp:term":[{"taxonomy":"category","embeddable":true,"href":"https:\/\/www.europesays.com\/pl\/wp-json\/wp\/v2\/categories?post=121422"},{"taxonomy":"post_tag","embeddable":true,"href":"https:\/\/www.europesays.com\/pl\/wp-json\/wp\/v2\/tags?post=121422"}],"curies":[{"name":"wp","href":"https:\/\/api.w.org\/{rel}","templated":true}]}}