{"id":121428,"date":"2025-11-27T17:11:23","date_gmt":"2025-11-27T17:11:23","guid":{"rendered":"https:\/\/www.europesays.com\/pl\/121428\/"},"modified":"2025-11-27T17:11:23","modified_gmt":"2025-11-27T17:11:23","slug":"widowisko-katedra-w-katowickim-spodku","status":"publish","type":"post","link":"https:\/\/www.europesays.com\/pl\/121428\/","title":{"rendered":"Widowisko &#8222;Katedra&#8221; w katowickim Spodku"},"content":{"rendered":"<p>Ponad 600 wykonawc\u00f3w &#8211; \u015bpiewak\u00f3w, aktor\u00f3w, cz\u0142onk\u00f3w orkiestr i ch\u00f3r\u00f3w, tancerzy oraz\u00a0wolontariuszy &#8211; wzi\u0119\u0142o udzia\u0142 w spektaklu, kt\u00f3rego g\u0142\u00f3wn\u0105 inspiracj\u0105 by\u0142a pierwsza \u015bwi\u0105tynia naszej archidiecezji, katowicka archikatedra Chrystusa Kr\u00f3la. Najwa\u017cniejszy ko\u015bci\u00f3\u0142 w Katowicach zosta\u0142 niejako przeniesiony na scen\u0119, aby wok\u00f3\u0142 niego przedstawi\u0107 histori\u0119 lokalnego Ko\u015bcio\u0142a na G\u00f3rnym \u015al\u0105sku.<\/p>\n<p>Wierni archidiecezji wype\u0142nili widowni\u0119 Spodka i mogli zobaczy\u0107 artystyczn\u0105 wizj\u0119 opowie\u015bci o historii regionu, chrze\u015bcija\u0144skich korzeniach oraz \u015bl\u0105skiej to\u017csamo\u015bci. Sta\u0142o si\u0119 jednocze\u015bnie to, co zapowiadali organizatorzy &#8211; ka\u017cdy obecny m\u00f3g\u0142 si\u0119 poczu\u0107 cz\u0119\u015bci\u0105 spektaklu, kt\u00f3ry przedstawia\u0142 wielowymiarowo wsp\u00f3lnot\u0119 wierz\u0105cych na \u015al\u0105sku.<\/p>\n<p>Zebranych powita\u0142 abp Andrzej Przybylski, metropolita katowicki, kt\u00f3ry przypomnia\u0142, \u017ce greckie\u00a0s\u0142owo\u00a0&#8222;katedra&#8221; oznacza krzes\u0142o, siedzib\u0119. &#8211; Chcia\u0142bym was dzisiaj poprosi\u0107, \u017ceby\u015bmy wszyscy byli tak\u0105 katedr\u0105 dla Pana Boga, \u017ceby Pan B\u00f3g rozsiad\u0142 si\u0119 w naszych sercach, w naszym \u017cyciu. I tak jak nasza katedra po\u015bwi\u0119cona jest Chrystusowi Kr\u00f3lowi, to \u017ceby On na siedzibach naszego \u017cycia rzeczywi\u015bcie by\u0142 kr\u00f3lem &#8211; m\u00f3wi\u0142 metropolita. &#8211;\u00a0Bardzo Wam dzi\u0119kuj\u0119 za obecno\u015b\u0107. Wiecie, \u017ce to widowisko z jednej strony co\u015b ko\u0144czy, a z drugiej zaczyna.\u00a0Ko\u0144czy stulecie\u00a0archidiecezji katowickiej, ale przecie\u017c nie ko\u0144czy si\u0119 Ko\u015bci\u00f3\u0142, nie ko\u0144czy si\u0119 pi\u0119kna historia Boga z lud\u017ami w Ko\u015bciele katowickim. Ona dalej trwa. Zaczyna si\u0119 nowe stulecie tego Ko\u015bcio\u0142a &#8211; przypomnia\u0142 abp Andrzej.<\/p>\n<p>Do widz\u00f3w &#8222;Katedry&#8221;\u00a0swoje s\u0142owo skierowa\u0142 w li\u015bcie przes\u0142anym na r\u0119ce abp. Andrzeja Przybylskiego papie\u017c Leon XIV. &#8222;Pozdrawiam in Christo wszystkich, kt\u00f3rzy w\u0119druj\u0105 drog\u0105 wiary i w tych dniach dzi\u0119kuj\u0105 za jubileusz stu lat istnienia Archidiecezji Katowickiej. Wasze Te Deum wy\u015bpiewujecie poprzez widowisko \u00bbKatedra\u00ab, nawi\u0105zuj\u0105ce do matki wszystkich Waszych ko\u015bcio\u0142\u00f3w i miejsca, z kt\u00f3rego nauczanie pasterzy rozlewa si\u0119 na ca\u0142y Ko\u015bci\u00f3\u0142 lokalny. (&#8230;) Niech zatem majestat i pi\u0119kno Waszej Katedry budz\u0105 w Was mi\u0142o\u015b\u0107 do s\u0142uchania i g\u0142oszenia Jezusa Chrystusa Ukrzy\u017cowanego, by\u015bcie w ma\u0142\u017ce\u0144stwach i rodzinach, parafiach, stowarzyszeniach i wsp\u00f3lnotach, w klasztorach, seminarium duchownym, instytucjach diecezjalnych i w ca\u0142ej Metropolii rozeznawali g\u0142os prawych sumie\u0144 i doszli do Niebieskiego Jeruzalem, kt\u00f3re jest tak\u017ce nasz\u0105 Matk\u0105&#8221; &#8211; napisa\u0142 Ojciec \u015awi\u0119ty Leon XVI i zapewni\u0142 o swoim apostolskim b\u0142ogos\u0142awie\u0144stwie.<\/p>\n<p>Tego dnia swoje urodziny &#8211; po raz pierwszy na urz\u0119dzie metropolity katowickiego &#8211; obchodzi\u0142 abp Andrzej Przybylski. \u017byczenia\u00a0z\u0142o\u017cy\u0142 mu Waldemar Bojarun, wiceprezydent Katowic.\u00a0Do \u017cycze\u0144 do\u0142\u0105czyli si\u0119 r\u00f3wnie\u017c wszyscy obecni na widowni \u015bpiewaj\u0105c urodzinowe &#8222;Sto lat&#8221;.<\/p>\n<p><a data-lightbox=\"image\" href=\"https:\/\/wf1.xcdn.pl\/files\/25.bkt\/11\/26\/21\/190314_Rc1A__Image_20251126_at_20.24.12_83.jpg.webp\" rel=\"nofollow noopener\" target=\"_blank\"><img decoding=\"async\" alt=\"Widowisko \" katedra=\"\" w=\"\" katowickim=\"\" spodku=\"\" src=\"https:\/\/www.europesays.com\/pl\/wp-content\/uploads\/2025\/11\/190314_Rc1A__Image_20251126_at_20.24.12_98.jpg.webp.webp\" title=\"W dniu swoich urodzin abp Andrzej Przybylski otrzyma\u0142 okoliczno\u015bciowy tort.\" \/><\/a><br \/>\n<a class=\"img_enlarge\" href=\"#\" onclick=\"$(this).prev().trigger('click'); return false;\" title=\"Powi\u0119ksz\">\u00a0<\/a><\/p>\n<p>\t\t\t\tW dniu swoich urodzin abp Andrzej Przybylski otrzyma\u0142 okoliczno\u015bciowy tort.\t\t<\/p>\n<p>\t\t\t\t\tKrzysztof Gawor \/Foto Go\u015b\u0107\t\t\t<\/p>\n<p>Widowisko &#8222;Katedra&#8221; sk\u0142ada\u0142o si\u0119 z 14 scen &#8211; artystycznych wyobra\u017ce\u0144 prawd zawartych w\u00a0Credo\u00a0oraz teologicznych zagadnie\u0144 sakrament\u00f3w i historii zwi\u0105zanych z \u017cyciem Ko\u015bcio\u0142a na G\u00f3rnym \u015al\u0105sku. Pierwsza scena by\u0142a symboliczn\u0105 budow\u0105 scenografii, kt\u00f3rej g\u0142\u00f3wnym elementem by\u0142a fasada katowickiej archikatedry. Nast\u0119pnie widzowie zostali zabrani w sentymentaln\u0105 podr\u00f3\u017c po jej wn\u0119trzu. I tak ukazane zosta\u0142o\u00a0w pierwszej kolejno\u015bci siedem sakrament\u00f3w, kt\u00f3re nawi\u0105zywa\u0142y do poszczeg\u00f3lnych cz\u0119\u015bci archikatedry Chrystusa Kr\u00f3la: kaplicy chrzcielnej, kaplicy Naj\u015bwi\u0119tszego Sakramentu, prezbiterium wraz z o\u0142tarzem g\u0142\u00f3wnym oraz konfesjona\u0142u i miejsca przechowywania olej\u00f3w \u015bwi\u0119tych.<\/p>\n<p>Nast\u0119pnie ukazane zosta\u0142y dwa historyczne wydarzenia: tragiczna pacyfikacja g\u00f3rnik\u00f3w na KWK &#8222;Wujek&#8221; oraz wizyta papie\u017ca Jana Paw\u0142a II na katowickim Muchowcu. Te cz\u0119\u015bci kolejno nawi\u0105zywa\u0142y do kolejnych dw\u00f3ch katedralnych kaplic: \u015bw. Barbary i \u015bw. Jana Paw\u0142a II. W kolejnej cz\u0119\u015bci przedstawione zosta\u0142y kolejne zak\u0105tki archikatedry, m.in\u00a0organy,\u00a0katedralne witra\u017ce z wizerunkami \u015bwi\u0119tych czy krypt\u0119 grobow\u0105 biskup\u00f3w katowickich.<\/p>\n<p>Epilogiem ca\u0142ego wydarzenia by\u0142o uroczyste od\u015bpiewanie\u00a0Te Deum,\u00a0dzi\u0119kczynnego hymnu za prze\u017cyty Rok Jubileuszowy oraz 100 lat istnienia struktur Ko\u015bcio\u0142a lokalnego w Katowicach.<\/p>\n<p>Patronat honorowy nad \u015brodowym widowiskiem sprawowali m.in. metropolita katowicki abp Andrzej Przybylski, wojewoda \u015bl\u0105ski Marek W\u00f3jcik, marsza\u0142ek wojew\u00f3dztwa Wojciech Sa\u0142uga oraz prezydent Katowic Marcin Krupa.<\/p>\n","protected":false},"excerpt":{"rendered":"Ponad 600 wykonawc\u00f3w &#8211; \u015bpiewak\u00f3w, aktor\u00f3w, cz\u0142onk\u00f3w orkiestr i ch\u00f3r\u00f3w, tancerzy oraz\u00a0wolontariuszy &#8211; wzi\u0119\u0142o udzia\u0142 w spektaklu, kt\u00f3rego&hellip;\n","protected":false},"author":2,"featured_media":121429,"comment_status":"","ping_status":"","sticky":false,"template":"","format":"standard","meta":{"footnotes":""},"categories":[22],"tags":[9374,9366,122,26018,9377,9380,9379,26016,9381,42,38,40,39,41,123,26015,26017,9378,26019],"class_list":{"0":"post-121428","1":"post","2":"type-post","3":"status-publish","4":"format-standard","5":"has-post-thumbnail","7":"category-rozrywka","8":"tag-abp-andrzej-przybylski","9":"tag-archidiecezja-katowicka","10":"tag-entertainment","11":"tag-fundacja-mlodzi-dla-mlodych","12":"tag-gosc-katowicki","13":"tag-kosciol-katowicki","14":"tag-kosciol-na-slasku","15":"tag-mlodzi-dla-mlodych","16":"tag-parafie-archidiecezji-katowickiej","17":"tag-pl","18":"tag-poland","19":"tag-polish","20":"tag-polska","21":"tag-polski","22":"tag-rozrywka","23":"tag-spodek","24":"tag-spodek-w-katowicach","25":"tag-tygodnik-katolicki","26":"tag-widowisko-katedra"},"share_on_mastodon":{"url":"https:\/\/pubeurope.com\/@pl\/115622778410600254","error":""},"_links":{"self":[{"href":"https:\/\/www.europesays.com\/pl\/wp-json\/wp\/v2\/posts\/121428","targetHints":{"allow":["GET"]}}],"collection":[{"href":"https:\/\/www.europesays.com\/pl\/wp-json\/wp\/v2\/posts"}],"about":[{"href":"https:\/\/www.europesays.com\/pl\/wp-json\/wp\/v2\/types\/post"}],"author":[{"embeddable":true,"href":"https:\/\/www.europesays.com\/pl\/wp-json\/wp\/v2\/users\/2"}],"replies":[{"embeddable":true,"href":"https:\/\/www.europesays.com\/pl\/wp-json\/wp\/v2\/comments?post=121428"}],"version-history":[{"count":0,"href":"https:\/\/www.europesays.com\/pl\/wp-json\/wp\/v2\/posts\/121428\/revisions"}],"wp:featuredmedia":[{"embeddable":true,"href":"https:\/\/www.europesays.com\/pl\/wp-json\/wp\/v2\/media\/121429"}],"wp:attachment":[{"href":"https:\/\/www.europesays.com\/pl\/wp-json\/wp\/v2\/media?parent=121428"}],"wp:term":[{"taxonomy":"category","embeddable":true,"href":"https:\/\/www.europesays.com\/pl\/wp-json\/wp\/v2\/categories?post=121428"},{"taxonomy":"post_tag","embeddable":true,"href":"https:\/\/www.europesays.com\/pl\/wp-json\/wp\/v2\/tags?post=121428"}],"curies":[{"name":"wp","href":"https:\/\/api.w.org\/{rel}","templated":true}]}}