{"id":121486,"date":"2025-11-27T17:43:11","date_gmt":"2025-11-27T17:43:11","guid":{"rendered":"https:\/\/www.europesays.com\/pl\/121486\/"},"modified":"2025-11-27T17:43:11","modified_gmt":"2025-11-27T17:43:11","slug":"rosja-zamyka-polski-konsulat-ambasador-rp-wezwany-do-msz","status":"publish","type":"post","link":"https:\/\/www.europesays.com\/pl\/121486\/","title":{"rendered":"Rosja zamyka polski konsulat. Ambasador RP wezwany do MSZ"},"content":{"rendered":"<p class=\"ods-c-paragraph \">&#8222;27 listopada Ambasador RP w Federacji Rosyjskiej zosta\u0142 wezwany do Ministerstwa Spraw Zagranicznych Rosji i otrzyma\u0142 not\u0119, w kt\u00f3rej poinformowano go, \u017ce w odpowiedzi na cofni\u0119cie przez w\u0142adze polskie zgody na dzia\u0142alno\u015b\u0107 Konsulatu Generalnego Rosji w Gda\u0144sku z dniem 23 grudnia 2025 r., strona rosyjska podj\u0119\u0142a decyzj\u0119 o cofni\u0119ciu zgody na dzia\u0142alno\u015b\u0107 Konsulatu Generalnego RP w Irkucku z dniem 30 grudnia 2025 r.&#8221; \u2014 brzmi komunikat rosyjskiego MSZ.<\/p>\n<p class=\"ods-c-paragraph \">&#8222;Zamkni\u0119cie rosyjskiej plac\u00f3wki konsularnej w Polsce pod absurdalnym pretekstem jest otwarcie wrogim i nieuzasadnionym krokiem polskich w\u0142adz, w odpowiedzi na kt\u00f3ry zamkni\u0119ty zostanie ostatni z dotychczas istniej\u0105cych polskich urz\u0119d\u00f3w konsularnych na terenie Federacji Rosyjskiej&#8221; \u2014 grzmi rosyjski resort.<\/p>\n<p>Dalszy ci\u0105g artyku\u0142u pod materia\u0142em wideo<\/p>\n<p> Kiedy zamknie si\u0119 polski konsulat w Irkucku? <\/p>\n<p> Dlaczego Rosja zamyka polski konsulat? <\/p>\n<p> Jak zareagowa\u0142 rzecznik MSZ na decyzj\u0119 Rosji? <\/p>\n<p> Czy Polska zrywa stosunki dyplomatyczne z Rosj\u0105? <\/p>\n<p class=\"ods-c-paragraph \">&#8222;Strona rosyjska po raz kolejny przypomina tym, kt\u00f3rzy dla chwilowej korzy\u015bci politycznej d\u0105\u017c\u0105 do wrogich atak\u00f3w na nasz kraj: Federacja Rosyjska nie pozwoli, aby takie dzia\u0142ania pozosta\u0142y bez odpowiedzi&#8221; \u2014 ostrzega ministerstwo.<\/p>\n<p class=\"ods-c-paragraph \">\u2014 To krok, kt\u00f3rego si\u0119 spodziewali\u015bmy \u2014 tak <a href=\"https:\/\/wiadomosci.onet.pl\/kraj\/msz-o-zamknieciu-przez-rosje-polskiego-konsulatu-spodziewalismy-sie\/2n9hwhq\" id=\"8dc4e74b-78bb-4099-a23b-b1986fd6c160\" rel=\"nofollow noopener\" target=\"_blank\">rzecznik MSZ Maciej Wewi\u00f3r skomentowa\u0142 rosyjsk\u0105 decyzj\u0119<\/a>. Podkre\u015bli\u0142, \u017ce Polska nie zrywa stosunk\u00f3w dyplomatycznych z Rosj\u0105, a w razie kolejnych wrogich ruch\u00f3w ze strony Rosji &#8222;mamy jeszcze kilka ruch\u00f3w, kt\u00f3re mo\u017cemy wykona\u0107&#8221;.<\/p>\n<p>   Polska zamyka konsulat Rosji<\/p>\n<p class=\"ods-c-paragraph \">Przypomnijmy, 19 listopada szef MSZ Rados\u0142aw Sikorski og\u0142osi\u0142, \u017ce <a href=\"https:\/\/wiadomosci.onet.pl\/kraj\/radoslaw-sikorski-reaguje-polska-zamyka-rosyjski-konsulat-w-gdansku\/mme51vt\" id=\"8b09c434-9bcf-45a8-8f65-9398930226fd\" rel=\"nofollow noopener\" target=\"_blank\">podj\u0105\u0142 decyzj\u0119 o wycofaniu zgody na funkcjonowanie rosyjskiego konsulatu w Gda\u0144sku<\/a>, ostatniego w Polsce. \u2014 Nie planujemy zerwania stosunk\u00f3w dyplomatycznych [z Rosj\u0105], tak jak nie robi\u0105 tego inne kraje, na kt\u00f3rych terytorium mia\u0142y miejsce akty terroru czy dywersji \u2014 m\u00f3wi\u0142 minister.<\/p>\n<p class=\"ods-c-paragraph \">Sikorski podczas konferencji prasowej podkre\u015bla\u0142, \u017ce wielokrotnie ostrzega\u0142 Rosj\u0119, \u017ce je\u015bli ta nie odst\u0105pi od swoich wrogich dzia\u0142a\u0144 wobec Polski, dojdzie do dalszej redukcji obecno\u015bci dyplomatycznej i konsularnej w naszym kraju.<\/p>\n","protected":false},"excerpt":{"rendered":"&#8222;27 listopada Ambasador RP w Federacji Rosyjskiej zosta\u0142 wezwany do Ministerstwa Spraw Zagranicznych Rosji i otrzyma\u0142 not\u0119, w&hellip;\n","protected":false},"author":2,"featured_media":23878,"comment_status":"","ping_status":"","sticky":false,"template":"","format":"standard","meta":{"footnotes":""},"categories":[12],"tags":[32,33,1898,36,37,27,23994,34,35,1162,28,31,48,25,46,42,38,40,39,41,87,47,12407,80,29,30,26],"class_list":{"0":"post-121486","1":"post","2":"type-post","3":"status-publish","4":"format-standard","5":"has-post-thumbnail","7":"category-polska","8":"tag-breaking-news","9":"tag-breakingnews","10":"tag-dyplomacja","11":"tag-featured-news","12":"tag-featurednews","13":"tag-headlines","14":"tag-konsulat","15":"tag-latest-news","16":"tag-latestnews","17":"tag-msz","18":"tag-naglowki","19":"tag-najwazniejsze-artykuly","20":"tag-nat_styl","21":"tag-news","22":"tag-omp","23":"tag-pl","24":"tag-poland","25":"tag-polish","26":"tag-polska","27":"tag-polski","28":"tag-rosja","29":"tag-screening_general","30":"tag-stosunki_polsko_rosyjskie","31":"tag-swiat","32":"tag-top-stories","33":"tag-topstories","34":"tag-wiadomosci"},"share_on_mastodon":{"url":"https:\/\/pubeurope.com\/@pl\/115622904579265523","error":""},"_links":{"self":[{"href":"https:\/\/www.europesays.com\/pl\/wp-json\/wp\/v2\/posts\/121486","targetHints":{"allow":["GET"]}}],"collection":[{"href":"https:\/\/www.europesays.com\/pl\/wp-json\/wp\/v2\/posts"}],"about":[{"href":"https:\/\/www.europesays.com\/pl\/wp-json\/wp\/v2\/types\/post"}],"author":[{"embeddable":true,"href":"https:\/\/www.europesays.com\/pl\/wp-json\/wp\/v2\/users\/2"}],"replies":[{"embeddable":true,"href":"https:\/\/www.europesays.com\/pl\/wp-json\/wp\/v2\/comments?post=121486"}],"version-history":[{"count":0,"href":"https:\/\/www.europesays.com\/pl\/wp-json\/wp\/v2\/posts\/121486\/revisions"}],"wp:featuredmedia":[{"embeddable":true,"href":"https:\/\/www.europesays.com\/pl\/wp-json\/wp\/v2\/media\/23878"}],"wp:attachment":[{"href":"https:\/\/www.europesays.com\/pl\/wp-json\/wp\/v2\/media?parent=121486"}],"wp:term":[{"taxonomy":"category","embeddable":true,"href":"https:\/\/www.europesays.com\/pl\/wp-json\/wp\/v2\/categories?post=121486"},{"taxonomy":"post_tag","embeddable":true,"href":"https:\/\/www.europesays.com\/pl\/wp-json\/wp\/v2\/tags?post=121486"}],"curies":[{"name":"wp","href":"https:\/\/api.w.org\/{rel}","templated":true}]}}