{"id":121500,"date":"2025-11-27T17:52:09","date_gmt":"2025-11-27T17:52:09","guid":{"rendered":"https:\/\/www.europesays.com\/pl\/121500\/"},"modified":"2025-11-27T17:52:09","modified_gmt":"2025-11-27T17:52:09","slug":"s-andreou-wszyscy-jestesmy-zawodnikami-widzewa-i-razem-rozwiazujemy-problemy-widzewtomy","status":"publish","type":"post","link":"https:\/\/www.europesays.com\/pl\/121500\/","title":{"rendered":"S. Andreou: &#8222;Wszyscy jeste\u015bmy zawodnikami Widzewa i razem rozwi\u0105zujemy problemy&#8221; &#8211; WidzewToMy"},"content":{"rendered":"<p>        27 listopada 2025, 16:05 | Autor: <a href=\"https:\/\/www.widzewtomy.net\/author\/bercik\/\" title=\"Wpisy od Bercik\" rel=\"author nofollow noopener\" target=\"_blank\">Bercik<\/a><\/p>\n<p><img loading=\"lazy\" decoding=\"async\" class=\"size-thumbnail-postcontent wp-image-475416 aligncenter\" src=\"https:\/\/www.europesays.com\/pl\/wp-content\/uploads\/2025\/11\/DSC5109-500x334.jpg\" alt=\"\" width=\"500\" height=\"334\"  \/><\/p>\n<p>Tym razem przedstawicielem dru\u017cyny Widzewa \u0141\u00f3d\u017a na przedmeczowej konferencji prasowej by\u0142 Stelios Andreou. Co m\u00f3wi\u0142 przed jutrzejszym starciem z Piastem Gliwice obro\u0144ca RTS?<\/p>\n<p>O graniu na prawej obronie<\/p>\n<p>\u201eTo nie jest moja nominalna pozycja i nie jestem zadowolony, \u017ce musz\u0119 na niej gra\u0107. Rozmawia\u0142em o tym z trenerem. Nie mam na to wp\u0142ywu. Do momentu powrotu dw\u00f3ch nominalnych prawych obro\u0144c\u00f3w, musz\u0119 tam gra\u0107. Nie mog\u0119 da\u0107 z siebie 100% na tej pozycji\u201d.<\/p>\n<p>O scaleniu dru\u017cyny<\/p>\n<p>\u201eTo nie jest problem w szatni. Wszyscy m\u00f3wi\u0105 po angielsku i nie ma podzia\u0142u na zagranicznych czy polskich pi\u0142karzy. Wszyscy jeste\u015bmy zawodnikami Widzewa i razem rozwi\u0105zujemy problemy\u201d.<\/p>\n<p>O dobrym pocz\u0105tku drugiej po\u0142owy z Koron\u0105<\/p>\n<p>\u201eFutbol to momenty, jak powiedzia\u0142 trener. Szybko zdobyli\u015bmy bramk\u0119 w drugiej po\u0142owie, dobrze zacz\u0119li\u015bmy. Potem mogli\u015bmy zdoby\u0107 kolejn\u0105 bramk\u0119, ale w zamian stracili\u015bmy trzeci\u0105 i dodatkowo by\u0142a czerwona kartka. To wp\u0142yn\u0119\u0142o na rytm spotkania, to s\u0105 w\u0142a\u015bnie te momenty\u201d.\u00a0<\/p>\n<p>O nowych zawodnikach<\/p>\n<p>\u201eWszyscy w szatni, zar\u00f3wno cz\u0142onkowie sztabu i pi\u0142karze, zdaj\u0105 sobie spraw\u0119 z sytuacji w tabeli i oczekiwa\u0144. Oczekiwania s\u0105 du\u017ce. \u017bycie nie jest jednak takie, \u017ce budzimy si\u0119 i od razu osi\u0105gamy sukces. Bywaj\u0105 trudne momenty, z kt\u00f3rych trzeba wyj\u015b\u0107. Ci\u0105gle nad tym pracujemy. W dru\u017cynie jest jako\u015b\u0107 i z ka\u017cdym meczem b\u0119dzie wygl\u0105da\u0107 to lepiej\u201d.<\/p>\n<p>\t\t\t\tOstatnie wpisyS. Andreou: &#8222;Wszyscy jeste\u015bmy zawodnikami Widzewa i razem rozwi\u0105zujemy problemy&#8221;[27.11.2025]<\/p>\n","protected":false},"excerpt":{"rendered":"27 listopada 2025, 16:05 | Autor: Bercik Tym razem przedstawicielem dru\u017cyny Widzewa \u0141\u00f3d\u017a na przedmeczowej konferencji prasowej by\u0142&hellip;\n","protected":false},"author":2,"featured_media":121501,"comment_status":"","ping_status":"","sticky":false,"template":"","format":"standard","meta":{"footnotes":""},"categories":[24],"tags":[42,38,40,39,41,127,126],"class_list":{"0":"post-121500","1":"post","2":"type-post","3":"status-publish","4":"format-standard","5":"has-post-thumbnail","7":"category-sport","8":"tag-pl","9":"tag-poland","10":"tag-polish","11":"tag-polska","12":"tag-polski","13":"tag-sport","14":"tag-sports"},"share_on_mastodon":{"url":"https:\/\/pubeurope.com\/@pl\/115622939709711982","error":""},"_links":{"self":[{"href":"https:\/\/www.europesays.com\/pl\/wp-json\/wp\/v2\/posts\/121500","targetHints":{"allow":["GET"]}}],"collection":[{"href":"https:\/\/www.europesays.com\/pl\/wp-json\/wp\/v2\/posts"}],"about":[{"href":"https:\/\/www.europesays.com\/pl\/wp-json\/wp\/v2\/types\/post"}],"author":[{"embeddable":true,"href":"https:\/\/www.europesays.com\/pl\/wp-json\/wp\/v2\/users\/2"}],"replies":[{"embeddable":true,"href":"https:\/\/www.europesays.com\/pl\/wp-json\/wp\/v2\/comments?post=121500"}],"version-history":[{"count":0,"href":"https:\/\/www.europesays.com\/pl\/wp-json\/wp\/v2\/posts\/121500\/revisions"}],"wp:featuredmedia":[{"embeddable":true,"href":"https:\/\/www.europesays.com\/pl\/wp-json\/wp\/v2\/media\/121501"}],"wp:attachment":[{"href":"https:\/\/www.europesays.com\/pl\/wp-json\/wp\/v2\/media?parent=121500"}],"wp:term":[{"taxonomy":"category","embeddable":true,"href":"https:\/\/www.europesays.com\/pl\/wp-json\/wp\/v2\/categories?post=121500"},{"taxonomy":"post_tag","embeddable":true,"href":"https:\/\/www.europesays.com\/pl\/wp-json\/wp\/v2\/tags?post=121500"}],"curies":[{"name":"wp","href":"https:\/\/api.w.org\/{rel}","templated":true}]}}