{"id":121514,"date":"2025-11-27T18:00:24","date_gmt":"2025-11-27T18:00:24","guid":{"rendered":"https:\/\/www.europesays.com\/pl\/121514\/"},"modified":"2025-11-27T18:00:24","modified_gmt":"2025-11-27T18:00:24","slug":"stanislaw-sparazynski-nie-zyje-telewidzowie-znali-go-m-in-ze-swiata-wedlug-kiepskich-rmf-fm","status":"publish","type":"post","link":"https:\/\/www.europesays.com\/pl\/121514\/","title":{"rendered":"Stanis\u0142aw Spara\u017cy\u0144ski nie \u017cyje. Telewidzowie znali go m.in. ze \u201e\u015awiata wed\u0142ug Kiepskich\u201d :: RMF FM"},"content":{"rendered":"<p>24 listopada zmar\u0142 Stanis\u0142aw Spara\u017cy\u0144ski \u2013 poinformowa\u0142 warszawski oddzia\u0142 Zwi\u0105zku Artyst\u00f3w Scen Polskich. By\u0142 aktorem teatralnym i filmowym, wyst\u0119powa\u0142 tak\u017ce w najpopularniejszych produkcjach telewizyjnych. Mo\u017cna by\u0142o go ogl\u0105da\u0107 w pami\u0119tnej roli w \u201e\u015awiecie wed\u0142ug Kiepskich\u201d czy w serialach \u201eNa dobre i na z\u0142e\u201d, \u201eNa Wsp\u00f3lnej\u201d i \u201ePogranicze w ogniu\u201d.<\/p>\n<p><img decoding=\"async\" alt=\"\" src=\"https:\/\/www.europesays.com\/pl\/wp-content\/uploads\/2025\/11\/853b6dba74313bbed0fa001a6e765cdc.jpg\" class=\"w-100\"\/><\/p>\n<p>Nie \u017cyje polski aktor, fot. Shutterstock<\/p>\n<p>&#13;<br \/>\n\t<a href=\"https:\/\/www.rmf.fm\/magazyn\/tag,Nie%20%C5%BCyje.html\" rel=\"nofollow noopener\" target=\"_blank\">Nie \u017cyje<\/a> Stanis\u0142aw Spara\u017cy\u0144ski<\/p>\n<p>&#13;<br \/>\n\tWarszawski oddzia\u0142 Zwi\u0105zku Artyst\u00f3w Scen Polskich poinformowa\u0142 o \u015bmierci Stanis\u0142awa Spara\u017cy\u0144skiego \u2013 cenionego aktora oraz wieloletniego cz\u0142onka ZASP. \u201eNasz kochany, serdeczny kolega, wspania\u0142y aktor i cudowny cz\u0142owiek (\u2026) odszed\u0142 wczoraj na niebia\u0144ska scen\u0119\u201d \u2013 przekazano w zamieszczonym na Facebooku 25 listopada wpisie. Spara\u017cy\u0144ski mia\u0142 94 lata.<\/p>\n<p>&#13;<br \/>\n\tZASP poda\u0142 tak\u017ce informacje o pogrzebie. Ostatnie po\u017cegnanie Stanis\u0142awa Spara\u017cy\u0144skiego odb\u0119dzie si\u0119 we wtorek 2 grudnia o godzinie 13.00 w Parafii pod wezwaniem \u015aw. Augustyna w Warszawie. Aktor spocznie na Cmentarzu Br\u00f3dnowskim.<\/p>\n<p style=\"text-align: center;\">&#13;\n\t<\/p>\n<p>&#13;<br \/>\n\tStanis\u0142aw Spara\u017cy\u0144ski \u2013 kim by\u0142?<\/p>\n<p>&#13;<br \/>\n\tStanis\u0142aw Spara\u017cy\u0144ski urodzi\u0142 si\u0119 22 lipca 1931 roku. Karier\u0119 rozpoczyna\u0142 jako aktor Teatru Estrady w Poznaniu (1954-1955), potem wyst\u0119powa\u0142 w Teatrze im. Aleksandra Fredry w Gnie\u017anie (1955-1959). W 1957 roku, jak podaje filmpolski.pl, zda\u0142 eksternistyczny egzamin aktorski. W kolejnych latach gra\u0142 w teatrach: Polski w Poznaniu (1959-1964), im. Wilama Horzycy w Toruniu (1965-1969), im. Stefana Jaracza w \u0141odzi (1969-1976), Narodowym (1976-1977, 1985-1991), Ateneum w Warszawie (1978-1980) oraz im. J. Kochanowskiego w Radomiu (1980-1985).<\/p>\n<p>&#13;<br \/>\n\tStanis\u0142aw Spara\u017cy\u0144ski \u2013 filmy i seriale<\/p>\n<p>&#13;<br \/>\n\tStanis\u0142aw Spara\u017cy\u0144ski mia\u0142 w swoim dorobku role nie tylko teatralne, ale te\u017c liczne\u00a0\u2013\u00a0cho\u0107 g\u0142\u00f3wnie epizodyczne\u00a0\u2013\u00a0wyst\u0119py w filmach i serialach. Po raz ostatni przed kamer\u0105 pojawi\u0142 si\u0119 w kr\u00f3tkometra\u017cowym filmie \u201eRotmistrz Pilecki\u201d z 2022 roku. Wcze\u015bniej gra\u0142 w produkcjach takich jak \u201eHiszpanka\u201d, \u201ePogoda na jutro\u201d czy \u201eDeja Vu\u201d.<\/p>\n<p>&#13;<br \/>\n\tTelewidzowie znali go natomiast m.in. z serialu \u201e\u015awiat wed\u0142ug Kiepskich\u201d, w kt\u00f3rym w jubileuszowym, setnym odcinku zatytu\u0142owanym \u201eSto lat\u201d wykreowa\u0142 pami\u0119tn\u0105 posta\u0107 Wernyhory. Pojawia\u0142 si\u0119 te\u017c w \u201eZmiennikach\u201d, \u201ePograniczu w ogniu\u201d, \u201eNa Wsp\u00f3lnej\u201d, \u201eNa dobre i na z\u0142e\u201d czy \u201eOjcu Mateuszu\u201d.<\/p>\n<p>&#13;<br \/>\n\t\u00a0<\/p>\n","protected":false},"excerpt":{"rendered":"24 listopada zmar\u0142 Stanis\u0142aw Spara\u017cy\u0144ski \u2013 poinformowa\u0142 warszawski oddzia\u0142 Zwi\u0105zku Artyst\u00f3w Scen Polskich. By\u0142 aktorem teatralnym i filmowym,&hellip;\n","protected":false},"author":2,"featured_media":121515,"comment_status":"","ping_status":"","sticky":false,"template":"","format":"standard","meta":{"footnotes":""},"categories":[22],"tags":[122,10773,26043,42,38,40,39,41,123,26044],"class_list":{"0":"post-121514","1":"post","2":"type-post","3":"status-publish","4":"format-standard","5":"has-post-thumbnail","7":"category-rozrywka","8":"tag-entertainment","9":"tag-nie-zyje","10":"tag-nie-zyje-aktor","11":"tag-pl","12":"tag-poland","13":"tag-polish","14":"tag-polska","15":"tag-polski","16":"tag-rozrywka","17":"tag-stanislaw-sparazynski"},"share_on_mastodon":{"url":"https:\/\/pubeurope.com\/@pl\/115622971118560744","error":""},"_links":{"self":[{"href":"https:\/\/www.europesays.com\/pl\/wp-json\/wp\/v2\/posts\/121514","targetHints":{"allow":["GET"]}}],"collection":[{"href":"https:\/\/www.europesays.com\/pl\/wp-json\/wp\/v2\/posts"}],"about":[{"href":"https:\/\/www.europesays.com\/pl\/wp-json\/wp\/v2\/types\/post"}],"author":[{"embeddable":true,"href":"https:\/\/www.europesays.com\/pl\/wp-json\/wp\/v2\/users\/2"}],"replies":[{"embeddable":true,"href":"https:\/\/www.europesays.com\/pl\/wp-json\/wp\/v2\/comments?post=121514"}],"version-history":[{"count":0,"href":"https:\/\/www.europesays.com\/pl\/wp-json\/wp\/v2\/posts\/121514\/revisions"}],"wp:featuredmedia":[{"embeddable":true,"href":"https:\/\/www.europesays.com\/pl\/wp-json\/wp\/v2\/media\/121515"}],"wp:attachment":[{"href":"https:\/\/www.europesays.com\/pl\/wp-json\/wp\/v2\/media?parent=121514"}],"wp:term":[{"taxonomy":"category","embeddable":true,"href":"https:\/\/www.europesays.com\/pl\/wp-json\/wp\/v2\/categories?post=121514"},{"taxonomy":"post_tag","embeddable":true,"href":"https:\/\/www.europesays.com\/pl\/wp-json\/wp\/v2\/tags?post=121514"}],"curies":[{"name":"wp","href":"https:\/\/api.w.org\/{rel}","templated":true}]}}