{"id":121524,"date":"2025-11-27T18:07:07","date_gmt":"2025-11-27T18:07:07","guid":{"rendered":"https:\/\/www.europesays.com\/pl\/121524\/"},"modified":"2025-11-27T18:07:07","modified_gmt":"2025-11-27T18:07:07","slug":"prezydent-gorzowa-zabral-glos-w-sprawie-stali-moze-to-im-nie-odpowiada-przeglad-sportowy-onet","status":"publish","type":"post","link":"https:\/\/www.europesays.com\/pl\/121524\/","title":{"rendered":"Prezydent Gorzowa zabra\u0142 g\u0142os w sprawie Stali. \u201eMo\u017ce to im nie odpowiada\u201d &#8211; Przegl\u0105d Sportowy Onet"},"content":{"rendered":"<ol>\n<li><a href=\"https:\/\/news.google.com\/rss\/articles\/CBMixwFBVV95cUxQT0ROVWF1dHRrVGtYY0l0OUJnVGtaYWFpa3ItNnk2Mkx6amhaRUJBNzVZY29zY1FLb3ZaUUJOaUZHNTN0Z2JLZm1pNWI2MU0yNUdfMmF2dUgxTGxUTUtLNnRMOXdqOWxPWnk4QkZCcC1UZ1F5OXpONmJzNUxpQUdiTVhZNkxaM3NQSDJXZzhjZGoyaDVrTHl1c3BnMGlJbE9nek96NTFFd2NOUEkxcXlzQlQyZk5EUmpLX2ViQXV1em1sRDM5eHlr?oc=5\" target=\"_blank\" rel=\"nofollow noopener\">Prezydent Gorzowa zabra\u0142 g\u0142os w sprawie Stali. \u201eMo\u017ce to im nie odpowiada\u201d<\/a>&nbsp;&nbsp;Przegl\u0105d Sportowy Onet<\/li>\n<li><a href=\"https:\/\/news.google.com\/rss\/articles\/CBMiwgFBVV95cUxQM1o5MkdaVVkyZHJPQThZaVRSSEU4TWR1WklRUmlFUzRBT29SVnpjRGJyV184SXBaZHNYQmNIai1WVjU0UnRjcFpyMEt4UlJzVE1FN1NLWWh0OTRnTnJxbVpQWDdNazYtODlFZnpycUZTRGdzWVp0a1BJeHIydWVnTVFQanBKU2VwN2xTTlR3QTNzeEMxR25VZmsxckgyWTF2NEgtUk1xcWhFYVljeFZscFNHMjJsby10UG1pbHgwUlJDQQ?oc=5\" target=\"_blank\" rel=\"nofollow noopener\">Trz\u0119sienie ziemi w Gorzowie! By\u0142a walka o Stal, a teraz taka decyzja. &#8222;Licz\u0119, \u017ce dojdzie do rozlicze\u0144&#8221;<\/a>&nbsp;&nbsp;Przegl\u0105d Sportowy Onet<\/li>\n<li><a href=\"https:\/\/news.google.com\/rss\/articles\/CBMirAFBVV95cUxPS3FNNTR5ZXlWa0FPSkRmUnI3eWhnVzh1UWNPOGZxM3VmWnJjRG9NZHlYalV5YzFBdjNzZ0Rvaml4R2NDS0FXbFY4TExVWFc1NVk0SWM2SUlaRzM2VjB4U1ZnemhEaVh1QkdjVjNfeG0tMWJvR3VDd0VIWFNhck9IN0F6bHRNQzZxS0tHSHdUTVVhTmgzcENyVmNFUFdsQjFRUGY4Q3RXa3luMUJu?oc=5\" target=\"_blank\" rel=\"nofollow noopener\">\u017bu\u017cel. Legenda na wylocie z klubu. Kolejne trz\u0119sienie w Stali Gorz\u00f3w<\/a>&nbsp;&nbsp;SportoweFakty<\/li>\n<li><a href=\"https:\/\/news.google.com\/rss\/articles\/CBMivAFBVV95cUxOYk0talZmNjBIRlRCTzl2RDlKLU5ZQ09wc3FMX2lnNU1NVk4zNDhtZ2Z0Z3ZFc2VOa2E0Z0c2VXVkMVV5QTJqWTJCR3JOR3p5LTVycW5KU0s3UXA2bHRSNkMzQlo1MTlOR3l5Y05CTVpIaG94Z0NpQlFNcTRCM0gxNkQ0UGRIbDhvX0R5aF9nWVp2T2hIZXdFVUlCVm1qYzljcnFVVkdueXFwUmppSjRILXZjY2VaOVlzOU92Mw?oc=5\" target=\"_blank\" rel=\"nofollow noopener\">Trz\u0119sienie ziemi w Stali Gorz\u00f3w. Posypa\u0142y si\u0119 zwolnienia, gwiazdy w szoku<\/a>&nbsp;&nbsp;Sport w INTERIA.PL<\/li>\n<li><a href=\"https:\/\/news.google.com\/rss\/articles\/CBMicEFVX3lxTE5fRHowSXVDeDFXb1NoczcyWmRaVF9yOTVrakp5SnhNeVlpejJIQy1wUnNzMURyVE5HdkhHdUhyOThYd2ppOVRLQ241cy1rQkxYcG5uMFFGTGEzNjdaSUlCNmJWVmd4UTNSczlHeVluN0PSAXZBVV95cUxPcEVrQXJSN0xtYTlTWWRVWl82aDhWZXhmeVh3Zzl3VGZhLVlLMTcwSFFFQlJUMnAyMXZ0VnJ2ekNEcUlVR3NvaldlV05YMVFfcllxc1VBZW54UFlla3FPdnZCYTlBQjlJTHhxZ3h4eWplMmcyWTV3?oc=5\" target=\"_blank\" rel=\"nofollow noopener\">Patryk Broszko odchodzi ze Stali<\/a>&nbsp;&nbsp;Radio Gorz\u00f3w<\/li>\n<\/ol>\n","protected":false},"excerpt":{"rendered":"Prezydent Gorzowa zabra\u0142 g\u0142os w sprawie Stali. \u201eMo\u017ce to im nie odpowiada\u201d&nbsp;&nbsp;Przegl\u0105d Sportowy Onet Trz\u0119sienie ziemi w Gorzowie!&hellip;\n","protected":false},"author":2,"featured_media":121525,"comment_status":"","ping_status":"","sticky":false,"template":"","format":"standard","meta":{"footnotes":""},"categories":[24],"tags":[173,67,26045,10958,175,42,38,40,39,41,136,128,47,127,135,126,3050,174],"class_list":{"0":"post-121524","1":"post","2":"type-post","3":"status-publish","4":"format-standard","5":"has-post-thumbnail","7":"category-sport","8":"tag-ekstraliga","9":"tag-intextvideo_splayer","10":"tag-jacek_wojcicki","11":"tag-patryk_broszko","12":"tag-pge_ekstraliga","13":"tag-pl","14":"tag-poland","15":"tag-polish","16":"tag-polska","17":"tag-polski","18":"tag-ps_detal_new","19":"tag-psv2","20":"tag-screening_general","21":"tag-sport","22":"tag-sport_sport","23":"tag-sports","24":"tag-stal_gorzow_wielkopolski","25":"tag-zuzel"},"share_on_mastodon":{"url":"https:\/\/pubeurope.com\/@pl\/115622998662617436","error":""},"_links":{"self":[{"href":"https:\/\/www.europesays.com\/pl\/wp-json\/wp\/v2\/posts\/121524","targetHints":{"allow":["GET"]}}],"collection":[{"href":"https:\/\/www.europesays.com\/pl\/wp-json\/wp\/v2\/posts"}],"about":[{"href":"https:\/\/www.europesays.com\/pl\/wp-json\/wp\/v2\/types\/post"}],"author":[{"embeddable":true,"href":"https:\/\/www.europesays.com\/pl\/wp-json\/wp\/v2\/users\/2"}],"replies":[{"embeddable":true,"href":"https:\/\/www.europesays.com\/pl\/wp-json\/wp\/v2\/comments?post=121524"}],"version-history":[{"count":0,"href":"https:\/\/www.europesays.com\/pl\/wp-json\/wp\/v2\/posts\/121524\/revisions"}],"wp:featuredmedia":[{"embeddable":true,"href":"https:\/\/www.europesays.com\/pl\/wp-json\/wp\/v2\/media\/121525"}],"wp:attachment":[{"href":"https:\/\/www.europesays.com\/pl\/wp-json\/wp\/v2\/media?parent=121524"}],"wp:term":[{"taxonomy":"category","embeddable":true,"href":"https:\/\/www.europesays.com\/pl\/wp-json\/wp\/v2\/categories?post=121524"},{"taxonomy":"post_tag","embeddable":true,"href":"https:\/\/www.europesays.com\/pl\/wp-json\/wp\/v2\/tags?post=121524"}],"curies":[{"name":"wp","href":"https:\/\/api.w.org\/{rel}","templated":true}]}}