{"id":121616,"date":"2025-11-27T19:09:10","date_gmt":"2025-11-27T19:09:10","guid":{"rendered":"https:\/\/www.europesays.com\/pl\/121616\/"},"modified":"2025-11-27T19:09:10","modified_gmt":"2025-11-27T19:09:10","slug":"maja-600-mln-zl-straty-wyciagna-reke-po-siec-warta-miliard-zlotych","status":"publish","type":"post","link":"https:\/\/www.europesays.com\/pl\/121616\/","title":{"rendered":"Maj\u0105 600 mln z\u0142 straty. Wyci\u0105gn\u0105 r\u0119k\u0119 po sie\u0107 wart\u0105 miliard z\u0142otych?"},"content":{"rendered":"\n<p>Ministerstwo Rolnictwa i\u00a0Rozwoju Wsi (MRiRW) chce, by Krajowa Grupa Spo\u017cywcza sta\u0142a si\u0119 w\u0142a\u015bcicielem sklep\u00f3w Carrefour w\u00a0Polsce. <\/p>\n<p>W\u00a0listopadzie 2025 r. na biurko ministra aktyw\u00f3w pa\u0144stwowych Wojciecha Balczuna trafi\u0142 wniosek MRiRW o\u00a0dokapitalizowanie <a href=\"https:\/\/www.money.pl\/gospodarka\/ursus-upadl-z-winy-tuska-rzecznik-rzadu-prostuje-zarzuty-europosla-pis-7213277242837984a.html\" rel=\"noopener noreferrer nofollow\" target=\"_blank\">KGS <\/a>w\u00a0celu przej\u0119cia ok. 800 plac\u00f3wek francuskiej sieci w\u00a0Polsce. To w\u0142a\u015bnie MAP sprawuje nadz\u00f3r w\u0142a\u015bcicielski nad Krajow\u0105 Grup\u0105 Spo\u017cywcz\u0105.<\/p>\n<p>Carrefour na\u00a0sprzeda\u017c? <\/p>\n<p>Jak podaje portal dlahandlu.pl, warto\u015b\u0107 bilansowa polskiego <a href=\"https:\/\/finanse.wp.pl\/carrefour-idzie-na-sprzedaz-w-rumunii-moze-go-przejac-polski-gigant-7221017267174336a\" rel=\"noopener noreferrer nofollow\" target=\"_blank\">Carrefoura<\/a> na dzie\u0144 31 grudnia 2023 r. wynosi\u0142a 242 mln euro (ok. 1\u00a0mld z\u0142). \u0179r\u00f3d\u0142em tych danych jest analiza w\u0142asna francuskiej sieci.<\/p>\n<p> <img role=\"presentation\" class=\"absolute left-1\/2 top-1\/2 max-h-[80%] max-w-[100px] -translate-x-1\/2 -translate-y-1\/2\" src=\"https:\/\/v.wpimg.pl\/ZXJfd3AudTkrBBIAbg54LGhcRlAxHQUrPgJGH2MAeGJoSQ1eIBI_K2UHAEVuBTY5KQMMXC0RPyoVERQdMgM9ejc\" loading=\"lazy\" decoding=\"async\"\/><\/p>\n<p>Dom postawili w\u00a02\u00a0dni. Jego cena was zaskoczy <\/p>\n<p>O sprzeda\u017cy aktyw\u00f3w Carrefoura w\u00a0Polsce m\u00f3wi si\u0119 co najmniej od wrze\u015bnia 2025 r. To wtedy francuski dziennik &#8222;La Lettre&#8221; poinformowa\u0142, \u017ce w\u0142adze sieci handlowej wsp\u00f3lnie z\u00a0<a href=\"https:\/\/www.money.pl\/gospodarka\/trump-i-efekt-ucznia-czarnoksieznika-to-sie-moze-zle-skonczyc-7223571471923744a.html\" rel=\"noopener noreferrer nofollow\" target=\"_blank\">bankiem<\/a> inwestycyjnym JP Morgan przygotowa\u0142y tzw. data room. To kluczowe dane operacyjne i\u00a0finansowe oferowane potencjalnym kupcom. Pod m\u0142otek maj\u0105 p\u00f3j\u015b\u0107 zar\u00f3wno <a href=\"https:\/\/finanse.wp.pl\/bylismy-w-pierwszym-sklepie-giganta-z-malezji-w-warszawie-tak-wyglada-7178900978555616a\" rel=\"noopener noreferrer nofollow\" target=\"_blank\">sklepy<\/a> tej sieci, jak i\u00a0centra handlowe w\u00a0Polsce. Wi\u0119cej szczeg\u00f3\u0142\u00f3w nie ujawniono.<\/p>\n<p>Sam Carrefour nie chce komentowa\u0107 informacji o\u00a0potencjalnej sprzeda\u017cy sklep\u00f3w sieci w\u00a0Polsce.<\/p>\n<p> <img role=\"presentation\" class=\"absolute left-1\/2 top-1\/2 max-h-[80%] max-w-[100px] -translate-x-1\/2 -translate-y-1\/2\" src=\"https:\/\/v.wpimg.pl\/ZXJfd3AudTkrBBIAbg54LGhcRlAxHQUrPgJGH2MAeGJoSQ1eIBI_K2UHAEVuBTY5KQMMXC0RPyoVERQdMgM9ejc\" loading=\"lazy\" decoding=\"async\"\/> <\/p>\n<p>&#8222;Na p\u00f3\u0142metku realizacji swojego planu strategicznego Carrefour 2026 oraz w\u00a0odpowiedzi na zmieniaj\u0105ce si\u0119 warunki rynkowe, Grupa Carrefour rozpocz\u0119\u0142a analiz\u0119 swojego portfela biznesowego, obejmuj\u0105c\u0105 wszystkie obszary jej dzia\u0142alno\u015bci i\u00a0modele organizacyjne. W\u00a0zwi\u0105zku z\u00a0trwaj\u0105cym procesem nie komentujemy plotek rynkowych na ten temat&#8221; &#8211;\u00a0czytamy w\u00a0odpowiedzi sieci przes\u0142anej redakcji WP Finanse.<\/p>\n<p>Wiemy na pewno, \u017ce w\u00a0ubieg\u0142ym roku Carrefour w\u00a0Polsce odnotowa\u0142 strat\u0119 netto na poziomie 53,6 mln z\u0142otych. Globalnie strata netto Carrefoura to a\u017c 361 mln euro w\u00a02024 r. Niekorzystne wyniki finansowe zmuszaj\u0105 sp\u00f3\u0142k\u0119 do drastycznych dzia\u0142a\u0144 takich jak wyj\u015bcie z\u00a0w\u0142oskiego rynku i\u00a0sprzeda\u017c wszystkich sklep\u00f3w sieci w\u00a0Italii miejscowej sp\u00f3\u0142ce NewPrinces za okr\u0105g\u0142\u0105 sum\u0119 miliarda euro w\u00a0lipcu 2025 r. Pod m\u0142otek maj\u0105 i\u015b\u0107 r\u00f3wnie\u017c sklepy sieci w\u00a0Rumunii.<\/p>\n<p> <img role=\"presentation\" class=\"absolute left-1\/2 top-1\/2 max-h-[80%] max-w-[100px] -translate-x-1\/2 -translate-y-1\/2\" src=\"https:\/\/v.wpimg.pl\/ZXJfd3AudTkrBBIAbg54LGhcRlAxHQUrPgJGH2MAeGJoSQ1eIBI_K2UHAEVuBTY5KQMMXC0RPyoVERQdMgM9ejc\" loading=\"lazy\" decoding=\"async\"\/> <a href=\"https:\/\/finanse.wp.pl\/rzad-chce-przejac-carrefoura-w-polsce-jest-wniosek-resortu-7226274110421696a\" class=\"teaser-inline\" rel=\"nofollow noopener\" target=\"_blank\">  <img decoding=\"async\" src=\"https:\/\/www.europesays.com\/pl\/wp-content\/uploads\/2025\/11\/M2ViZWY1YlM3CyxkdkpvRnRTeD4wE2EQI0tgdXYAfwpmEXUxMF0oQDMZNXk-QzhCNx4qeSldYlMmAHUhaB4pWyUZNjYgHihfNAw-.jpeg\" width=\"0\" height=\"0\" loading=\"lazy\" class=\"wp-media-image cropped\" alt=\"Rz\u0105d chce przej\u0105\u0107 Carrefoura w Polsce? Jest wniosek resortu\"\/><\/p>\n<p>Rz\u0105d chce przej\u0105\u0107 Carrefoura w Polsce? Jest wniosek resortu<\/p>\n<p><\/a> <\/p>\n<p>Niewykluczone, \u017ce podobny scenariusz rozegra si\u0119 w\u00a0Polsce. Ministerstwo Rolnictwa i\u00a0Rozwoju Wsi chce, \u017ceby swoj\u0105 ofert\u0119 z\u0142o\u017cy\u0142o pa\u0144stwo.<\/p>\n<p>Pieni\u0105dze na\u00a0zakup Carrefoura <\/p>\n<p>By\u0142y minister rolnictwa Marek Sawicki jako jeden z\u00a0pierwszych polityk\u00f3w zwr\u00f3ci\u0142 uwag\u0119 na mo\u017cliwo\u015b\u0107 dokapitalizowania KGS przez rz\u0105d w\u00a0celu zakupu Carrefoura.<\/p>\n<p> <img role=\"presentation\" class=\"absolute left-1\/2 top-1\/2 max-h-[80%] max-w-[100px] -translate-x-1\/2 -translate-y-1\/2\" src=\"https:\/\/v.wpimg.pl\/ZXJfd3AudTkrBBIAbg54LGhcRlAxHQUrPgJGH2MAeGJoSQ1eIBI_K2UHAEVuBTY5KQMMXC0RPyoVERQdMgM9ejc\" loading=\"lazy\" decoding=\"async\"\/> <\/p>\n<p>&#8211; Ja tylko wiem, \u017ce Carrefour wyrazi\u0142 wol\u0119 sprzeda\u017cy i\u00a0s\u0105 firmy, kt\u00f3re si\u0119 wok\u00f3\u0142 tego <a href=\"https:\/\/www.money.pl\/gospodarka\/slask-sercem-polskiej-zbrojeniowki-wojewodztwo-liczy-na-szybki-rozwoj-7226332088810240a.html\" rel=\"noopener noreferrer nofollow\" target=\"_blank\">zakupu<\/a> kr\u0119c\u0105. I\u00a0uwa\u017cam, \u017ce, po ha\u015ble Donalda Tuska o\u00a0repolonizacji, polskie pa\u0144stwo sta\u0107 jest na to, \u017ceby takiego Carrefoura kupi\u0107 &#8211;\u00a0m\u00f3wi Marek Sawicki w\u00a0rozmowie z\u00a0WP Finanse.<\/p>\n<p>Jak twierdzi Sawicki, &#8222;dobrze prowadzony&#8221; Carrefour m\u00f3g\u0142by zarabia\u0107 na rzecz Krajowej Grupy Spo\u017cywczej. Ale czy Krajow\u0105 Grup\u0119 Spo\u017cywcz\u0105 sta\u0107 na &#8222;dobre prowadzenie&#8221; spolszczonego Carrefoura?<\/p>\n<p> <a href=\"https:\/\/finanse.wp.pl\/carrefour-idzie-na-sprzedaz-w-rumunii-moze-go-przejac-polski-gigant-7221017267174336a\" class=\"teaser-inline\" rel=\"nofollow noopener\" target=\"_blank\">  <img decoding=\"async\" src=\"https:\/\/www.europesays.com\/pl\/wp-content\/uploads\/2025\/11\/NzMxMjY2YRssGjtZdklsDm9CbwMwEGJYOFp3SHYDfEJ9AGIMMF4rCCgIIkQ-QDsKLA89RCleYRs9EWIcaB0qEz4IIQsgHSsXLx0p.jpeg\" width=\"0\" height=\"0\" loading=\"lazy\" class=\"wp-media-image cropped\" alt=\"Carrefour idzie na sprzeda\u017c w Rumunii. Mo\u017ce go przej\u0105\u0107 polski gigant\"\/><\/p>\n<p>Carrefour idzie na sprzeda\u017c w Rumunii. Mo\u017ce go przej\u0105\u0107 polski gigant<\/p>\n<p><\/a> <img role=\"presentation\" class=\"absolute left-1\/2 top-1\/2 max-h-[80%] max-w-[100px] -translate-x-1\/2 -translate-y-1\/2\" src=\"https:\/\/v.wpimg.pl\/ZXJfd3AudTkrBBIAbg54LGhcRlAxHQUrPgJGH2MAeGJoSQ1eIBI_K2UHAEVuBTY5KQMMXC0RPyoVERQdMgM9ejc\" loading=\"lazy\" decoding=\"async\"\/> <\/p>\n<p>Rok obrotowy KGS zamkn\u0119\u0142a z\u00a0gigantyczn\u0105 strat\u0105 w\u00a0kwocie 602,6 mln z\u0142otych. Prezes sp\u00f3\u0142ki Marek Zag\u00f3rski w\u00a0wywiadzie dla portalu xyz.pl t\u0142umaczy\u0142 j\u0105 spadkiem przychod\u00f3w ze sprzeda\u017cy cukru.<\/p>\n<p>&#8211; Tak jak wszyscy producenci cukru w\u00a0Europie, musimy mierzy\u0107 si\u0119 ze spadkiem przychod\u00f3w spowodowanym gwa\u0142townym obni\u017ceniem cen &#8211;\u00a0rok do roku o\u00a0niemal po\u0142ow\u0119, z\u00a0prawie 5\u00a0z\u0142\/kg do nieco ponad 2\u00a0z\u0142\/kg &#8211;\u00a0m\u00f3wi\u0142 Zag\u00f3rski.<\/p>\n<p>Wiele sp\u00f3\u0142ek zale\u017cnych KGS tak\u017ce wykaza\u0142o ujemne wyniki finansowe. <\/p>\n<p> <img role=\"presentation\" class=\"absolute left-1\/2 top-1\/2 max-h-[80%] max-w-[100px] -translate-x-1\/2 -translate-y-1\/2\" src=\"https:\/\/v.wpimg.pl\/ZXJfd3AudTkrBBIAbg54LGhcRlAxHQUrPgJGH2MAeGJoSQ1eIBI_K2UHAEVuBTY5KQMMXC0RPyoVERQdMgM9ejc\" loading=\"lazy\" decoding=\"async\"\/> <\/p>\n<p>Jak dowiadujemy si\u0119 nieoficjalnie ze \u017ar\u00f3de\u0142 bliskich rz\u0105dowi, w zwi\u0105zku z\u00a0bardzo niekorzystn\u0105 sytuacj\u0105 finansow\u0105 KGS, Ministerstwo Aktyw\u00f3w Pa\u0144stwowych nie rozwa\u017ca\u0142o scenariusza, w\u00a0kt\u00f3rym przychyli\u0142oby si\u0119 do wniosku MRiRW. S\u0142yszymy o\u00a0zaskoczeniu propozycj\u0105 o\u00a0zakupie Carrefoura.<\/p>\n<p>&#8222;Pismo od MRiRW wp\u0142yn\u0119\u0142o do MAP i\u00a0pracujemy obecnie nad odpowiedzi\u0105. G\u0142\u00f3wnym celem MAP jest dbanie o\u00a0strategiczne sp\u00f3\u0142ki i\u00a0zasoby w\u00a0polskiej gospodarce, w\u00a0tym o\u00a0bezpiecze\u0144stwo \u017cywno\u015bciowe. Natomiast sieci spo\u017cywcze dzia\u0142aj\u0105 na bardzo trudnym i\u00a0konkurencyjnym rynku. Dlatego zarz\u0105d KGS SA jako organ podmiotu prawa handlowego decyzje o\u00a0ewentualnym zaanga\u017cowaniu w\u00a0inwestycj\u0119 kapita\u0142ow\u0105 podejmuje w\u00a0oparciu o\u00a0rachunek ekonomiczny i\u00a0ponosi za takie decyzje pe\u0142n\u0105 odpowiedzialno\u015b\u0107. MAP czeka na ewentualne rekomendacje KGS w\u00a0tej sprawie&#8221; &#8211;\u00a0poinformowa\u0142o biuro prasowe MAP w\u00a0odpowiedzi dla WP Finanse.<\/p>\n<p>Sama KGS nie chce komentowa\u0107 sprawy.<\/p>\n<blockquote><p>Krajowa Grupa Spo\u017cywcza (KGS) powsta\u0142a z\u00a0inicjatywy rz\u0105du PiS jako &#8222;narodowy koncern spo\u017cywczy&#8221; maj\u0105cy wzmocni\u0107 pozycj\u0119 polskiego rolnika i\u00a0zapewni\u0107 bezpiecze\u0144stwo \u017cywno\u015bciowe kraju. W\u00a0praktyce projekt okaza\u0142 si\u0119 zbiurokratyzowany, nieefektywny i\u00a0pozbawiony sp\u00f3jnej strategii zarz\u0105dzania. W\u00a0zamierzeniu KGS mia\u0142a integrowa\u0107 sp\u00f3\u0142ki z\u00a0r\u00f3\u017cnych segment\u00f3w rynku spo\u017cywczego &#8211;\u00a0od cukru, przez zbo\u017ca, po m\u0142yny i\u00a0nasiennictwo. Efektem by\u0142a centralizacja zarz\u0105dzania, utrata elastyczno\u015bci i\u00a0powielanie b\u0142\u0119d\u00f3w rodem z\u00a0PRL-owskiego okresu Zjednocze\u0144 &#8211;\u00a0m\u00f3wi w\u00a0rozmowie z\u00a0WP Finanse osoba dzia\u0142aj\u0105ca w\u00a0strukturach jednej ze sp\u00f3\u0142ek zale\u017cnych KGS, kt\u00f3ra woli pozosta\u0107 anonimowa.<\/p><\/blockquote>\n<p>Jak twierdzi osoba bliska KGS, z\u00a0kt\u00f3r\u0105 rozmawiamy, sp\u00f3\u0142ki wchodz\u0105ce w\u00a0sk\u0142ad Grupy zobowi\u0105zano m.in. do opracowywania pi\u0119cioletnich plan\u00f3w produkcyjnych, co w\u00a0bran\u017cach o\u00a0tak zmiennych uwarunkowaniach rynkowych, jak skup zb\u00f3\u017c czy produkcja m\u0105ki. &#8211;\u00a0R\u00f3wnie anachroniczny okaza\u0142 si\u0119 spos\u00f3b i\u00a0przyj\u0119te procedury ca\u0142ej struktury &#8211;\u00a0dodaje.<\/p>\n<p>Powr\u00f3t do\u00a0Warzywniaka plus <\/p>\n<p>Przypomnijmy, \u017ce powstanie narodowej sieci <a href=\"https:\/\/finanse.wp.pl\/hitowa-akcja-wrocila-7-tys-koszykow-niespodzianek-w-carrefourze-7226067831691904a\" rel=\"noopener noreferrer nofollow\" target=\"_blank\">sklep\u00f3w<\/a>, w\u00a0kt\u00f3rych m.in. rolnicy mogliby sprzedawa\u0107 swoje produkty po satysfakcjonuj\u0105cych ich cenach, to pomys\u0142, kt\u00f3ry powsta\u0142 jeszcze za rz\u0105d\u00f3w Prawa i\u00a0Sprawiedliwo\u015bci. Doczeka\u0142 si\u0119 nawet prze\u015bmiewczego okre\u015blenia &#8222;Warzywniak plus&#8221;.<\/p>\n<p>&#8211; Kaczy\u0144ski chcia\u0142 przej\u0105\u0107 \u017babk\u0119, Ko\u0142odziejczak Tw\u00f3j Market, a\u00a0Krajewski Carrefoura &#8211;\u00a0m\u00f3wi nam osoba z\u00a0otoczenia Krajowej Grupy Spo\u017cywczej. <\/p>\n<p>&#8211; G&#8230;o z\u00a0tego b\u0119dzie &#8211;\u00a0m\u00f3wi nam o\u00a0zakupie Carrefoura przez KGS jeden z\u00a0pos\u0142\u00f3w Polskiego Stronnictwa Ludowego. &#8211;\u00a0Ja mniej wi\u0119cej wiem, kto to kupi, ale co mnie to obchodzi? &#8211;\u00a0pyta.<\/p>\n<p>Na pytanie o\u00a0to, kim mia\u0142by by\u0107 tajemniczy nabywca, nie odpowiada.<\/p>\n<p>Kamil Rakosza-Napieraj, redaktor prowadz\u0105cy WP Finanse<\/p>\n","protected":false},"excerpt":{"rendered":"Ministerstwo Rolnictwa i\u00a0Rozwoju Wsi (MRiRW) chce, by Krajowa Grupa Spo\u017cywcza sta\u0142a si\u0119 w\u0142a\u015bcicielem sklep\u00f3w Carrefour w\u00a0Polsce. W\u00a0listopadzie 2025&hellip;\n","protected":false},"author":2,"featured_media":121617,"comment_status":"","ping_status":"","sticky":false,"template":"","format":"standard","meta":{"footnotes":""},"categories":[5],"tags":[32,33,36,37,27,34,35,28,31,25,42,38,40,39,41,29,30,26],"class_list":{"0":"post-121616","1":"post","2":"type-post","3":"status-publish","4":"format-standard","5":"has-post-thumbnail","7":"category-naglowki","8":"tag-breaking-news","9":"tag-breakingnews","10":"tag-featured-news","11":"tag-featurednews","12":"tag-headlines","13":"tag-latest-news","14":"tag-latestnews","15":"tag-naglowki","16":"tag-najwazniejsze-artykuly","17":"tag-news","18":"tag-pl","19":"tag-poland","20":"tag-polish","21":"tag-polska","22":"tag-polski","23":"tag-top-stories","24":"tag-topstories","25":"tag-wiadomosci"},"share_on_mastodon":{"url":"https:\/\/pubeurope.com\/@pl\/115623242561240938","error":""},"_links":{"self":[{"href":"https:\/\/www.europesays.com\/pl\/wp-json\/wp\/v2\/posts\/121616","targetHints":{"allow":["GET"]}}],"collection":[{"href":"https:\/\/www.europesays.com\/pl\/wp-json\/wp\/v2\/posts"}],"about":[{"href":"https:\/\/www.europesays.com\/pl\/wp-json\/wp\/v2\/types\/post"}],"author":[{"embeddable":true,"href":"https:\/\/www.europesays.com\/pl\/wp-json\/wp\/v2\/users\/2"}],"replies":[{"embeddable":true,"href":"https:\/\/www.europesays.com\/pl\/wp-json\/wp\/v2\/comments?post=121616"}],"version-history":[{"count":0,"href":"https:\/\/www.europesays.com\/pl\/wp-json\/wp\/v2\/posts\/121616\/revisions"}],"wp:featuredmedia":[{"embeddable":true,"href":"https:\/\/www.europesays.com\/pl\/wp-json\/wp\/v2\/media\/121617"}],"wp:attachment":[{"href":"https:\/\/www.europesays.com\/pl\/wp-json\/wp\/v2\/media?parent=121616"}],"wp:term":[{"taxonomy":"category","embeddable":true,"href":"https:\/\/www.europesays.com\/pl\/wp-json\/wp\/v2\/categories?post=121616"},{"taxonomy":"post_tag","embeddable":true,"href":"https:\/\/www.europesays.com\/pl\/wp-json\/wp\/v2\/tags?post=121616"}],"curies":[{"name":"wp","href":"https:\/\/api.w.org\/{rel}","templated":true}]}}