{"id":121618,"date":"2025-11-27T19:10:07","date_gmt":"2025-11-27T19:10:07","guid":{"rendered":"https:\/\/www.europesays.com\/pl\/121618\/"},"modified":"2025-11-27T19:10:07","modified_gmt":"2025-11-27T19:10:07","slug":"dramat-barcelony-gwiazdor-kontuzjowany-czeka-go-przerwa-przeglad-sportowy-onet","status":"publish","type":"post","link":"https:\/\/www.europesays.com\/pl\/121618\/","title":{"rendered":"Dramat Barcelony! Gwiazdor kontuzjowany. Czeka go przerwa &#8211; Przegl\u0105d Sportowy Onet"},"content":{"rendered":"<ol>\n<li><a href=\"https:\/\/news.google.com\/rss\/articles\/CBMitgFBVV95cUxNckFIdXB1Mk9zdkw1OVFpMlVZTUYtTzBVd3N4MTNUVkFTWFJaR1RvZHBjWTJJSWhMOUhOeHE4bFJJM3NiOGVnaXdWYS1RZE9YSEJCandYMkF1eWNaSGJXX0ZITDh3YThDS1hFY2N5WVc4NHM3UWhpbEIwaW9OT1RsV3BTZk54U1pSZjNzSVEybnBFc0lMWE5SVUJ1VmV4NDVPYlR4SzN4MkI0Vld2ZU5CckNrdUZxdw?oc=5\" target=\"_blank\" rel=\"nofollow noopener\">Dramat Barcelony! Gwiazdor kontuzjowany. Czeka go przerwa<\/a>&nbsp;&nbsp;Przegl\u0105d Sportowy Onet<\/li>\n<li><a href=\"https:\/\/news.google.com\/rss\/articles\/CBMitgFBVV95cUxNRll0dWNMdkpieTAyVGxrMWFTdTdXQW1NUjgweEkwOUltb1lycm1YZURadVY1aTRUYXNlaGVkbXFsaWZmYWphdnQ4bHI5YU1NN2JXeEJtRkRVWnB6SFNTdkJWTkQ4VHM0NmtiNW44aHF0YTd5Rm81d09rTmNHSjFac2drRGVnaVJYQllJdVFDWTFWLVBGS3VQUlZzQ3dqamNUM19sZ0NNWjlTZDZjRGZmMElwZHZfQQ?oc=5\" target=\"_blank\" rel=\"nofollow noopener\">Kontuzje wr\u00f3ci\u0142y? Kluczowy zawodnik Barcelony b\u0119dzie musia\u0142 odpocz\u0105\u0107<\/a>&nbsp;&nbsp;SportoweFakty<\/li>\n<li><a href=\"https:\/\/news.google.com\/rss\/articles\/CBMizgFBVV95cUxQLUkyV2NtLTN5bVAwbUk3OFZDMGRIbVF1ZFVTd2ctV1h5ZzQzcjlQMlVFcFlqb1JZYUx5bVQyeVpDWkRWUEZDUGpxcGwtNFBwb29xNzlpdHdlcjRoZTNlcjJ6dUhtYkdUVms1V3NFMV9kRFY2SVhQRExzejZZVWRJRFNRWTV4Q280Z1BHb3B3enc4N3gzREtWNElWSXNGRnNISzNWLUtmeFNBUHV0aTA2dUNzZVFVMXdDdXRVU1VER2VzY3RULTlZVDFXSENBdw?oc=5\" target=\"_blank\" rel=\"nofollow noopener\">Sport: Ferm\u00edn gra\u0142 z dolegliwo\u015bciami w starciu z Chelsea, uraz wynika\u0142 z kopniaka ze strony Sanceta<\/a>&nbsp;&nbsp;FCBarca.com<\/li>\n<li><a href=\"https:\/\/news.google.com\/rss\/articles\/CBMipAFBVV95cUxOV0QwMUN0VWlkdXV0ZmNLam9GZ1Frd1lDWGVTanFOVXMxdHRfSnBsUGdzUGlndlhraGVtWGp0SFhXMkRYU2paUEpmb3dkY3lFQ0hreEVhbERQbEhTQU5VeHh0RldmZHp5Tm16ME8tdm5VZ2xBSng3YnBSamhfeVkyeENDWmM5ZjhEZ2RIZ3pUM1ZmV3hRYllsbVpDdkk0dkRqODkxMQ?oc=5\" target=\"_blank\" rel=\"nofollow noopener\">FC Barcelona traci wa\u017cnego pi\u0142karza! Nowa kontuzja [OFICJALNIE]<\/a>&nbsp;&nbsp;Transfery.info<\/li>\n<li><a href=\"https:\/\/news.google.com\/rss\/articles\/CBMi3wFBVV95cUxQM3FCaHY1LU9HdFZjS0hheXpVRkl5Z0I0TWFhSjdSS3dVV280Ull3c2FYSkZERDdLc1VwWjk5R3hNTHJuLVdtUjR4d3MwSmJaUmdrYURzSWVLTzFxVUs5MjBfVkZMb3JkTV9rYmhGTy04UjZBejlEZ01ZYTZ0cGNIY2Q1NFZodkQ3bWVoWVVkVk5SeE05MkRibDZJM2oxdmlQa2xuWDRjZlZ1TXFVOUhJRWhfTDc1OG9SM21vVzlwYUxzVDB4ZjJLMHVldUtjVllqNFdNNFlnUjZGOFktV0RB?oc=5\" target=\"_blank\" rel=\"nofollow noopener\">Kolejne problemy w Barcelonie, kluczowy pomocnik kontuzjowany<\/a>&nbsp;&nbsp;Flashscore.pl<\/li>\n<\/ol>\n","protected":false},"excerpt":{"rendered":"Dramat Barcelony! Gwiazdor kontuzjowany. Czeka go przerwa&nbsp;&nbsp;Przegl\u0105d Sportowy Onet Kontuzje wr\u00f3ci\u0142y? Kluczowy zawodnik Barcelony b\u0119dzie musia\u0142 odpocz\u0105\u0107&nbsp;&nbsp;SportoweFakty Sport:&hellip;\n","protected":false},"author":2,"featured_media":121619,"comment_status":"","ping_status":"","sticky":false,"template":"","format":"standard","meta":{"footnotes":""},"categories":[24],"tags":[303,4740,67,2960,2051,929,42,38,40,39,41,136,128,47,127,135,126,130],"class_list":{"0":"post-121618","1":"post","2":"type-post","3":"status-publish","4":"format-standard","5":"has-post-thumbnail","7":"category-sport","8":"tag-fc_barcelona","9":"tag-fermin_lopez","10":"tag-intextvideo_splayer","11":"tag-la_liga","12":"tag-laliga","13":"tag-pawb","14":"tag-pl","15":"tag-poland","16":"tag-polish","17":"tag-polska","18":"tag-polski","19":"tag-ps_detal_new","20":"tag-psv2","21":"tag-screening_general","22":"tag-sport","23":"tag-sport_sport","24":"tag-sports","25":"tag-wiadomosci_sportowe"},"share_on_mastodon":{"url":"https:\/\/pubeurope.com\/@pl\/115623246245990039","error":""},"_links":{"self":[{"href":"https:\/\/www.europesays.com\/pl\/wp-json\/wp\/v2\/posts\/121618","targetHints":{"allow":["GET"]}}],"collection":[{"href":"https:\/\/www.europesays.com\/pl\/wp-json\/wp\/v2\/posts"}],"about":[{"href":"https:\/\/www.europesays.com\/pl\/wp-json\/wp\/v2\/types\/post"}],"author":[{"embeddable":true,"href":"https:\/\/www.europesays.com\/pl\/wp-json\/wp\/v2\/users\/2"}],"replies":[{"embeddable":true,"href":"https:\/\/www.europesays.com\/pl\/wp-json\/wp\/v2\/comments?post=121618"}],"version-history":[{"count":0,"href":"https:\/\/www.europesays.com\/pl\/wp-json\/wp\/v2\/posts\/121618\/revisions"}],"wp:featuredmedia":[{"embeddable":true,"href":"https:\/\/www.europesays.com\/pl\/wp-json\/wp\/v2\/media\/121619"}],"wp:attachment":[{"href":"https:\/\/www.europesays.com\/pl\/wp-json\/wp\/v2\/media?parent=121618"}],"wp:term":[{"taxonomy":"category","embeddable":true,"href":"https:\/\/www.europesays.com\/pl\/wp-json\/wp\/v2\/categories?post=121618"},{"taxonomy":"post_tag","embeddable":true,"href":"https:\/\/www.europesays.com\/pl\/wp-json\/wp\/v2\/tags?post=121618"}],"curies":[{"name":"wp","href":"https:\/\/api.w.org\/{rel}","templated":true}]}}