{"id":121623,"date":"2025-11-27T19:18:15","date_gmt":"2025-11-27T19:18:15","guid":{"rendered":"https:\/\/www.europesays.com\/pl\/121623\/"},"modified":"2025-11-27T19:18:15","modified_gmt":"2025-11-27T19:18:15","slug":"zamieszanie-wokol-zillmann-i-lesar-kuba-wojewodzki-wkroczyl-do-akcji","status":"publish","type":"post","link":"https:\/\/www.europesays.com\/pl\/121623\/","title":{"rendered":"Zamieszanie wok\u00f3\u0142 Zillmann i Lesar. Kuba Wojew\u00f3dzki wkroczy\u0142 do akcji"},"content":{"rendered":"<p class=\"typography ids-typeset-body ids-typeset-body--preset-large link paragraph ids-paragraph ids-paragraph--default\">Katarzyna Zillmann od lat nale\u017cy do najbardziej utytu\u0142owanych polskich wio\u015blarek. Ma na koncie srebrny medal olimpijski z Tokio, sukcesy mistrzostw Europy i \u015bwiata, a sportowy hart ducha po\u0142\u0105czony z otwarto\u015bci\u0105 sprawi\u0142, \u017ce sta\u0142a si\u0119 jedn\u0105 z najbardziej rozpoznawalnych postaci w polskim sporcie. Mimo ogromnych osi\u0105gni\u0119\u0107 zdecydowa\u0142a si\u0119 na krok daleko wykraczaj\u0105cy poza dotychczasowe do\u015bwiadczenia &#8211; udzia\u0142 w &#8222;Ta\u0144cu z Gwiazdami&#8221;. Dla zawodowej wio\u015blarki by\u0142o to wej\u015bcie na nieznane terytorium, wymagaj\u0105ce odwagi, dystansu do siebie i gotowo\u015bci na zupe\u0142nie nowe wyzwania.<\/p>\n<p>A\u017c huczy od plotek o Katarzynie Zillmann i Janji Lesar. Kuba Wojew\u00f3dzki dolewa oliwy do ognia<\/p>\n<p class=\"typography ids-typeset-body ids-typeset-body--preset-large link paragraph ids-paragraph ids-paragraph--default\">To w\u0142a\u015bnie na parkiecie programu Zillmann zbli\u017cy\u0142a si\u0119 do swojej partnerki tanecznej, Janji Lesar. Jako pierwsza \u017ce\u0144ska para w historii polskiej edycji przyci\u0105gn\u0119\u0142y uwag\u0119 nie tylko efektownymi uk\u0142adami, lecz tak\u017ce niezwyk\u0142\u0105 chemi\u0105 widoczn\u0105 w ka\u017cdym odcinku. Blisko\u015b\u0107, czu\u0142e gesty, a przede wszystkim zmys\u0142owa rumba zacz\u0119\u0142y rodzi\u0107 pytania, czy relacja mi\u0119dzy nimi nie wykracza poza ekran. Po finale emocje wcale nie opad\u0142y &#8211; przeciwnie, kolejne zdj\u0119cia, na kt\u00f3rych obie panie okazywa\u0142y sobie ciep\u0142o, dola\u0142y oliwy do ognia.<\/p>\n<p class=\"typography ids-typeset-body ids-typeset-body--preset-large link paragraph ids-paragraph ids-paragraph--default\">Plotki o romansie zbieg\u0142y si\u0119 w czasie z informacj\u0105 o <a href=\"https:\/\/sport.interia.pl\/sportowe-zycie\/news-spadla-bomba-tuz-po-finale-tanca-z-gwiazdami-partnerka-zillm,nId,22454994\" target=\"_blank\" rel=\"nofollow noopener\">rozstaniu Zillmann z dotychczasow\u0105 partnerk\u0105, Juli\u0105 Walczak<\/a>. Cho\u0107 podkre\u015blano, \u017ce decyzja zapad\u0142a wcze\u015bniej, medialna narracja zacz\u0119\u0142a tworzy\u0107 w\u0142asn\u0105 opowie\u015b\u0107. Zillmann stara\u0142a si\u0119 j\u0105 studzi\u0107, t\u0142umacz\u0105c, \u017ce wiele gest\u00f3w wynika\u0142o z choreografii i specyfiki programu. Z kolei Lesar przyzna\u0142a, \u017ce z Katarzyn\u0105 \u0142\u0105czy j\u0105 &#8222;bliska relacja&#8221;, co tylko zwi\u0119kszy\u0142o zainteresowanie opinii publicznej. Walczak r\u00f3wnie\u017c zabra\u0142a g\u0142os, zarzucaj\u0105c mediom przek\u0142amania.<\/p>\n<p class=\"typography ids-typeset-body ids-typeset-body--preset-large link paragraph ids-paragraph ids-paragraph--default\">W tak burzliwej atmosferze nie mog\u0142o zabrakn\u0105\u0107 komentarza Kuby Wojew\u00f3dzkiego. W swojej rubryce &#8222;Mea pulpa&#8221; w &#8222;Polityce&#8221; postanowi\u0142 podsumowa\u0107 medialne zamieszanie, typowym dla siebie, ironicznym tonem. &#8222;Koniec zwi\u0105zku kajakarki Julii Walczak z wio\u015blark\u0105 Katarzyn\u0105 Zillmann. Media spekuluj\u0105 obecnie o zwi\u0105zku wio\u015blarki z Janj\u0105 Lesar. Rodzaj \u0142odzi oraz nap\u0119du nieznany&#8221; &#8211; napisa\u0142.<\/p>\n<p>Polskie medale we wio\u015blarstwie! Jakie s\u0105 oczekiwania? WIDEOPolsat SportPolsat Sport<\/p>\n<p><img decoding=\"async\" class=\"ids-image-holder__img\" loading=\"lazy\" alt=\"Dwie kobiety pozuj\u0105 razem na tle \u015bciany dekoracyjnej z logotypami programu Dancing with the Stars, jedna z nich ubrana jest w czarn\u0105, przezroczyst\u0105 bluzk\u0119 ods\u0142aniaj\u0105c\u0105 piersi, druga w czerwon\u0105 stylizacj\u0119 z koronk\u0105, obie u\u015bmiechni\u0119te i obejmuj\u0105ce si\u0119.\" title=\"Katarzyna Zillmann i Janja Lesar\" width=\"2000\" height=\"1333\" src=\"https:\/\/www.europesays.com\/pl\/wp-content\/uploads\/2025\/11\/000LR18V8MGGYFBB-C322-F4.webp.webp\"\/><\/p>\n<p>Katarzyna Zillmann i Janja LesarAdam Jankowski\/REPORTEREast News<\/p>\n<p><img decoding=\"async\" class=\"ids-image-holder__img\" loading=\"lazy\" alt=\"Dwie kobiety w efektownych, czerwonych sukniach stoj\u0105 blisko siebie i pozuj\u0105 do zdj\u0119cia na tle z\u0142otej \u015bcianki z logo programu telewizyjnego Dancing with the Stars.\" title=\"Katarzyna Zillmann w &quot;Ta\u0144cu z Gwiazdami&quot;\" width=\"2000\" height=\"1333\" src=\"https:\/\/www.europesays.com\/pl\/wp-content\/uploads\/2025\/11\/000LWE2GCUAS8PVB-C322-F4.webp.webp\"\/><\/p>\n<p>Katarzyna Zillmann w &#8222;Ta\u0144cu z Gwiazdami&#8221;Wojciech Olkusnik East News<\/p>\n<p><img decoding=\"async\" class=\"ids-image-holder__img\" loading=\"lazy\" alt=\"Dwie osoby obejmuj\u0105ce si\u0119, patrz\u0105ce sobie w oczy z rado\u015bci\u0105 na tle roz\u015bwietlonego, ciep\u0142ego t\u0142a, gest blisko\u015bci i uczucia.\" title=\"Katarzyna Zillmann i Janja Lesar\" width=\"2667\" height=\"1500\" src=\"https:\/\/www.europesays.com\/pl\/wp-content\/uploads\/2025\/10\/000LS9IFTQ6P4CE0-C322-F4.webp.webp\"\/><\/p>\n<p>Katarzyna Zillmann i Janja LesarAdam Jankowski\/REPORTERReporter<\/p>\n<p><a class=\"ids-undecorated-link source ids-page-info--source__link\" href=\"https:\/\/www.interia.pl\" rel=\"nofollow noopener\" target=\"_blank\"><img decoding=\"async\" class=\"ids-image-holder__img\" loading=\"lazy\" alt=\"\" title=\"\" height=\"24px\" src=\"https:\/\/www.europesays.com\/pl\/wp-content\/uploads\/2025\/11\/1763998694_431_0009A60QQ5I2TYF7-C202-F4.webp.webp\"\/><\/a><\/p>\n<p>Masz sugestie, uwagi albo widzisz b\u0142\u0105d? Napisz do nas<\/p>\n","protected":false},"excerpt":{"rendered":"Katarzyna Zillmann od lat nale\u017cy do najbardziej utytu\u0142owanych polskich wio\u015blarek. Ma na koncie srebrny medal olimpijski z Tokio,&hellip;\n","protected":false},"author":2,"featured_media":121624,"comment_status":"","ping_status":"","sticky":false,"template":"","format":"standard","meta":{"footnotes":""},"categories":[22],"tags":[122,42,38,40,39,41,123],"class_list":{"0":"post-121623","1":"post","2":"type-post","3":"status-publish","4":"format-standard","5":"has-post-thumbnail","7":"category-rozrywka","8":"tag-entertainment","9":"tag-pl","10":"tag-poland","11":"tag-polish","12":"tag-polska","13":"tag-polski","14":"tag-rozrywka"},"share_on_mastodon":{"url":"https:\/\/pubeurope.com\/@pl\/115623278092075541","error":""},"_links":{"self":[{"href":"https:\/\/www.europesays.com\/pl\/wp-json\/wp\/v2\/posts\/121623","targetHints":{"allow":["GET"]}}],"collection":[{"href":"https:\/\/www.europesays.com\/pl\/wp-json\/wp\/v2\/posts"}],"about":[{"href":"https:\/\/www.europesays.com\/pl\/wp-json\/wp\/v2\/types\/post"}],"author":[{"embeddable":true,"href":"https:\/\/www.europesays.com\/pl\/wp-json\/wp\/v2\/users\/2"}],"replies":[{"embeddable":true,"href":"https:\/\/www.europesays.com\/pl\/wp-json\/wp\/v2\/comments?post=121623"}],"version-history":[{"count":0,"href":"https:\/\/www.europesays.com\/pl\/wp-json\/wp\/v2\/posts\/121623\/revisions"}],"wp:featuredmedia":[{"embeddable":true,"href":"https:\/\/www.europesays.com\/pl\/wp-json\/wp\/v2\/media\/121624"}],"wp:attachment":[{"href":"https:\/\/www.europesays.com\/pl\/wp-json\/wp\/v2\/media?parent=121623"}],"wp:term":[{"taxonomy":"category","embeddable":true,"href":"https:\/\/www.europesays.com\/pl\/wp-json\/wp\/v2\/categories?post=121623"},{"taxonomy":"post_tag","embeddable":true,"href":"https:\/\/www.europesays.com\/pl\/wp-json\/wp\/v2\/tags?post=121623"}],"curies":[{"name":"wp","href":"https:\/\/api.w.org\/{rel}","templated":true}]}}