{"id":121643,"date":"2025-11-27T19:31:15","date_gmt":"2025-11-27T19:31:15","guid":{"rendered":"https:\/\/www.europesays.com\/pl\/121643\/"},"modified":"2025-11-27T19:31:15","modified_gmt":"2025-11-27T19:31:15","slug":"kibice-rakowa-wsciekli-na-papszuna-ten-transparent-mowi-wszystko","status":"publish","type":"post","link":"https:\/\/www.europesays.com\/pl\/121643\/","title":{"rendered":"Kibice Rakowa w\u015bciekli na Papszuna. Ten transparent m\u00f3wi wszystko"},"content":{"rendered":"<p class=\"typography ids-typeset-body ids-typeset-body--preset-large link paragraph ids-paragraph ids-paragraph--default\">W czwartek Rak\u00f3w Cz\u0119stochowa rozgrywa kolejne spotkania w ramach fazy ligowej Ligi Konferencji. Rywalem &#8222;Medalik\u00f3w&#8221; w Sosnowcu jest Rapid Wiede\u0144. Austriakom dotychczas sz\u0142o fatalnie, przegrali m.in. 1:4 z Lechem Pozna\u0144. To sprawia, \u017ce przed meczem okupowali ostatnie miejsce w tabeli Ligi Konferencji.<\/p>\n<p class=\"typography ids-typeset-body ids-typeset-body--preset-large link paragraph ids-paragraph ids-paragraph--default\">Swoje problemy ma jednak Rak\u00f3w. Cz\u0119stochowski klub w ostatni weekend przegra\u0142 w lidze 1:3 z Piastem Gliwice. W tabeli Ligi Konferencji wicemistrz Polski zajmuje 12. miejsce w tabeli, a dwie ostatnie eskapady do Czech ko\u0144czy\u0142 remisami.<\/p>\n<p class=\"typography ids-typeset-body ids-typeset-body--preset-large link paragraph ids-paragraph ids-paragraph--default\">W ostatnich dniach kibice Rakowa mogli prze\u017cy\u0107 ogromny wstrz\u0105s. Zacz\u0119\u0142o si\u0119 w zesz\u0142ym tygodniu, gdy w mediach pojawi\u0142y si\u0119 informacje o zainteresowaniu Legii Warszawa us\u0142ugami\u00a0<a href=\"https:\/\/sport.interia.pl\/pilka-nozna\/profil-marek-papszun,sppi,20339\" rel=\"nofollow noopener\" target=\"_blank\">Marka Papszuna<\/a>. Trener Rakowa pocz\u0105tkowo nie mia\u0142 zamiaru wyg\u0142asza\u0107 jednoznacznego stanowiska. Wszystko zmieni\u0142o si\u0119 w \u015brod\u0119, a w jednej chwili odbi\u00f3r trenera w Cz\u0119stochowie sta\u0142 si\u0119 odmienny.<\/p>\n<p>Kibice dosadnie zareagowali na s\u0142owa Papszuna. To s\u0105dz\u0105 o jego post\u0119powaniu<\/p>\n<p class=\"typography ids-typeset-body ids-typeset-body--preset-large link paragraph ids-paragraph ids-paragraph--default\">&#8211; Legia chce mnie jako trenera i ja chce by\u0107 trenerem Legii. To tyle, je\u015bli chodzi o komentarz do tej sprawy. Mam nadziej\u0119, \u017ce dojdziemy do porozumienia i nie b\u0119d\u0119 musia\u0142 tego wi\u0119cej do tego si\u0119 odnosi\u0107. Prosi\u0142bym te\u017c, by w przestrzeni medialnej nie komentowa\u0107 bez odpowiedniej wiedzy i poczeka\u0107 na jej ostateczne rozstrzygni\u0119cie &#8211; wypali\u0142 Marek Papszun na dob\u0119 przed spotkaniem z Rapidem Wiede\u0144.<\/p>\n<p class=\"typography ids-typeset-body ids-typeset-body--preset-large link paragraph ids-paragraph ids-paragraph--default\">Kibice Rakowa w mediach spo\u0142eczno\u015bciowych zdecydowanie wyra\u017cali swoje niezadowolenie ze s\u0142\u00f3w trenera. Mo\u017cna by\u0142o si\u0119 spodziewa\u0107, \u017ce r\u00f3wnie\u017c podczas czwartkowego spotkania Papszun odczuj\u0119 na w\u0142asnej sk\u00f3rze brak sympatii kibic\u00f3w. Efekt tego mo\u017cna by\u0142o zaobserwowa\u0107 ju\u017c na samym pocz\u0105tku meczu. Media spo\u0142eczno\u015bciowe obieg\u0142y zdj\u0119cia transparentu o bardzo wymownej tre\u015bci. Odniesiono si\u0119 przy okazji do etapu \u017cycia Papszuna, gdy pracowa\u0142 w szkole jako nauczyciel.<\/p>\n<blockquote role=\"blockquote\" class=\"quote ids-quote ids-quote--nosurface--short--medium\"><p>Rak\u00f3w poda\u0142 Ci r\u0119k\u0119 jak sprawdza\u0142e\u015b klas\u00f3wki, a Ty jak Judasz chcesz si\u0119 sprzeda\u0107 za z\u0142ot\u00f3wki?<\/p><\/blockquote>\n<p>Tomasz Hajto: Dla mnie to, co powiedzia\u0142 trener Papszun, jest nieetycznePolsat Sport<\/p>\n<p><img decoding=\"async\" class=\"ids-image-holder__img\" loading=\"lazy\" alt=\"M\u0119\u017cczyzna w d\u0142ugiej, pikowanej kurtce i czapce z daszkiem u\u015bmiecha si\u0119 i macha r\u0119k\u0105 na tle stadionu sportowego. W tle zamazane trybuny oraz niewyra\u017ane postaci.\" title=\"MArek Papszun chce odejs\u0107 do Legii\" width=\"2000\" height=\"1334\" src=\"https:\/\/www.europesays.com\/pl\/wp-content\/uploads\/2025\/11\/000LZFLWJBWPT0KT-C322-F4.webp.webp\"\/><\/p>\n<p>MArek Papszun chce odejs\u0107 do LegiiEmilia Krawczyk\/REPORTEREast News<\/p>\n<p><img decoding=\"async\" class=\"ids-image-holder__img\" loading=\"lazy\" alt=\"M\u0119\u017cczyzna w sportowej kurtce i czapce z daszkiem, ubrany w zimowe ubranie klubowe z herbem pi\u0142karskim oraz inicja\u0142ami MP, stoi na stadionie pi\u0142karskim, w tle trybuny i cz\u0119\u015bciowo widoczny napis reklamowy.\" title=\"Marek Papszun zosta\u0142 trenerem Legii Warszawa\" width=\"1024\" height=\"682\" src=\"https:\/\/www.europesays.com\/pl\/wp-content\/uploads\/2025\/11\/000LYIS77J531XMA-C322-F4.webp.webp\"\/><\/p>\n<p>Marek Papszun zosta\u0142 trenerem Legii WarszawaMarcin GolbaAFP<\/p>\n<p><img decoding=\"async\" class=\"ids-image-holder__img\" loading=\"lazy\" alt=\"Dwaj pi\u0142karze w bia\u0142ych strojach staraj\u0105 si\u0119 zdoby\u0107 pi\u0142k\u0119 podczas meczu, podczas gdy zawodnik w czerwono-niebieskim stroju pr\u00f3buje przeszkodzi\u0107 w ich akcji, a w tle widoczni s\u0105 kibice na trybunach.\" title=\"Mecz Rak\u00f3w Cz\u0119stochowa - Lech Pozna\u0144 w ramach 6. kolejki Ekstraklasy\" width=\"2000\" height=\"1333\" src=\"https:\/\/www.europesays.com\/pl\/wp-content\/uploads\/2025\/11\/000LOY6YN2ERPA8D-C322-F4.webp.webp\"\/><\/p>\n<p>Mecz Rak\u00f3w Cz\u0119stochowa &#8211; Lech Pozna\u0144 w ramach 6. kolejki EkstraklasyEmilia Krawczyk\/REPORTEREast News<\/p>\n<p><a class=\"ids-undecorated-link source ids-page-info--source__link\" href=\"https:\/\/www.interia.pl\" rel=\"nofollow noopener\" target=\"_blank\"><img decoding=\"async\" class=\"ids-image-holder__img\" loading=\"lazy\" alt=\"\" title=\"\" height=\"24px\" src=\"https:\/\/www.europesays.com\/pl\/wp-content\/uploads\/2025\/11\/1763998694_431_0009A60QQ5I2TYF7-C202-F4.webp.webp\"\/><\/a><\/p>\n<p>Masz sugestie, uwagi albo widzisz b\u0142\u0105d? Napisz do nas<\/p>\n","protected":false},"excerpt":{"rendered":"W czwartek Rak\u00f3w Cz\u0119stochowa rozgrywa kolejne spotkania w ramach fazy ligowej Ligi Konferencji. Rywalem &#8222;Medalik\u00f3w&#8221; w Sosnowcu jest&hellip;\n","protected":false},"author":2,"featured_media":121644,"comment_status":"","ping_status":"","sticky":false,"template":"","format":"standard","meta":{"footnotes":""},"categories":[24],"tags":[42,38,40,39,41,127,126],"class_list":{"0":"post-121643","1":"post","2":"type-post","3":"status-publish","4":"format-standard","5":"has-post-thumbnail","7":"category-sport","8":"tag-pl","9":"tag-poland","10":"tag-polish","11":"tag-polska","12":"tag-polski","13":"tag-sport","14":"tag-sports"},"share_on_mastodon":{"url":"https:\/\/pubeurope.com\/@pl\/115623328981109940","error":""},"_links":{"self":[{"href":"https:\/\/www.europesays.com\/pl\/wp-json\/wp\/v2\/posts\/121643","targetHints":{"allow":["GET"]}}],"collection":[{"href":"https:\/\/www.europesays.com\/pl\/wp-json\/wp\/v2\/posts"}],"about":[{"href":"https:\/\/www.europesays.com\/pl\/wp-json\/wp\/v2\/types\/post"}],"author":[{"embeddable":true,"href":"https:\/\/www.europesays.com\/pl\/wp-json\/wp\/v2\/users\/2"}],"replies":[{"embeddable":true,"href":"https:\/\/www.europesays.com\/pl\/wp-json\/wp\/v2\/comments?post=121643"}],"version-history":[{"count":0,"href":"https:\/\/www.europesays.com\/pl\/wp-json\/wp\/v2\/posts\/121643\/revisions"}],"wp:featuredmedia":[{"embeddable":true,"href":"https:\/\/www.europesays.com\/pl\/wp-json\/wp\/v2\/media\/121644"}],"wp:attachment":[{"href":"https:\/\/www.europesays.com\/pl\/wp-json\/wp\/v2\/media?parent=121643"}],"wp:term":[{"taxonomy":"category","embeddable":true,"href":"https:\/\/www.europesays.com\/pl\/wp-json\/wp\/v2\/categories?post=121643"},{"taxonomy":"post_tag","embeddable":true,"href":"https:\/\/www.europesays.com\/pl\/wp-json\/wp\/v2\/tags?post=121643"}],"curies":[{"name":"wp","href":"https:\/\/api.w.org\/{rel}","templated":true}]}}