{"id":121651,"date":"2025-11-27T19:36:14","date_gmt":"2025-11-27T19:36:14","guid":{"rendered":"https:\/\/www.europesays.com\/pl\/121651\/"},"modified":"2025-11-27T19:36:14","modified_gmt":"2025-11-27T19:36:14","slug":"nowe-rakiety-dla-polskich-f-35-szef-mon-podpisal-umowe","status":"publish","type":"post","link":"https:\/\/www.europesays.com\/pl\/121651\/","title":{"rendered":"Nowe rakiety dla polskich F-35. Szef MON podpisa\u0142 umow\u0119"},"content":{"rendered":"<p>Umow\u0119 na zakup pocisk\u00f3w od rz\u0105du USA podpisa\u0142 w czwartek szef MON. Chodzi o zakup 200 pocisk\u00f3w przeciwlotniczych AIM-120 AMRAAM, w najnowszej wersji AIM-120D kt\u00f3re stan\u0105 si\u0119 jednym z typ\u00f3w uzbrojenia stosowanych przez polskie samoloty wielozadaniowe F-35, z kt\u00f3rych pierwsze trafi\u0105 do Polski w przysz\u0142ym roku.<\/p>\n<p>\u00a0<\/p>\n<p>ZOBACZ: <a href=\"https:\/\/www.polsatnews.pl\/wiadomosc\/2025-10-29\/to-bedzie-piekna-wiosna-kolejne-polskie-f-35-wzbily-sie-w-powietrze\/\" rel=\"nofollow noopener\" target=\"_blank\">&#8222;To b\u0119dzie pi\u0119kna wiosna&#8221;. Kolejne polskie F-35 wzbi\u0142y si\u0119 w powietrze<\/a><\/p>\n<p>\u00a0<\/p>\n<p>Kosiniak-Kamysz powiedzia\u0142, \u017ce tego typu kontrakty pokazuj\u0105, &#8222;\u017ce sojusz polsko-ameryka\u0144ski to nie tylko s\u0142owa, ale te\u017c decyzje &#8211; o mo\u017cliwo\u015bci zakupu sprz\u0119tu, pozyskania najnowocze\u015bniejszej technologii&#8221; Zwr\u00f3ci\u0142 uwag\u0119, \u017ce Polska pozyskuje od USA r\u00f3\u017cne typy sprz\u0119tu, jak same F-35 czy ameryka\u0144ski system kierowania obron\u0105 powietrzn\u0105 IBCS.<\/p>\n<p>Polska zakupi\u0142a rakiety do F-35. Maj\u0105 180 km zasi\u0119gu<\/p>\n<p>Doda\u0142, \u017ce ca\u0142y czas trwaj\u0105 prace nad zwi\u0119kszeniem obecno\u015bci wojsk USA w Polsce. &#8211; Inspektorat Wsparcia Si\u0142 Zbrojnych dosta\u0142 zadanie, by w ka\u017cdej chwili by\u0107 do tego gotowym &#8211; powiedzia\u0142.<\/p>\n<p>\u00a0<\/p>\n<p>AMRAAM to ameryka\u0144skie pociski powietrze-powietrze \u015bredniego zasi\u0119gu &#8211; tzn. nawet ok. 180 km; jeden z podstawowych pocisk\u00f3w tego typu wykorzystywanych przez ameryka\u0144skie i natowskie lotnictwo, w tym my\u015bliwce F-35. Uzbrojone w m.in. tego typu pociski niderlandzkie my\u015bliwce F-35 bra\u0142y udzia\u0142 w misji zwalczania rosyjskich dron\u00f3w, kt\u00f3re wtargn\u0119\u0142y w polsk\u0105 przestrze\u0144 powietrzn\u0105 w nocy z 9 na 10 wrze\u015bnia.<\/p>\n<p>\u00a0<\/p>\n<p>ZOBACZ: <a href=\"https:\/\/www.polsatnews.pl\/wiadomosc\/2025-10-06\/norweskie-mysliwce-w-poznaniu-f-35-beda-patrolowaly-polskie-niebo\/\" rel=\"nofollow noopener\" target=\"_blank\">Norweskie my\u015bliwce w Poznaniu. F-35 b\u0119d\u0105 patrolowa\u0142y polskie niebo<\/a><\/p>\n<p>\u00a0<\/p>\n<p>Zgod\u0119 na zakup przez Polsk\u0119 400 AMRAAM-\u00f3w za 1,3 mld dolar\u00f3w ameryka\u0144ski Departament Stanu wyrazi\u0142 pod koniec kwietnia tego roku.<\/p>\n<p>Pierwsze F-35 trafi\u0105 do Polski w 2026 roku<\/p>\n<p>Pierwsze polskie&#8221; F-35 maj\u0105 trafi\u0107 do naszego kraju w 2026 r. Polskie Si\u0142y Powietrzne maj\u0105 otrzyma\u0107 32 maszyny, kt\u00f3re razem z my\u015bliwcami F-16 b\u0119d\u0105 stanowi\u0107 o sile polskiego lotnictwa bojowego. F-35 to pierwszy w polskim lotnictwie samolot wielozadaniowy zaprojektowany tak, by by\u0142 trudno wykrywalny przez przeciwnika.<\/p>\n<p>\u00a0<\/p>\n<p>Polskie lotnictwo dysponuje ju\u017c pociskami AMRAAM, ale w starszej wersji C; wykorzystywane s\u0105 one przez polskie samoloty F-16.<\/p>\n<p>\u00a0<\/p>\n<p>Widzia\u0142e\u015b co\u015b wa\u017cnego? Przy\u015blij zdj\u0119cie, film lub napisz, co si\u0119 sta\u0142o. Skorzystaj z naszej <a href=\"https:\/\/www.polsatnews.pl\/platforma-widzow\/\" target=\"_blank\" rel=\"noopener noreferrer nofollow\">Wrzutni<\/a><\/p>\n<p>                <img decoding=\"async\" src=\"https:\/\/www.europesays.com\/pl\/wp-content\/uploads\/2025\/11\/15fxodi79ai8rk1dbzfkmmhqmkvxv6ah.jpg\" alt=\"\" itemprop=\"contentUrl\" style=\"position:absolute; width: 100%; max-height: 100%;\"\/><video controls=\"\" controlslist=\"nodownload\" poster=\"https:\/\/www.europesays.com\/pl\/wp-content\/uploads\/2025\/11\/15fxodi79ai8rk1dbzfkmmhqmkvxv6ah.jpg\" class=\"videoPlayer player6855211 news__video\" data-id=\"6855211\">Twoja przegl\u0105darka nie wspiera odtwarzacza wideo&#8230;<\/video><\/p>\n<p>                <a class=\"news__read-more-button\" href=\"https:\/\/www.polsatnews.pl\/\" rel=\"nofollow noopener\" target=\"_blank\">Czytaj wi\u0119cej<\/a><\/p>\n","protected":false},"excerpt":{"rendered":"Umow\u0119 na zakup pocisk\u00f3w od rz\u0105du USA podpisa\u0142 w czwartek szef MON. Chodzi o zakup 200 pocisk\u00f3w przeciwlotniczych&hellip;\n","protected":false},"author":2,"featured_media":121652,"comment_status":"","ping_status":"","sticky":false,"template":"","format":"standard","meta":{"footnotes":""},"categories":[12],"tags":[32,33,36,37,27,34,35,28,31,25,42,38,40,39,41,29,30,26],"class_list":{"0":"post-121651","1":"post","2":"type-post","3":"status-publish","4":"format-standard","5":"has-post-thumbnail","7":"category-polska","8":"tag-breaking-news","9":"tag-breakingnews","10":"tag-featured-news","11":"tag-featurednews","12":"tag-headlines","13":"tag-latest-news","14":"tag-latestnews","15":"tag-naglowki","16":"tag-najwazniejsze-artykuly","17":"tag-news","18":"tag-pl","19":"tag-poland","20":"tag-polish","21":"tag-polska","22":"tag-polski","23":"tag-top-stories","24":"tag-topstories","25":"tag-wiadomosci"},"share_on_mastodon":{"url":"https:\/\/pubeurope.com\/@pl\/115623348632028238","error":""},"_links":{"self":[{"href":"https:\/\/www.europesays.com\/pl\/wp-json\/wp\/v2\/posts\/121651","targetHints":{"allow":["GET"]}}],"collection":[{"href":"https:\/\/www.europesays.com\/pl\/wp-json\/wp\/v2\/posts"}],"about":[{"href":"https:\/\/www.europesays.com\/pl\/wp-json\/wp\/v2\/types\/post"}],"author":[{"embeddable":true,"href":"https:\/\/www.europesays.com\/pl\/wp-json\/wp\/v2\/users\/2"}],"replies":[{"embeddable":true,"href":"https:\/\/www.europesays.com\/pl\/wp-json\/wp\/v2\/comments?post=121651"}],"version-history":[{"count":0,"href":"https:\/\/www.europesays.com\/pl\/wp-json\/wp\/v2\/posts\/121651\/revisions"}],"wp:featuredmedia":[{"embeddable":true,"href":"https:\/\/www.europesays.com\/pl\/wp-json\/wp\/v2\/media\/121652"}],"wp:attachment":[{"href":"https:\/\/www.europesays.com\/pl\/wp-json\/wp\/v2\/media?parent=121651"}],"wp:term":[{"taxonomy":"category","embeddable":true,"href":"https:\/\/www.europesays.com\/pl\/wp-json\/wp\/v2\/categories?post=121651"},{"taxonomy":"post_tag","embeddable":true,"href":"https:\/\/www.europesays.com\/pl\/wp-json\/wp\/v2\/tags?post=121651"}],"curies":[{"name":"wp","href":"https:\/\/api.w.org\/{rel}","templated":true}]}}