{"id":121658,"date":"2025-11-27T19:41:08","date_gmt":"2025-11-27T19:41:08","guid":{"rendered":"https:\/\/www.europesays.com\/pl\/121658\/"},"modified":"2025-11-27T19:41:08","modified_gmt":"2025-11-27T19:41:08","slug":"nbp-ostrzega-spadek-inwestycji-w-polsce-o-ponad-50-proc","status":"publish","type":"post","link":"https:\/\/www.europesays.com\/pl\/121658\/","title":{"rendered":"NBP ostrzega. Spadek inwestycji w Polsce o ponad 50 proc."},"content":{"rendered":"\n<p>&#13;<br \/>\nEksperci wskazuj\u0105, \u017ce\u00a0za\u00a0spowolnienie odpowiadaj\u0105 przede wszystkim rosn\u0105ca niepewno\u015b\u0107 gospodarcza i\u00a0polityczna oraz\u00a0trudniejsze warunki finansowania. Jednocze\u015bnie skala spadk\u00f3w r\u00f3\u017cni\u0142a si\u0119 regionalnie: inwestycje do\u00a0USA i\u00a0Kanady wzros\u0142y, natomiast Europa odnotowa\u0142a silne za\u0142amanie. W\u00a0krajach rozwijaj\u0105cych si\u0119 aktywno\u015b\u0107 inwestor\u00f3w pozosta\u0142a na\u00a0podobnym poziomie jak rok wcze\u015bniej. &#13;\n<\/p>\n<p>&#13;<br \/>\nSytuacja Polski wpisuje si\u0119 w\u00a0negatywny europejski trend. Nap\u0142yw inwestycji bezpo\u015brednich zmniejszy\u0142 si\u0119 w\u00a02024\u00a0r. a\u017c\u00a0o\u00a0ok. 55 proc. wzgl\u0119dem 2023\u00a0r. \u2013\u00a0znacznie mocniej ni\u017c\u00a0w\u00a0pa\u0144stwach rozwini\u0119tych. &#13;\n<\/p>\n<p>T\u0105pni\u0119cie inwestycji w\u00a0Polsce<\/p>\n<p>&#13;<br \/>\nZ danych NBP wynika, \u017ce\u00a0nap\u0142yw kapita\u0142u zagranicznego spad\u0142 ze\u00a0125,7 mld z\u0142 w\u00a02023\u00a0r. do\u00a056,5 mld z\u0142 w\u00a02024\u00a0r. Udzia\u0142 inwestycji w\u00a0PKB zmniejszy\u0142 si\u0119 z\u00a03,7 proc. do\u00a01,6 proc. Najwi\u0119ksz\u0105 cz\u0119\u015b\u0107 stanowi\u0142y reinwestowane zyski (56,4 mld z\u0142), natomiast saldo inwestycji d\u0142u\u017cnych by\u0142o ujemne z\u00a0powodu sp\u0142at kredyt\u00f3w wobec nierezydent\u00f3w. Najwi\u0119cej kapita\u0142u trafi\u0142o z\u00a0Holandii (12,2 mld z\u0142), Luksemburga (10 mld z\u0142) i\u00a0Niemiec (8,9 mld z\u0142). \u0141\u0105czna warto\u015b\u0107 inwestycji zagranicznych w\u00a0Polsce na\u00a0koniec 2024\u00a0r. wynios\u0142a 1,4 bln z\u0142 \u2013\u00a0o\u00a01,4 proc. wi\u0119cej ni\u017c\u00a0rok wcze\u015bniej. &#13;\n<\/p>\n<p>&#13;<br \/>\nJe\u015bli uwzgl\u0119dni\u0107 kraj pochodzenia g\u0142\u00f3wnego inwestora w\u00a0grupie kapita\u0142owej, czo\u0142\u00f3wk\u0119 tworz\u0105 Niemcy (265,4 mld z\u0142), USA (121 mld z\u0142) i\u00a0Francja (114,1 mld z\u0142). W\u00a0pierwszej dziesi\u0105tce znalaz\u0142a si\u0119 tak\u017ce Polska dzi\u0119ki inwestycjom realizowanym przez podmioty specjalnego przeznaczenia. Dochody zagranicznych firm z\u00a0inwestycji w\u00a0Polsce spad\u0142y do\u00a0135,2 mld z\u0142, czyli o\u00a0ok. 5\u00a0mld z\u0142 r\/r. Udzia\u0142 tych dochod\u00f3w w\u00a0PKB obni\u017cy\u0142 si\u0119 z\u00a04,1 proc. do\u00a03,7 proc., co\u00a0NBP wi\u0105\u017ce ze\u00a0s\u0142absz\u0105 koniunktur\u0105 i\u00a0<a href=\"https:\/\/dorzeczy.pl\/ekonomia\/792360\/spadl-eksport-towarow-z-polski-nizsza-sprzedaz-akumulatorow.html\" rel=\"nofollow noopener\" target=\"_blank\">spadkiem dochodowo\u015bci przedsi\u0119biorstw<\/a>. &#13;\n<\/p>\n<p>Polskie firmy ostro\u017cniejsze za\u00a0granic\u0105<\/p>\n<p>&#13;<br \/>\nOdp\u0142yw polskiego kapita\u0142u za\u00a0granic\u0119 r\u00f3wnie\u017c wyhamowa\u0142, wed\u0142ug szacunk\u00f3w NBP o\u00a045 proc. Zainwestowano 14,7 mld z\u0142, g\u0142\u00f3wnie w\u00a0instrumenty d\u0142u\u017cne oraz\u00a0reinwestowane zyski. Najwi\u0119cej \u015brodk\u00f3w trafi\u0142o do\u00a0Norwegii, Wielkiej Brytanii, Holandii i\u00a0Czech. Z\u00a0kolei ujemne salda odnotowano m.in. w\u00a0Liechtensteinie, Rumunii i\u00a0Francji. &#13;\n<\/p>\n<p>&#13;<br \/>\n\u0141\u0105czna warto\u015b\u0107 inwestycji polskich firm za\u00a0granic\u0105 wzros\u0142a do\u00a0164,5 mld z\u0142. Najwi\u0119ksze aktywa znajduj\u0105 si\u0119 w\u00a0Luksemburgu, Czechach, Wielkiej Brytanii i\u00a0Niemczech. Dochody z\u00a0tych inwestycji pozosta\u0142y stabilne \u2013\u00a011,4 mld z\u0142, z\u00a0najwy\u017cszymi wp\u0142ywami z\u00a0Norwegii, Luksemburga i\u00a0Holandii. &#13;\n<\/p>\n<p>&#13;<br \/>\nCzytaj te\u017c:<br \/><a href=\"https:\/\/dorzeczy.pl\/ekonomia\/807279\/polacy-masowo-inwestuja-w-zloto-w-tym-roku-padnie-rekord.html\" rel=\"follow nofollow noopener\" data-schema=\"DORZECZY\" data-image=\"https:\/\/img.dorzeczy.pl\/_thumb\/43\/78\/08b30eee30ff1129c05802a90dda.jpeg\" target=\"_blank\">Polacy masowo inwestuj\u0105 w\u00a0ten kruszec. W\u00a0tym roku padnie rekord<\/a>Czytaj te\u017c:<br \/><a href=\"https:\/\/dorzeczy.pl\/ekonomia\/804075\/bunt-przeciwko-glapinskiemu-nbp-reaguje.html\" rel=\"follow nofollow noopener\" data-schema=\"DORZECZY\" data-image=\"https:\/\/img.dorzeczy.pl\/_thumb\/7c\/46\/609fb5551f9b973ec37cbc81473a.jpeg\" target=\"_blank\">Bunt przeciwko Glapi\u0144skiemu? NBP reaguje na\u00a0doniesienia medi\u00f3w<\/a>&#13;<\/p>\n","protected":false},"excerpt":{"rendered":"&#13; Eksperci wskazuj\u0105, \u017ce\u00a0za\u00a0spowolnienie odpowiadaj\u0105 przede wszystkim rosn\u0105ca niepewno\u015b\u0107 gospodarcza i\u00a0polityczna oraz\u00a0trudniejsze warunki finansowania. Jednocze\u015bnie skala spadk\u00f3w r\u00f3\u017cni\u0142a&hellip;\n","protected":false},"author":2,"featured_media":121659,"comment_status":"","ping_status":"","sticky":false,"template":"","format":"standard","meta":{"footnotes":""},"categories":[16],"tags":[113,112,98,105,190,2623,3511,26060,49,14088,102,504,42,38,40,39,41,9107,3483],"class_list":{"0":"post-121658","1":"post","2":"type-post","3":"status-publish","4":"format-standard","5":"has-post-thumbnail","7":"category-biznes","8":"tag-biznes","9":"tag-business","10":"tag-dorzeczy","11":"tag-ekonomia","12":"tag-gospodarka","13":"tag-inflacja","14":"tag-inwestycje","15":"tag-kapital","16":"tag-kraj","17":"tag-nbp","18":"tag-opinie","19":"tag-pieniadze","20":"tag-pl","21":"tag-poland","22":"tag-polish","23":"tag-polska","24":"tag-polski","25":"tag-spadek","26":"tag-trendy"},"share_on_mastodon":{"url":"https:\/\/pubeurope.com\/@pl\/115623368125512293","error":""},"_links":{"self":[{"href":"https:\/\/www.europesays.com\/pl\/wp-json\/wp\/v2\/posts\/121658","targetHints":{"allow":["GET"]}}],"collection":[{"href":"https:\/\/www.europesays.com\/pl\/wp-json\/wp\/v2\/posts"}],"about":[{"href":"https:\/\/www.europesays.com\/pl\/wp-json\/wp\/v2\/types\/post"}],"author":[{"embeddable":true,"href":"https:\/\/www.europesays.com\/pl\/wp-json\/wp\/v2\/users\/2"}],"replies":[{"embeddable":true,"href":"https:\/\/www.europesays.com\/pl\/wp-json\/wp\/v2\/comments?post=121658"}],"version-history":[{"count":0,"href":"https:\/\/www.europesays.com\/pl\/wp-json\/wp\/v2\/posts\/121658\/revisions"}],"wp:featuredmedia":[{"embeddable":true,"href":"https:\/\/www.europesays.com\/pl\/wp-json\/wp\/v2\/media\/121659"}],"wp:attachment":[{"href":"https:\/\/www.europesays.com\/pl\/wp-json\/wp\/v2\/media?parent=121658"}],"wp:term":[{"taxonomy":"category","embeddable":true,"href":"https:\/\/www.europesays.com\/pl\/wp-json\/wp\/v2\/categories?post=121658"},{"taxonomy":"post_tag","embeddable":true,"href":"https:\/\/www.europesays.com\/pl\/wp-json\/wp\/v2\/tags?post=121658"}],"curies":[{"name":"wp","href":"https:\/\/api.w.org\/{rel}","templated":true}]}}