{"id":121660,"date":"2025-11-27T19:42:10","date_gmt":"2025-11-27T19:42:10","guid":{"rendered":"https:\/\/www.europesays.com\/pl\/121660\/"},"modified":"2025-11-27T19:42:10","modified_gmt":"2025-11-27T19:42:10","slug":"grozili-aby-ja-uciszyc-wstrzasajacy-atak-w-rzymie-19-latka-nie-miala-szans-2","status":"publish","type":"post","link":"https:\/\/www.europesays.com\/pl\/121660\/","title":{"rendered":"Grozili, aby j\u0105 uciszy\u0107. Wstrz\u0105saj\u0105cy atak w Rzymie. 19-latka nie mia\u0142a szans"},"content":{"rendered":"<p class=\"Paragraph_desktopParagraph__U31Gm\">W\u0142osk\u0105 opini\u0119 publiczn\u0105 25 listopada obieg\u0142a wstrz\u0105saj\u0105ca informacja o brutalnym ataku, do kt\u00f3rego dosz\u0142o 25 pa\u017adziernika. Tego dnia 19-letnia dziewczyna wraz ze swoim 24-letnim partnerem mia\u0142a sp\u0119dzi\u0107 randk\u0119 w samochodzie zaparkowanym na wschodnich przedmie\u015bciach Rzymu, a dok\u0142adnie w parku Tor Tre Teste, kt\u00f3ry w ostatnim czasie nie cieszy\u0142 si\u0119 dobr\u0105 s\u0142aw\u0105. Jak podaj\u0105 w\u0142oskie media, kilka lat temu teren ten zosta\u0142 zamkni\u0119ty ze wzgl\u0119du na handel narkotykami.<\/p>\n<ul class=\"OchatFollowUps_wrapper__1ry7X\">\n<li class=\"OchatFollowUps_item__Dhyly OchatFollowUps_itemDesktop__R6aBv\">Co si\u0119 wydarzy\u0142o w parku Tor Tre Teste?<\/li>\n<li class=\"OchatFollowUps_item__Dhyly OchatFollowUps_itemDesktop__R6aBv\">Kiedy dosz\u0142o do ataku na par\u0119?<\/li>\n<li class=\"OchatFollowUps_item__Dhyly OchatFollowUps_itemDesktop__R6aBv\">Ilu napastnik\u00f3w zaatakowa\u0142o 19-latk\u0119?<\/li>\n<li class=\"OchatFollowUps_item__Dhyly OchatFollowUps_itemDesktop__R6aBv\">Jakie dzia\u0142ania proponuje wicepremier Salvini?<\/li>\n<\/ul>\n<p class=\"Paragraph_desktopParagraph__U31Gm\">Zakochana para liczy\u0142a, \u017ce miejsce to b\u0119dzie idealne na chwil\u0119 prywatno\u015bci. Jednak w momencie, gdy oboje znajdowali si\u0119 w samochodzie, ich pojazd zosta\u0142 otoczony przez pi\u0119cioosobow\u0105 grup\u0119 m\u0119\u017cczyzn. Wtedy rozpocz\u0119\u0142o si\u0119 prawdziwe piek\u0142o.<\/p>\n<p>Horror w Rzymie. 19-latka zgwa\u0142cona na oczach partnera <\/p>\n<p class=\"Paragraph_desktopParagraph__U31Gm\">Wed\u0142ug relacji ofiary, jeden z napastnik\u00f3w wybi\u0142 szyb\u0119 samochodu butelk\u0105, a reszta wtargn\u0119\u0142a do \u015brodka, wyrzucaj\u0105c na zewn\u0105trz 24-latka. &#8222;Zabrali mi telefon kom\u00f3rkowy z siedzenia. Wyci\u0105gn\u0119\u0142am r\u0119k\u0119, \u017ceby go odzyska\u0107, ale w tym momencie jeden z nich z\u0142apa\u0142 mnie za rami\u0119 i wyci\u0105gn\u0105\u0142&#8221; \u2014 zrelacjonowa\u0142a rzymskiej policji 19-latka. &#8222;Chod\u017a ze mn\u0105, je\u015bli b\u0119dziesz krzycze\u0107, zabij\u0119 ci\u0119&#8221; \u2014 mia\u0142a w\u00f3wczas us\u0142ysze\u0107 przez jednego z napastnik\u00f3w, popychana w kierunku drzew. Podobne ostrze\u017cenie otrzyma\u0142 r\u00f3wnie\u017c jej partner, kt\u00f3ry mimo pr\u00f3b obrony, zosta\u0142 obezw\u0142adniony, zwi\u0105zany i zmuszony do patrzenia na przera\u017caj\u0105cy widok.<\/p>\n<p class=\"Paragraph_desktopParagraph__U31Gm\">Jak opisuj\u0105 w\u0142oskie media, kobieta zosta\u0142a zgwa\u0142cona przez jednego z m\u0119\u017cczyzn, podczas gdy pozostali pilnowali, by nie zosta\u0142a zauwa\u017cona. Wtedy przera\u017cony partner zacz\u0105\u0142 krzycze\u0107, na tyle, ile by\u0142 w stanie. Na szcz\u0119\u015bcie wrzask m\u0119\u017cczyzny us\u0142yszeli policjanci, kt\u00f3rzy podj\u0119li natychmiastow\u0105 interwencj\u0119.<\/p>\n<p>Pi\u0119cioosobowa grupa zaatakowa\u0142a par\u0119 W\u0142och\u00f3w. W\u0142adza chce wprowadzenia kastracji <\/p>\n<p class=\"Paragraph_desktopParagraph__U31Gm\">Dw\u00f3ch napastnik\u00f3w, obywateli Maroka, zosta\u0142o zatrzymanych wkr\u00f3tce po ataku. Trzeci podejrzany, pochodz\u0105cy z Tunezji, zosta\u0142 uj\u0119ty kilka dni p\u00f3\u017aniej w Weronie. Obecnie trwa ob\u0142awa na dw\u00f3ch pozosta\u0142ych cz\u0142onk\u00f3w gangu. Zatrzymani m\u0119\u017cczy\u017ani s\u0105 podejrzewani nie tylko o udzia\u0142 w tym brutalnym ataku, ale tak\u017ce o inne przest\u0119pstwa w tym samym parku.<\/p>\n<p class=\"Paragraph_desktopParagraph__U31Gm\">Publikacja szczeg\u00f3\u0142\u00f3w tego makabrycznego zdarzenia wywo\u0142a\u0142a fal\u0119 oburzenia w ca\u0142ych W\u0142oszech. Mieszka\u0144cy domagaj\u0105 si\u0119 zdecydowanych dzia\u0142a\u0144, kt\u00f3re zapewni\u0105 bezpiecze\u0144stwo w zaniedbanych cz\u0119\u015bciach miast, takich jak park Tor Tre Teste, kt\u00f3ry niejednokrotnie sta\u0142 si\u0119 miejscem przest\u0119pczo\u015bci. <\/p>\n<p class=\"Paragraph_desktopParagraph__U31Gm\">Wicepremier Matteo Salvini, znany ze swojego twardego stanowiska wobec imigracji, wezwa\u0142 do wprowadzenia chemicznej kastracji dla gwa\u0142cicieli i pedofil\u00f3w. &#8222;Ka\u017cdy powinien nam pom\u00f3c, konferencje i czerwone plamy na twarzach nie wystarcz\u0105, ograniczmy przemoc&#8221; \u2014 napisa\u0142 na platformie X.<\/p>\n<p class=\"Paragraph_desktopParagraph__U31Gm\">Sprawa nabra\u0142a jeszcze bardziej dramatycznego wymiaru w \u015bwietle doniesie\u0144 o wcze\u015bniejszych napa\u015bciach w tym samym miejscu. Kilka tygodni przed atakiem na m\u0142od\u0105 par\u0119, ofiar\u0105 przemocy seksualnej w parku pad\u0142a 60-letnia kobieta. Policja prowadzi \u015bledztwo w sprawie serii podobnych zdarze\u0144 w tej okolicy.<\/p>\n","protected":false},"excerpt":{"rendered":"W\u0142osk\u0105 opini\u0119 publiczn\u0105 25 listopada obieg\u0142a wstrz\u0105saj\u0105ca informacja o brutalnym ataku, do kt\u00f3rego dosz\u0142o 25 pa\u017adziernika. Tego dnia&hellip;\n","protected":false},"author":2,"featured_media":121661,"comment_status":"","ping_status":"","sticky":false,"template":"","format":"standard","meta":{"footnotes":""},"categories":[14],"tags":[32,33,27,34,35,28,31,53,25,52,68,51,55,10421,40,41,47,80,29,30,50,26,82,83,84],"class_list":{"0":"post-121660","1":"post","2":"type-post","3":"status-publish","4":"format-standard","5":"has-post-thumbnail","7":"category-swiat","8":"tag-breaking-news","9":"tag-breakingnews","10":"tag-headlines","11":"tag-latest-news","12":"tag-latestnews","13":"tag-naglowki","14":"tag-najwazniejsze-artykuly","15":"tag-new_header","16":"tag-news","17":"tag-onet3","18":"tag-onet3d","19":"tag-onet3d_2i","20":"tag-phx","21":"tag-podroze_onet","22":"tag-polish","23":"tag-polski","24":"tag-screening_general","25":"tag-swiat","26":"tag-top-stories","27":"tag-topstories","28":"tag-v2021","29":"tag-wiadomosci","30":"tag-world","31":"tag-world-news","32":"tag-worldnews"},"share_on_mastodon":{"url":"https:\/\/pubeurope.com\/@pl\/115623372088313545","error":""},"_links":{"self":[{"href":"https:\/\/www.europesays.com\/pl\/wp-json\/wp\/v2\/posts\/121660","targetHints":{"allow":["GET"]}}],"collection":[{"href":"https:\/\/www.europesays.com\/pl\/wp-json\/wp\/v2\/posts"}],"about":[{"href":"https:\/\/www.europesays.com\/pl\/wp-json\/wp\/v2\/types\/post"}],"author":[{"embeddable":true,"href":"https:\/\/www.europesays.com\/pl\/wp-json\/wp\/v2\/users\/2"}],"replies":[{"embeddable":true,"href":"https:\/\/www.europesays.com\/pl\/wp-json\/wp\/v2\/comments?post=121660"}],"version-history":[{"count":0,"href":"https:\/\/www.europesays.com\/pl\/wp-json\/wp\/v2\/posts\/121660\/revisions"}],"wp:featuredmedia":[{"embeddable":true,"href":"https:\/\/www.europesays.com\/pl\/wp-json\/wp\/v2\/media\/121661"}],"wp:attachment":[{"href":"https:\/\/www.europesays.com\/pl\/wp-json\/wp\/v2\/media?parent=121660"}],"wp:term":[{"taxonomy":"category","embeddable":true,"href":"https:\/\/www.europesays.com\/pl\/wp-json\/wp\/v2\/categories?post=121660"},{"taxonomy":"post_tag","embeddable":true,"href":"https:\/\/www.europesays.com\/pl\/wp-json\/wp\/v2\/tags?post=121660"}],"curies":[{"name":"wp","href":"https:\/\/api.w.org\/{rel}","templated":true}]}}