{"id":121662,"date":"2025-11-27T19:43:17","date_gmt":"2025-11-27T19:43:17","guid":{"rendered":"https:\/\/www.europesays.com\/pl\/121662\/"},"modified":"2025-11-27T19:43:17","modified_gmt":"2025-11-27T19:43:17","slug":"tragedia-w-tczewie-nie-zyje-11-latka-prokuratura-to-delikatna-sprawa","status":"publish","type":"post","link":"https:\/\/www.europesays.com\/pl\/121662\/","title":{"rendered":"Tragedia w Tczewie. Nie \u017cyje 11-latka. Prokuratura: to delikatna sprawa"},"content":{"rendered":"<p class=\"article-p\" data-section=\"detail-body\">Jak mog\u0142o do tego doj\u015b\u0107? Dlaczego? Co si\u0119 sta\u0142o na torach i co dzia\u0142o si\u0119 w \u017cyciu tego dziecka? Te pytania od kilku dni zadaje sobie ca\u0142y Tczew. Tym niespe\u0142na 60-tysi\u0119cznym miastem wstrz\u0105sn\u0119\u0142a tragedia, do kt\u00f3rej dosz\u0142o na torach. W niedziel\u0119, 23 listopada, poci\u0105g potr\u0105ci\u0142 tam niespe\u0142na 11-letni\u0105 dziewczynk\u0119.<\/p>\n<p>        Tragedia na torach w Tczewie. Nie \u017cyje dziecko<\/p>\n<p class=\"article-p\" data-section=\"detail-body\">&#8222;Fakt&#8221; ustali\u0142, \u017ce by\u0142a to Marta. Tydzie\u0144 p\u00f3\u017aniej mia\u0142a obchodzi\u0107 swoje 12. urodziny. W feraln\u0105 niedziel\u0119, ok. godz. 19, dziewczynka wysz\u0142a na spacer z psem. Kiedy d\u0142ugo nie wraca\u0142a do domu, rodzina zacz\u0119\u0142a si\u0119 niepokoi\u0107. Ruszy\u0142y poszukiwania, powiadomiono te\u017c policj\u0119. Niestety, ok. godz. 22 do zaanga\u017cowanych w t\u0119 akcj\u0119 dotar\u0142a tragiczna wiadomo\u015b\u0107 o tym, \u017ce na torach rozegra\u0142 si\u0119 dramat. Zgin\u0119\u0142o dziecko.<\/p>\n<p class=\"article-p\" data-section=\"detail-body\">Przeczytaj tak\u017ce: <a href=\"https:\/\/www.fakt.pl\/wydarzenia\/straszna-smierc-16-letniego-ucznia-szkoly-w-grajewie-sa-dramatyczne-podejrzenia\/nbq05rh\" id=\"5d60fb45-0d7a-4ee2-b35c-ebad284e6a5e\" rel=\"nofollow noopener\" target=\"_blank\">Tragedia w Grajewie. Nie \u017cyje ucze\u0144. Pojawi\u0142y si\u0119 straszne podejrzenia. Jest \u015bledztwo<\/a><\/p>\n<p class=\"article-p\" data-section=\"detail-body\">Wszystko wskazuje na to, \u017ce nie by\u0142 to nieszcz\u0119\u015bliwy wypadek.<\/p>\n<p>        11-letnie dziewczynka zgin\u0119\u0142a na torach. Jest \u015bledztwo prokuratury<\/p>\n<p class=\"article-p\" data-section=\"detail-body\">\u2014 W poniedzia\u0142ek, 24 listopada, Prokuratura Rejonowa w Tczewie wszcz\u0119\u0142a \u015bledztwo w tej sprawie. Na miejscu wykonano czynno\u015bci, zabezpieczono materia\u0142 dowodowy. S\u0105 prowadzone dzia\u0142ania w celu ustalenia szczeg\u00f3\u0142owych okoliczno\u015bci zwi\u0105zanych z tym zdarzeniem \u2014 przekaza\u0142 &#8222;Faktowi&#8221; prok. Jaros\u0142aw Michalak, szef Prokuratury Rejonowej w Tczewie.<\/p>\n<p class=\"article-p\" data-section=\"detail-body\">B\u0119dziemy bada\u0107 sytuacj\u0119 rodzinn\u0105 tej dziewczynki, osobist\u0105, szkoln\u0105, celem ustalenia czy by\u0142y jakie\u015b okoliczno\u015bci, kt\u00f3re mog\u0142y spowodowa\u0107 ch\u0119\u0107 targni\u0119cia si\u0119 na swoje \u017cycie. Na chwil\u0119 obecn\u0105 nic nie wskazuje na to, by dosz\u0142o tu do dzia\u0142ania osoby trzeciej, czyli przest\u0119pczego pozbawienia \u017cycia, ale to wszystko oka\u017ce si\u0119 w toku dalszego post\u0119powania<\/p>\n<p class=\"article-p\" data-section=\"detail-body\">\u2014 powiedzia\u0142 w rozmowie z &#8222;Faktem&#8221; pan prokurator.<\/p>\n<p class=\"article-p\" data-section=\"detail-body\">Przeczytaj tak\u017ce: <a href=\"https:\/\/www.fakt.pl\/wydarzenia\/polska\/krakow\/bol-po-tragicznej-smierci-mlodej-mamy-w-krakowie-w-sieci-pelne-smutku-wpisy\/5rjg7t9\" id=\"e958a084-1dd7-4757-bea6-125a49781d08\" rel=\"nofollow noopener\" target=\"_blank\">&#8222;Jak \u017cy\u0107 bez Ciebie najpi\u0119kniejszy Cz\u0142owieku&#8221;. Te s\u0142owa a\u017c trudno czyta\u0107. Tragedia m\u0142odej mamy<\/a><\/p>\n<p>        Smutne przypuszczenia w sprawie tragedii w Tczewie. &#8222;To jest bardzo delikatna sprawa&#8221;<\/p>\n<p class=\"article-p\" data-section=\"detail-body\">Doda\u0142 tak\u017ce, \u017ce w \u015brod\u0119, 26 listopada, zosta\u0142a przeprowadzona sekcja zw\u0142ok dziecka, ale nie wskaza\u0142a ona \u017cadnych innych okoliczno\u015bci i innych obra\u017ce\u0144 cia\u0142a ni\u017c te, kt\u00f3re mog\u0142y powsta\u0107 w wyniku potr\u0105cenia przez poci\u0105g.<\/p>\n<p class=\"article-p\" data-section=\"detail-body\">Nic wi\u0119cej na chwil\u0119 obecn\u0105 nie wiemy. Ustalenia trwaj\u0105, s\u0105 zabezpieczane monitoringi i inne dane. W jakim kierunku to nas poprowadzi, naprawd\u0119 teraz trudno powiedzie\u0107. Czy to b\u0119dzie kierunek szkolny, czy mo\u017ce zaw\u00f3d mi\u0142osny, czy problem w rodzinie, ale dotychczas \u017cadnych incydent\u00f3w z t\u0105 rodzin\u0105 nie mieli\u015bmy. Jest to dla nas tajemnica, jak to wszystko tam funkcjonowa\u0142o<\/p>\n<p class=\"article-p\" data-section=\"detail-body\">\u2014 podkre\u015bla prok. Jaros\u0142aw Michalak.<\/p>\n<p>        Nie \u017cyje 11-letnia dziewczynka. Chc\u0105 przes\u0142ucha\u0107 dzieci<\/p>\n<p class=\"article-p\" data-section=\"detail-body\">\u015aledczy prawdopodobnie b\u0119d\u0105 musieli przes\u0142ucha\u0107 tak\u017ce r\u00f3wie\u015bnik\u00f3w zmar\u0142ej 11-letniej Marty.<\/p>\n<p class=\"article-p\" data-section=\"detail-body\">To jest bardzo delikatna sprawa. Czy rzeczywi\u015bcie kto\u015b m\u00f3g\u0142 pod\u017cega\u0107 t\u0119 dziewczynk\u0119 do takiego kroku? Co\u015b nam wskaza\u0107 mo\u017ce jej telefon albo zeznania kole\u017canek i koleg\u00f3w ze szko\u0142y. To, z uwagi na wiek r\u00f3wie\u015bnik\u00f3w, b\u0119dzie wymaga\u0142o du\u017cej delikatno\u015bci i starannego przygotowania. Mamy mn\u00f3stwo rzeczy do zrobienia<\/p>\n<p class=\"article-p\" data-section=\"detail-body\">\u2014 m\u00f3wi nam szef Prokuratury Rejonowej w Tczewie.<\/p>\n<p class=\"article-p\" data-section=\"detail-body\">Przeczytaj tak\u017ce: <a href=\"https:\/\/www.fakt.pl\/wydarzenia\/polska\/krakow\/mloda-mama-zginela-straszna-smiercia-ustalenia-sledczych-budza-niepokoj\/cgx7trp\" id=\"2c3dca8e-db22-42dc-923a-e6a7486f1158\" rel=\"nofollow noopener\" target=\"_blank\">Straszna \u015bmier\u0107 m\u0142odej mamy w Krakowie. Te ustalenia budz\u0105 niepok\u00f3j. Dlaczego nie zareagowa\u0142a?<\/a><\/p>\n<p>        Poruszaj\u0105cy nekrolog w sieci. &#8222;Nasza ukochana kruszynka&#8221;<\/p>\n<p class=\"article-p\" data-section=\"detail-body\">Marta zostawi\u0142a pogr\u0105\u017con\u0105 w smutku rodzin\u0119, starsz\u0105 siostr\u0119 i m\u0142odszego braciszka. W sobot\u0119, 29 listopada, na dzie\u0144 przed urodzinami dziewczynki, zostanie ona odprowadzona w ostatni\u0105 drog\u0119. W sieci opublikowano przejmuj\u0105cy nekrolog.<\/p>\n<p class=\"article-p\" data-section=\"detail-body\">Z g\u0142\u0119bokim \u017calem zawiadamiamy, \u017ce dnia 23 listopada 2025 r. zmar\u0142a w wieku 11 lat Marta. Nasza ukochana kruszynka<\/p>\n<p class=\"article-p\" data-section=\"detail-body\">\u2014 czytamy na klepsydrze.<\/p>\n<p>        Tragedia na torach. Pogrzeb 11-latki w Tczewie<\/p>\n<p class=\"article-p\" data-section=\"detail-body\">Do tych s\u0142\u00f3w do\u0142\u0105czono przejmuj\u0105cy cytat z wiersza &#8222;Przewodnik po chmurach\u201d Krzysztofa Cezarego Buszmana:<\/p>\n<p class=\"article-p\" data-section=\"detail-body\">Dzi\u015b wraca\u0107 na Ziemi\u0119 mi nie ka\u017c. Cho\u0107 Ziemia z b\u0142\u0119kit\u00f3w mnie wo\u0142a. Bo tego nie zmienisz w cz\u0142owieka. Kto raz si\u0119 przemieni\u0142 w Anio\u0142a<\/p>\n<p class=\"article-p\" data-section=\"detail-body\">\u2014 napisano.<\/p>\n<p class=\"article-p\" data-section=\"detail-body\">Uroczysto\u015bci pogrzebowe rozpoczn\u0105 si\u0119 w sobot\u0119 o godz. 11 w ko\u015bciele Naj\u015bwi\u0119tszej Marii Panny Matki Ko\u015bcio\u0142a przy ul. Rokickiej 1 w Tczewie. Dziewczynka spocznie na miejscowym cmentarzu komunalnym.<\/p>\n<p>        Je\u015bli potrzebujesz natychmiastowej pomocy, mo\u017cesz si\u0119 zg\u0142osi\u0107 do O\u015brodk\u00f3w Interwencji Kryzysowej (OIK), kt\u00f3re s\u0105 w ka\u017cdym wi\u0119kszym mie\u015bcie. Mo\u017cesz tam otrzyma\u0107 pomoc psychologiczn\u0105, prawn\u0105, materialn\u0105. Cz\u0119\u015b\u0107 OIK-\u00f3w jest czynna ca\u0142\u0105 dob\u0119 i np. prowadzi noclegownie. POMOC jest bezp\u0142atna! Nie musisz mie\u0107 ubezpieczenia.<\/p>\n<p>\n        Je\u015bli masz uporczywe i silne my\u015bli samob\u00f3jcze, mo\u017cesz si\u0119 tak\u017ce zg\u0142osi\u0107 do ka\u017cdego szpitala psychiatrycznego. Tam r\u00f3wnie\u017c nie jest potrzebne ubezpieczenie zdrowotne. W sytuacjach nag\u0142ych (o ile powiesz, \u017ce to sprawa pilna), lekarz musi Ci\u0119 przyj\u0105\u0107 tego samego dnia.<\/p>\n<p><\/p>\n<p>        Bezp\u0142atny kryzysowy telefon zaufania dla m\u0142odzie\u017cy: 116 111 (czynny ca\u0142odobowo, 7 dni w tygodniu). Doro\u015bli mog\u0105 korzysta\u0107 z bezp\u0142atnego kryzysowego telefonu zaufania 116 123 (czynny 7 dni w tygodniu od 14:00 do 22:00). Spis organizacji pomocowych i wi\u0119cej informacji znajdziesz na stronie <a class=\"crisis_link\" href=\"https:\/\/www.samobojstwo.pl\" target=\"_blank\" rel=\"nofollow noopener\">www.samobojstwo.pl<\/a>.<\/p>\n<p>        \/3<\/p>\n<p>                    <img decoding=\"async\" class=\"article-image-img\" loading=\"lazy\" alt=\"\" src=\"https:\/\/www.europesays.com\/pl\/wp-content\/uploads\/2025\/11\/ayuk9kuTURBXy8wMjM4NThjZC1iMDgzLTRlOTUtOTU1ZS1hZDBhZDY3ODljMWQuanBlZ5GTAs0DSM0B2N4AAqEwAaExAQ.jpeg\" width=\"840\" height=\"472\"\/><\/p>\n<p>                  Darek Delmanowicz\/PAP, Dom Pogrzebowy JUKA\/Facebook, Elena Krivosheina \/ 123RF<\/p>\n<p class=\"article-gallery-p\">\n        Do tragedii dosz\u0142o w Tczewie 23 Listopada. Dok\u0142adnie na tydzie\u0144 przed 12. urodzinami Marty.\n    <\/p>\n<p>        \/3<\/p>\n<p>                    <img decoding=\"async\" class=\"article-image-img\" loading=\"lazy\" alt=\"\" src=\"https:\/\/www.europesays.com\/pl\/wp-content\/uploads\/2025\/11\/r2dk9kuTURBXy8xNWY2MGQzYy0zN2Y5LTQ0N2ItOTEyMS05MzZhMDI5YWUzN2IuanBlZ5GTAs0DSM0Cz94AAqEwAaExAQ.jpeg\" width=\"840\" height=\"719\"\/><\/p>\n<p>                  &#8211; \/ google maps<\/p>\n<p class=\"article-gallery-p\">\n        Do tragedii dosz\u0142o w Tczewie w niedziel\u0119, 23 Listopada.\n    <\/p>\n","protected":false},"excerpt":{"rendered":"Jak mog\u0142o do tego doj\u015b\u0107? Dlaczego? Co si\u0119 sta\u0142o na torach i co dzia\u0142o si\u0119 w \u017cyciu tego&hellip;\n","protected":false},"author":2,"featured_media":121663,"comment_status":"","ping_status":"","sticky":false,"template":"","format":"standard","meta":{"footnotes":""},"categories":[12],"tags":[32,33,36,37,27,34,35,28,31,25,42,38,40,39,41,29,30,26],"class_list":{"0":"post-121662","1":"post","2":"type-post","3":"status-publish","4":"format-standard","5":"has-post-thumbnail","7":"category-polska","8":"tag-breaking-news","9":"tag-breakingnews","10":"tag-featured-news","11":"tag-featurednews","12":"tag-headlines","13":"tag-latest-news","14":"tag-latestnews","15":"tag-naglowki","16":"tag-najwazniejsze-artykuly","17":"tag-news","18":"tag-pl","19":"tag-poland","20":"tag-polish","21":"tag-polska","22":"tag-polski","23":"tag-top-stories","24":"tag-topstories","25":"tag-wiadomosci"},"share_on_mastodon":{"url":"https:\/\/pubeurope.com\/@pl\/115623376316847166","error":""},"_links":{"self":[{"href":"https:\/\/www.europesays.com\/pl\/wp-json\/wp\/v2\/posts\/121662","targetHints":{"allow":["GET"]}}],"collection":[{"href":"https:\/\/www.europesays.com\/pl\/wp-json\/wp\/v2\/posts"}],"about":[{"href":"https:\/\/www.europesays.com\/pl\/wp-json\/wp\/v2\/types\/post"}],"author":[{"embeddable":true,"href":"https:\/\/www.europesays.com\/pl\/wp-json\/wp\/v2\/users\/2"}],"replies":[{"embeddable":true,"href":"https:\/\/www.europesays.com\/pl\/wp-json\/wp\/v2\/comments?post=121662"}],"version-history":[{"count":0,"href":"https:\/\/www.europesays.com\/pl\/wp-json\/wp\/v2\/posts\/121662\/revisions"}],"wp:featuredmedia":[{"embeddable":true,"href":"https:\/\/www.europesays.com\/pl\/wp-json\/wp\/v2\/media\/121663"}],"wp:attachment":[{"href":"https:\/\/www.europesays.com\/pl\/wp-json\/wp\/v2\/media?parent=121662"}],"wp:term":[{"taxonomy":"category","embeddable":true,"href":"https:\/\/www.europesays.com\/pl\/wp-json\/wp\/v2\/categories?post=121662"},{"taxonomy":"post_tag","embeddable":true,"href":"https:\/\/www.europesays.com\/pl\/wp-json\/wp\/v2\/tags?post=121662"}],"curies":[{"name":"wp","href":"https:\/\/api.w.org\/{rel}","templated":true}]}}