{"id":121734,"date":"2025-11-27T20:26:11","date_gmt":"2025-11-27T20:26:11","guid":{"rendered":"https:\/\/www.europesays.com\/pl\/121734\/"},"modified":"2025-11-27T20:26:11","modified_gmt":"2025-11-27T20:26:11","slug":"tajemnicze-zaginiecie-polaka-we-wloszech-to-bylo-w-jego-kamperze","status":"publish","type":"post","link":"https:\/\/www.europesays.com\/pl\/121734\/","title":{"rendered":"Tajemnicze zagini\u0119cie Polaka we W\u0142oszech. To by\u0142o w jego kamperze"},"content":{"rendered":"<p class=\"Paragraph_desktopParagraph__U31Gm\">Kampera w okolicach g\u00f3rskiego pastwiska Campo Imperatore nad masywem Gran Sasso w Apeninach odnale\u017ali tury\u015bci. Pojazd wygl\u0105da\u0142 na porzucony, poniewa\u017c by\u0142 cz\u0119\u015bciowo zakopany w \u015bniegu. W tamtych rejonach panuj\u0105 obecnie ci\u0119\u017ckie warunki. Zapuszcza si\u0119 tam niewiele os\u00f3b, co wzbudzi\u0142o niepok\u00f3j przechodni\u00f3w, kt\u00f3rzy natrafili na stoj\u0105cy w tym miejscu od kilku dni samoch\u00f3d.<\/p>\n<p class=\"VideoPlayerText_videoPlayerText__iDwyz\">Dalszy ci\u0105g materia\u0142u pod wideo<\/p>\n<p class=\"Paragraph_desktopParagraph__U31Gm\">Tury\u015bci zaalarmowali s\u0142u\u017cby. Te ruszy\u0142y do akcji poszukiwawczej. W kamperze nie zastano nikogo. Znaleziono w nim jednak telefon kom\u00f3rkowy, umow\u0119 wynajmu pojazdu i dokumenty nale\u017c\u0105ce do 44-latka z Polski. Serwis Il Capoluogo podaje, \u017ce zaginiony to Karol Bro\u017cek z Gda\u0144ska.<\/p>\n<ul class=\"OchatFollowUps_wrapper__1ry7X\">\n<li class=\"OchatFollowUps_item__Dhyly OchatFollowUps_itemDesktop__R6aBv\">Kim jest zaginiony Polak?<\/li>\n<li class=\"OchatFollowUps_item__Dhyly OchatFollowUps_itemDesktop__R6aBv\">Jakie zwierz\u0119ta towarzyszy\u0142y zaginionemu?<\/li>\n<li class=\"OchatFollowUps_item__Dhyly OchatFollowUps_itemDesktop__R6aBv\">Kiedy ostatni raz zarejestrowano zaginionego na kamerze?<\/li>\n<li class=\"OchatFollowUps_item__Dhyly OchatFollowUps_itemDesktop__R6aBv\">Jakie trudno\u015bci napotykaj\u0105 ratownicy podczas akcji poszukiwawczej?<\/li>\n<\/ul>\n<p>Polak zagin\u0105\u0142 w g\u00f3rach we W\u0142oszech. S\u0142u\u017cby przeszuka\u0142y jego kampera <\/p>\n<p class=\"Paragraph_desktopParagraph__U31Gm\">Jak donosi &#8222;Il Giornale&#8221;, kolejka linowa Campo Imperatore jest obecnie zamkni\u0119ta z powodu sezonowych prac konserwacyjnych, co znacz\u0105co utrudnia akcj\u0119 poszukiwawcz\u0105. Ponadto ratownicy musz\u0105 mierzy\u0107 si\u0119 z wiatrem, mg\u0142\u0105 i intensywnymi opadami \u015bniegu. S\u0142u\u017cby sprawdzi\u0142y nagrania z parkingowego monitoringu.<\/p>\n<p class=\"Paragraph_desktopParagraph__U31Gm\">Na wideo wida\u0107, \u017ce w \u015brod\u0119 19 listopada m\u0119\u017cczyzna wyszed\u0142 z kampera w towarzystwie dw\u00f3ch ps\u00f3w. Od tego momentu \u015blad po nim zagin\u0105\u0142. W tym czasie nikt nie kr\u0119ci\u0142 si\u0119 w pobli\u017cu pojazdu, kt\u00f3ry przysypa\u0142y obfite opady \u015bniegu. &#8222;Karabinierzy kontaktuj\u0105 si\u0119 obecnie z polskimi w\u0142adzami w celu weryfikacji wszelkich zg\u0142osze\u0144 o zagini\u0119ciu lub informacji dotycz\u0105cych m\u0119\u017cczyzny. Poszukiwania b\u0119d\u0105 kontynuowane w najbli\u017cszych dniach, o ile pogoda na to pozwoli&#8221; \u2014 pisz\u0105 dziennikarze &#8222;Il Giornale&#8221;.<\/p>\n<p class=\"Paragraph_desktopParagraph__U31Gm\">Eksperci, na kt\u00f3rych powo\u0142uj\u0105 si\u0119 w\u0142oscy dziennikarze, podkre\u015blaj\u0105, \u017ce w obszarach g\u00f3rskich, takich jak Campo Imperatore \u2014 kt\u00f3re s\u0105 bardzo rozleg\u0142e \u2014 gdy pogoda jest niesprzyjaj\u0105ca, cz\u0142owiek mo\u017ce \u0142atwo straci\u0107 orientacj\u0119.<\/p>\n","protected":false},"excerpt":{"rendered":"Kampera w okolicach g\u00f3rskiego pastwiska Campo Imperatore nad masywem Gran Sasso w Apeninach odnale\u017ali tury\u015bci. Pojazd wygl\u0105da\u0142 na&hellip;\n","protected":false},"author":2,"featured_media":121735,"comment_status":"","ping_status":"","sticky":false,"template":"","format":"standard","meta":{"footnotes":""},"categories":[5],"tags":[32,33,36,37,27,67,34,35,28,31,53,25,52,68,51,55,42,10421,38,40,39,41,47,29,30,723,65,50,26,4360,5435],"class_list":{"0":"post-121734","1":"post","2":"type-post","3":"status-publish","4":"format-standard","5":"has-post-thumbnail","7":"category-naglowki","8":"tag-breaking-news","9":"tag-breakingnews","10":"tag-featured-news","11":"tag-featurednews","12":"tag-headlines","13":"tag-intextvideo_splayer","14":"tag-latest-news","15":"tag-latestnews","16":"tag-naglowki","17":"tag-najwazniejsze-artykuly","18":"tag-new_header","19":"tag-news","20":"tag-onet3","21":"tag-onet3d","22":"tag-onet3d_2i","23":"tag-phx","24":"tag-pl","25":"tag-podroze_onet","26":"tag-poland","27":"tag-polish","28":"tag-polska","29":"tag-polski","30":"tag-screening_general","31":"tag-top-stories","32":"tag-topstories","33":"tag-turysci","34":"tag-update_me","35":"tag-v2021","36":"tag-wiadomosci","37":"tag-wlochy_kraj","38":"tag-zaginiecie"},"share_on_mastodon":{"url":"https:\/\/pubeurope.com\/@pl\/115623545090955673","error":""},"_links":{"self":[{"href":"https:\/\/www.europesays.com\/pl\/wp-json\/wp\/v2\/posts\/121734","targetHints":{"allow":["GET"]}}],"collection":[{"href":"https:\/\/www.europesays.com\/pl\/wp-json\/wp\/v2\/posts"}],"about":[{"href":"https:\/\/www.europesays.com\/pl\/wp-json\/wp\/v2\/types\/post"}],"author":[{"embeddable":true,"href":"https:\/\/www.europesays.com\/pl\/wp-json\/wp\/v2\/users\/2"}],"replies":[{"embeddable":true,"href":"https:\/\/www.europesays.com\/pl\/wp-json\/wp\/v2\/comments?post=121734"}],"version-history":[{"count":0,"href":"https:\/\/www.europesays.com\/pl\/wp-json\/wp\/v2\/posts\/121734\/revisions"}],"wp:featuredmedia":[{"embeddable":true,"href":"https:\/\/www.europesays.com\/pl\/wp-json\/wp\/v2\/media\/121735"}],"wp:attachment":[{"href":"https:\/\/www.europesays.com\/pl\/wp-json\/wp\/v2\/media?parent=121734"}],"wp:term":[{"taxonomy":"category","embeddable":true,"href":"https:\/\/www.europesays.com\/pl\/wp-json\/wp\/v2\/categories?post=121734"},{"taxonomy":"post_tag","embeddable":true,"href":"https:\/\/www.europesays.com\/pl\/wp-json\/wp\/v2\/tags?post=121734"}],"curies":[{"name":"wp","href":"https:\/\/api.w.org\/{rel}","templated":true}]}}