{"id":121747,"date":"2025-11-27T20:35:11","date_gmt":"2025-11-27T20:35:11","guid":{"rendered":"https:\/\/www.europesays.com\/pl\/121747\/"},"modified":"2025-11-27T20:35:11","modified_gmt":"2025-11-27T20:35:11","slug":"karolina-szymczak-opublikowala-zdjecia-ze-szpitala-czekamy-na-cud","status":"publish","type":"post","link":"https:\/\/www.europesays.com\/pl\/121747\/","title":{"rendered":"Karolina Szymczak opublikowa\u0142a zdj\u0119cia ze szpitala. &#8222;Czekamy na cud&#8221;"},"content":{"rendered":"<p class=\"Paragraph_desktopParagraph__U31Gm\"><a href=\"https:\/\/plejada.pl\/piotr-adamczyk-aktor\" id=\"4fcd08a6-fc37-4908-9662-cea3e5d8bd78\" rel=\"nofollow noopener\" target=\"_blank\">Piotr Adamczyk<\/a> i Karolina Szymczak poznali si\u0119 w 2016 r. i trzy lata p\u00f3\u017aniej stan\u0119li na \u015blubnym kobiercu. Zwi\u0105zek celebryt\u00f3w od pocz\u0105tku wzbudza w opinii publicznej mieszane odczucia, przede wszystkim ze wzgl\u0119du na du\u017c\u0105 r\u00f3\u017cnic\u0119 wieku \u2014 aktor jest 19 lat starszy od swojej partnerki. Pomimo wielu kontrowersji i krytyki, celebryci udowadniaj\u0105, \u017ce ich relacja opiera si\u0119 na prawdziwej mi\u0142o\u015bci i wspieraj\u0105 si\u0119 wzajemnie zar\u00f3wno w tych lepszych, jak i gorszych chwilach. Karolina Szymczak niejednokrotnie opowiada\u0142a, \u017ce nikt nigdy nie da\u0142 jej tyle wsparcia, co Piotr Adamczyk.<\/p>\n<ul class=\"OchatFollowUps_wrapper__1ry7X\">\n<li class=\"OchatFollowUps_item__Dhyly OchatFollowUps_itemDesktop__R6aBv\">Jakie problemy zdrowotne ma Karolina Szymczak?<\/li>\n<li class=\"OchatFollowUps_item__Dhyly OchatFollowUps_itemDesktop__R6aBv\">Jak d\u0142ugo Karolina Szymczak zmaga si\u0119 z endometrioz\u0105?<\/li>\n<li class=\"OchatFollowUps_item__Dhyly OchatFollowUps_itemDesktop__R6aBv\">Co napisa\u0142a Karolina Szymczak na Instastory?<\/li>\n<li class=\"OchatFollowUps_item__Dhyly OchatFollowUps_itemDesktop__R6aBv\">Jak\u0105 rol\u0119 w leczeniu Karoliny Szymczak odegra\u0142 Piotr Adamczyk?<\/li>\n<\/ul>\n<p>\u017bona Piotra Adamczyka pokaza\u0142a zdj\u0119cia ze szpitala <\/p>\n<p class=\"Paragraph_desktopParagraph__U31Gm\">Karolina Szymczak, kt\u00f3ra od lat pracuje w bran\u017cy modelingowej, nie ukrywa, \u017ce zmaga si\u0119 z endometrioz\u0105 i b\u0119d\u0105c\u0105 jej konsekwencj\u0105 niep\u0142odno\u015bci\u0105. \u017bona Piotra Adamczyka bardzo cz\u0119sto porusza oba tematy w mediach spo\u0142eczno\u015bciowych, a tak\u017ce opowiedzia\u0142a swoj\u0105 histori\u0119 w &#8222;Dzie\u0144 dobry TVN&#8221;. Modelka kilka lat temu zdecydowa\u0142a si\u0119 na zabieg laparoskopii endometriozy, kt\u00f3ry \u0142agodzi objawy choroby i znacz\u0105co poprawia komfort codziennego funkcjonowania.<\/p>\n<p class=\"Paragraph_desktopParagraph__U31Gm\">Szymczak podj\u0119\u0142a decyzj\u0119 o zabiegu g\u0142\u00f3wnie ze wzgl\u0119du na to, \u017ce zwi\u0119ksza on tak\u017ce szans\u0119 na zaj\u015bcie w ci\u0105\u017c\u0119. Ostatnio modelka pokaza\u0142a zdj\u0119cia ze szpitala \u2014 jak si\u0119 okazuje, wraz z Piotrem Adamczykiem nadal walczy o mo\u017cliwo\u015b\u0107 posiadania potomstwa.<\/p>\n<blockquote>\n<p class=\"Paragraph_desktopParagraph__U31Gm\">Leczenie niep\u0142odno\u015bci to bardzo d\u0142uga i kr\u0119ta droga. W szczeg\u00f3lno\u015bci w endometriozie. Teraz czekamy na cud. Cho\u0107 to nie nasze pierwsze rodeo, jak to si\u0119 m\u00f3wi<\/p>\n<\/blockquote>\n<p class=\"Paragraph_desktopParagraph__U31Gm\">\u2014 napisa\u0142a modelka na Instastory.<\/p>\n<p><img decoding=\"async\" class=\"Image_image__0tuHp Image_autoHeight__f2n87 \" height=\"587\" width=\"325\" src=\"https:\/\/www.europesays.com\/pl\/wp-content\/uploads\/2025\/11\/DD-k9kpTURBXy9mMjQxNmVlNWUzNmViNTE3NTlmYzcyMGZhMDQ1MDdhYS5wbmeTlQPNAtjMyM0Bts0DFpUCzQOsAMLDlQIAzQJLw.jpeg\" alt=\"Karolina Szymczak na Instastory\" loading=\"lazy\" \/>https:\/\/www.instagram.com\/karolina.szymczak\/<\/p>\n<p>Karolina Szymczak na Instastory<\/p>\n<p><img decoding=\"async\" class=\"Image_image__0tuHp Image_autoHeight__f2n87 \" height=\"587\" width=\"320\" src=\"https:\/\/www.europesays.com\/pl\/wp-content\/uploads\/2025\/11\/oVpk9kpTURBXy9lN2FkZDI3MDQ4ZTZmYjhmMDRkNTRkNjEzNDk0ODYyNi5wbmeTlQPNAtzMzs0BsM0DFpUCzQOsAMLDlQIAzQJLw.jpeg\" alt=\"Karolina Szymczak na Instastory\" loading=\"lazy\" \/>https:\/\/www.instagram.com\/karolina.szymczak\/<\/p>\n<p>Karolina Szymczak na Instastory<\/p>\n<p class=\"Paragraph_desktopParagraph__U31Gm\">Karolina Szymczak zwr\u00f3ci\u0142a si\u0119 do kobiet, kt\u00f3re tak, jak ona, zmagaj\u0105 si\u0119 z endometrioz\u0105.<\/p>\n<p class=\"Paragraph_desktopParagraph__U31Gm\">&#8222;My\u015bl\u0119, \u017ce leczenie niep\u0142odno\u015bci naprawd\u0119 pokazuje, jak bardzo jeste\u015bmy silne. Ile potrafimy przetrwa\u0107. Funkcjonowa\u0107 z trylionami emocji na co dzie\u0144. Podziwiam was&#8221; \u2014 czytamy.<\/p>\n<p class=\"Paragraph_desktopParagraph__U31Gm\">\u017bona Piotra Adamczyka niejednokrotnie opowiada\u0142a, jak gigantycznym wsparciem w chorobie jest dla niej aktor. Modelka przyzna\u0142a, \u017ce w najgorszych momentach, m\u0105\u017c opiekuje si\u0119 ni\u0105, jak ma\u0142ym dzieckiem.<\/p>\n<p class=\"Paragraph_desktopParagraph__U31Gm\">&#8222;Trzeba wstawa\u0107 w nocy, gotowa\u0107 wod\u0119 do termoforu, podawa\u0107 tabletki, przenie\u015b\u0107 osob\u0119 do wanny. Nie jeste\u015b w stanie normalnie funkcjonowa\u0107. Najwi\u0119ksze zrozumienie dosta\u0142am od m\u0119\u017ca. On je\u017adzi\u0142 ze mn\u0105 do lekarzy. Takie rzeczy bardzo zbli\u017caj\u0105&#8221; \u2014 powiedzia\u0142a podczas jednego z wywiad\u00f3w w &#8222;Dzie\u0144 dobry TVN&#8221;.<\/p>\n<p class=\"Paragraph_desktopParagraph__U31Gm\">Dzi\u0119kujemy, \u017ce przeczyta\u0142a\u015b\/e\u015b nasz artyku\u0142 do ko\u0144ca. W serwisie Plejada.pl ka\u017cdego dnia piszemy o najwa\u017cniejszych wydarzeniach show-biznesowych. B\u0105d\u017a na bie\u017c\u0105co! <a rel=\"nofollow noopener\" href=\"https:\/\/profile.google.com\/cp\/Cg0vZy8xMWJ6X19wdHBx\" id=\"453fb2a0-59b3-4295-9b49-0a8c618eb1d1\" target=\"_blank\">Obserwuj<\/a> Plejad\u0119 w Google. Odwied\u017a nas tak\u017ce na <a rel=\"nofollow noopener\" href=\"https:\/\/www.facebook.com\/plejadapl\" id=\"65b27e43-33b5-4f22-840b-6dd44901eb11\" target=\"_blank\">Facebooku<\/a>, <a rel=\"nofollow noopener\" href=\"https:\/\/www.instagram.com\/plejadapl\/\" id=\"b040e254-d7e4-4e1e-b788-f2091fdef868\" target=\"_blank\">Instagramie<\/a>, <a rel=\"nofollow noopener\" href=\"https:\/\/www.youtube.com\/c\/plejada\" id=\"48d27217-dbe5-49c5-a2a2-e2466e3ec6a4\" target=\"_blank\">YouTubie<\/a> oraz <a rel=\"nofollow noopener\" href=\"https:\/\/www.tiktok.com\/@plejada_pl\" id=\"98e966f7-186c-4dc3-ab16-6b7700906570\" target=\"_blank\">TikToku<\/a>.<\/p>\n<p class=\"Paragraph_desktopParagraph__U31Gm\">Chcesz podzieli\u0107 si\u0119 ciekawym newsem lub zaproponowa\u0107 temat? Skontaktuj si\u0119 z nami, pisz\u0105c maila na adres: <a href=\"https:\/\/www.onet.pl\/styl-zycia\/plejada\/karolina-szymczak-opublikowala-zdjecia-ze-szpitala-czekamy-na-cud\/mailto:plejada@redakcjaonet.pl\" id=\"498c9cdd-4388-46cd-b5b9-51f60fcb1495\" rel=\"nofollow noopener\" target=\"_blank\">plejada@redakcjaon<\/a><a rel=\"nofollow noopener\" href=\"http:\/\/et.pl\" id=\"2329e318-ebb4-43c3-82ed-cdb57d8f5edc\" target=\"_blank\">et.pl<\/a>.<\/p>\n<p><script async src=\"\/\/www.instagram.com\/embed.js\"><\/script><script async src=\"\/\/www.tiktok.com\/embed.js\"><\/script><\/p>\n","protected":false},"excerpt":{"rendered":"Piotr Adamczyk i Karolina Szymczak poznali si\u0119 w 2016 r. i trzy lata p\u00f3\u017aniej stan\u0119li na \u015blubnym kobiercu.&hellip;\n","protected":false},"author":2,"featured_media":121748,"comment_status":"","ping_status":"","sticky":false,"template":"","format":"standard","meta":{"footnotes":""},"categories":[22],"tags":[7691,122,67,10394,53,26069,52,68,51,55,10393,42,38,40,39,41,123,47,65,50,253],"class_list":{"0":"post-121747","1":"post","2":"type-post","3":"status-publish","4":"format-standard","5":"has-post-thumbnail","7":"category-rozrywka","8":"tag-endometrioza","9":"tag-entertainment","10":"tag-intextvideo_splayer","11":"tag-karolina_szymczak","12":"tag-new_header","13":"tag-nieplodnosc","14":"tag-onet3","15":"tag-onet3d","16":"tag-onet3d_2i","17":"tag-phx","18":"tag-piotr_adamczyk_aktor","19":"tag-pl","20":"tag-poland","21":"tag-polish","22":"tag-polska","23":"tag-polski","24":"tag-rozrywka","25":"tag-screening_general","26":"tag-update_me","27":"tag-v2021","28":"tag-zdrowie"},"share_on_mastodon":{"url":"https:\/\/pubeurope.com\/@pl\/115623581032400160","error":""},"_links":{"self":[{"href":"https:\/\/www.europesays.com\/pl\/wp-json\/wp\/v2\/posts\/121747","targetHints":{"allow":["GET"]}}],"collection":[{"href":"https:\/\/www.europesays.com\/pl\/wp-json\/wp\/v2\/posts"}],"about":[{"href":"https:\/\/www.europesays.com\/pl\/wp-json\/wp\/v2\/types\/post"}],"author":[{"embeddable":true,"href":"https:\/\/www.europesays.com\/pl\/wp-json\/wp\/v2\/users\/2"}],"replies":[{"embeddable":true,"href":"https:\/\/www.europesays.com\/pl\/wp-json\/wp\/v2\/comments?post=121747"}],"version-history":[{"count":0,"href":"https:\/\/www.europesays.com\/pl\/wp-json\/wp\/v2\/posts\/121747\/revisions"}],"wp:featuredmedia":[{"embeddable":true,"href":"https:\/\/www.europesays.com\/pl\/wp-json\/wp\/v2\/media\/121748"}],"wp:attachment":[{"href":"https:\/\/www.europesays.com\/pl\/wp-json\/wp\/v2\/media?parent=121747"}],"wp:term":[{"taxonomy":"category","embeddable":true,"href":"https:\/\/www.europesays.com\/pl\/wp-json\/wp\/v2\/categories?post=121747"},{"taxonomy":"post_tag","embeddable":true,"href":"https:\/\/www.europesays.com\/pl\/wp-json\/wp\/v2\/tags?post=121747"}],"curies":[{"name":"wp","href":"https:\/\/api.w.org\/{rel}","templated":true}]}}