{"id":121781,"date":"2025-11-27T20:56:17","date_gmt":"2025-11-27T20:56:17","guid":{"rendered":"https:\/\/www.europesays.com\/pl\/121781\/"},"modified":"2025-11-27T20:56:17","modified_gmt":"2025-11-27T20:56:17","slug":"ksiezna-kate-pojawila-sie-na-ulicach-londynu-jej-kreacja-robi-wrazenie-2","status":"publish","type":"post","link":"https:\/\/www.europesays.com\/pl\/121781\/","title":{"rendered":"Ksi\u0119\u017cna Kate pojawi\u0142a si\u0119 na ulicach Londynu. Jej kreacja robi wra\u017cenie"},"content":{"rendered":"<p><a href=\"https:\/\/plejada.pl\/rodziny-krolewskie-rody-royalsi\" target=\"_blank\" class=\"ods-c-linked-image\" rel=\"nofollow noopener\"> <img src=\"https:\/\/www.europesays.com\/pl\/wp-content\/uploads\/2025\/10\/QSHk9lBaHR0cHM6Ly9vY2RuLmV1L3B1bHNjbXMvTURBXy9mMTRkOTIyMDcwYjFjMGI2YzQyMTNkNDYwYWYwNTg3Ni5qcGeRlQLNB.jpeg\" height=\"100\" width=\"800\" alt=\"royalsi plejada\" fetchpriority=\"auto\" loading=\"lazy\" decoding=\"async\" class=\"ods-c-image__img ods-c-linked-image__image\"\/>  <\/a><\/p>\n<p class=\"ods-c-paragraph \"><a href=\"https:\/\/plejada.pl\/kate-kate-middleton-ksiezna-walii\" id=\"8c1439db-b74d-451c-9f24-9b6f3949a788\" rel=\"nofollow noopener\" target=\"_blank\">Ksi\u0119\u017cna Kate<\/a>, znana z zaanga\u017cowania w kwestie zdrowia psychicznego dzieci, ponownie odwiedzi\u0142a organizacj\u0119 Anna Freud w Londynie. To miejsce, kt\u00f3re od 10 lat stanowi wa\u017cny punkt na mapie jej kr\u00f3lewskich dzia\u0142a\u0144. Ksi\u0119\u017cna, kt\u00f3ra w 2016 r. zosta\u0142a patronk\u0105 tej instytucji, podkre\u015bli\u0142a, jak istotne s\u0105 pierwsze lata \u017cycia dziecka dla jego dalszego rozwoju emocjonalnego i psychicznego.<\/p>\n<p class=\"ods-c-paragraph \">Podczas wizyty, kt\u00f3ra mia\u0142a miejsce 27 listopada, 43-latka spotka\u0142a si\u0119 z przedstawicielami organizacji, m\u0142odzie\u017c\u0105 oraz ekspertami, by wsp\u00f3lnie porozmawia\u0107 o roli relacji w budowaniu przysz\u0142o\u015bci dzieci. W centrum uwagi znalaz\u0142 si\u0119 nowy projekt Centrum Wczesnego Dzieci\u0144stwa przy Anna Freud, maj\u0105cy na celu wsparcie piel\u0119gniarek \u015brodowiskowych i zespo\u0142\u00f3w opiekuj\u0105cych si\u0119 kobietami w pierwszych dniach i tygodniach po porodzie.<\/p>\n<p>Dalszy ci\u0105g artyku\u0142u pod materia\u0142em wideo<\/p>\n<p> Gdzie ksi\u0119\u017cna Kate si\u0119 pojawi\u0142a? <\/p>\n<p> Jakie by\u0142o g\u0142\u00f3wne przes\u0142anie ksi\u0119\u017cnej Kate podczas wizyty? <\/p>\n<p> Kiedy ksi\u0119\u017cna Kate odwiedzi\u0142a organizacj\u0119 Anna Freud? <\/p>\n<p> Co podkre\u015bli\u0142a ksi\u0119\u017cna Kate na temat pierwszych lat \u017cycia dziecka? <\/p>\n<p class=\"ods-c-paragraph \">Ksi\u0119\u017cna, ubrana w eleganck\u0105, kraciast\u0105 sukienk\u0119 z d\u0142ugim r\u0119kawem, zachwyci\u0142a swoim wygl\u0105dem, przyci\u0105gaj\u0105c uwag\u0119 zgromadzonych przed siedzib\u0105 organizacji t\u0142um\u00f3w. Jej kasztanowe w\u0142osy u\u0142o\u017cone w delikatne loki powiewa\u0142y na wietrze, a sama Kate posy\u0142a\u0142a u\u015bmiechy fanom.<\/p>\n<p class=\"ods-c-paragraph \">Pierwsza wizyta ksi\u0119\u017cnej w organizacji Anna Freud mia\u0142a miejsce w 2015 r. Od tamtej pory organizacja sta\u0142a si\u0119 niemal\u017ce sta\u0142ym elementem jej pracy na rzecz zdrowia psychicznego dzieci i rodzin. W swoim przem\u00f3wieniu na szczycie Future Workforce Summit, kt\u00f3re wyg\u0142osi\u0142a zaledwie kilka dni wcze\u015bniej, Kate podkre\u015bla\u0142a, \u017ce &#8222;sp\u00f3jne, piel\u0119gnuj\u0105ce relacje tworz\u0105 ugruntowane i znacz\u0105ce \u015brodowisko wok\u00f3\u0142 dziecka&#8221;.<\/p>\n<blockquote class=\"ods-o-quota\">\n<p class=\"ods-o-quota__paragraph\">To w\u0142a\u015bnie ta tekstura, splot mi\u0142o\u015bci, tworzy emocjonalny \u015bwiat dziecka i staje si\u0119 fundamentem, sam\u0105 tkanin\u0105 odporno\u015bci i przynale\u017cno\u015bci<\/p>\n<\/blockquote>\n<p class=\"ods-c-paragraph \">\u2014 m\u00f3wi\u0142a ksi\u0119\u017cna, podsumowuj\u0105c swoj\u0105 wizj\u0119 wspierania najm\u0142odszych.<\/p>\n<p class=\"ods-c-paragraph \">Ksi\u0119\u017cna Walii wzi\u0119\u0142a r\u00f3wnie\u017c udzia\u0142 w dyskusji przy okr\u0105g\u0142ym stole, gdzie spotka\u0142a si\u0119 z ekspertami, wychowawcami, m\u0142odzie\u017c\u0105 i przedstawicielami organizacji charytatywnych. Tematem rozmowy by\u0142o tworzenie spo\u0142eczno\u015bci sprzyjaj\u0105cych budowaniu silnych relacji oraz sposoby na lepsze wspieranie zdrowia psychicznego dzieci i m\u0142odzie\u017cy.<\/p>\n<p>    Galeria zdj\u0119\u0107    Ksi\u0119\u017cna Kate    <img src=\"https:\/\/www.europesays.com\/pl\/wp-content\/uploads\/2025\/11\/VMIk9lGaHR0cHM6Ly9vY2RuLmV1L3B1bHNjbXMvTURBXy83N2NjNjMzZC0wMmE2LTRkMWEtOTdiOS1hZTc3M2FmODNjMGIuanBlZ.jpeg\" height=\"529\" width=\"940\" alt=\"Ksi\u0119\u017cna Kate\" loading=\"lazy\" decoding=\"async\" class=\"ods-c-image__img ods-c-image__img--placeholder\"\/>     1\/6   <\/p>\n<p>PAP\/EPA\/ANDY RAIN<\/p>\n<p>        Ksi\u0119\u017cna Kate    <img src=\"https:\/\/www.europesays.com\/pl\/wp-content\/uploads\/2025\/11\/PyRk9lGaHR0cHM6Ly9vY2RuLmV1L3B1bHNjbXMvTURBXy85MTg2NGQyYS1iZTVkLTQ1NTUtYWUzOS1lYTA2ZTU3MmZiODguanBlZ.jpeg\" height=\"529\" width=\"940\" alt=\"Ksi\u0119\u017cna Kate\" loading=\"lazy\" decoding=\"async\" class=\"ods-c-image__img ods-c-image__img--placeholder\"\/>     2\/6   <\/p>\n<p>PAP\/EPA\/ANDY RAIN<\/p>\n<p>           Ksi\u0119\u017cna Kate    <img src=\"https:\/\/www.europesays.com\/pl\/wp-content\/uploads\/2025\/11\/jI0k9lGaHR0cHM6Ly9vY2RuLmV1L3B1bHNjbXMvTURBXy9hZTQ2OTY0Mi0wNjJlLTQ2ZDItYmVmNC1mODgzY2NjMDJiYjEuanBlZ.jpeg\" height=\"529\" width=\"940\" alt=\"Ksi\u0119\u017cna Kate\" loading=\"lazy\" decoding=\"async\" class=\"ods-c-image__img ods-c-image__img--placeholder\"\/>     3\/6   <\/p>\n<p>PAP\/EPA\/ANDY RAIN<\/p>\n<p>        Ksi\u0119\u017cna Kate    <img src=\"https:\/\/www.europesays.com\/pl\/wp-content\/uploads\/2025\/11\/kp4k9lGaHR0cHM6Ly9vY2RuLmV1L3B1bHNjbXMvTURBXy9lMWY2Yjc1Zi1kMzFjLTQyYWYtYTM0ZC0wZGMwNDJmNTI3ZDYuanBlZ.jpeg\" height=\"662\" width=\"940\" alt=\"Ksi\u0119\u017cna Kate\" loading=\"lazy\" decoding=\"async\" class=\"ods-c-image__img ods-c-image__img--placeholder\"\/>     4\/6   <\/p>\n<p>PAP\/EPA\/ANDY RAIN<\/p>\n<p>           Ksi\u0119\u017cna Kate    <img src=\"https:\/\/www.europesays.com\/pl\/wp-content\/uploads\/2025\/11\/mHyk9lGaHR0cHM6Ly9vY2RuLmV1L3B1bHNjbXMvTURBXy81ODQzZTRkYS0zNGQ0LTQ2YjUtOGE2ZS04ODRjZDYwZTExNmEuanBlZ.jpeg\" height=\"529\" width=\"940\" alt=\"Ksi\u0119\u017cna Kate\" loading=\"lazy\" decoding=\"async\" class=\"ods-c-image__img ods-c-image__img--placeholder\"\/>     5\/6   <\/p>\n<p>PAP\/EPA\/ANDY RAIN<\/p>\n<p>        Ksi\u0119\u017cna Kate    <img src=\"https:\/\/www.europesays.com\/pl\/wp-content\/uploads\/2025\/11\/a3Xk9lGaHR0cHM6Ly9vY2RuLmV1L3B1bHNjbXMvTURBXy83YzFlZjA0Ny03OWJmLTQ1OGYtOGRiYy1kNDZmYTk1MDVjMGEuanBlZ.jpeg\" height=\"529\" width=\"940\" alt=\"Ksi\u0119\u017cna Kate\" loading=\"lazy\" decoding=\"async\" class=\"ods-c-image__img ods-c-image__img--placeholder\"\/>     6\/6   <\/p>\n<p>PAP\/EPA\/ANDY RAIN<\/p>\n<p>Dzi\u0119kujemy, \u017ce przeczyta\u0142a\u015b\/e\u015b nasz artyku\u0142 do ko\u0144ca. W serwisie Plejada.pl ka\u017cdego dnia piszemy o najwa\u017cniejszych wydarzeniach show-biznesowych. B\u0105d\u017a na bie\u017c\u0105co i obserwuj Plejad\u0119 w <a href=\"http:\/\/news.google.com\/publications\/CAAiEF0PeAlb7W1llpV_mwV2rL4qFAgKIhBdD3gJW-1tZZaVf5sFdqy-?hl=pl&amp;gl=PL&amp;ceid=PL%3Apl\" rel=\"nofollow noopener\" target=\"_blank\">Wiadomo\u015bciach Google<\/a>. Odwied\u017a nas tak\u017ce na <a href=\"http:\/\/facebook.com\/plejadapl\" rel=\"nofollow noopener\" target=\"_blank\">Facebooku<\/a> , <a href=\"http:\/\/instagram.com\/plejadapl\/\" rel=\"nofollow noopener\" target=\"_blank\">Instagramie<\/a>, <a href=\"http:\/\/youtube.com\/c\/plejada\" rel=\"nofollow noopener\" target=\"_blank\">YouTubie<\/a> i <a href=\"http:\/\/tiktok.com\/@plejada_pl\" rel=\"nofollow noopener\" target=\"_blank\">TikToku<\/a>. <\/p>\n<p>  <script async src=\"\/\/www.instagram.com\/embed.js\"><\/script><script async src=\"\/\/www.tiktok.com\/embed.js\"><\/script><\/p>\n","protected":false},"excerpt":{"rendered":"Ksi\u0119\u017cna Kate, znana z zaanga\u017cowania w kwestie zdrowia psychicznego dzieci, ponownie odwiedzi\u0142a organizacj\u0119 Anna Freud w Londynie. To&hellip;\n","protected":false},"author":2,"featured_media":121782,"comment_status":"","ping_status":"","sticky":false,"template":"","format":"standard","meta":{"footnotes":""},"categories":[22],"tags":[122,1275,2782,48,125,46,42,38,40,39,41,1276,123,47,813],"class_list":{"0":"post-121781","1":"post","2":"type-post","3":"status-publish","4":"format-standard","5":"has-post-thumbnail","7":"category-rozrywka","8":"tag-entertainment","9":"tag-ksiezna_kate","10":"tag-londyn","11":"tag-nat_styl","12":"tag-newsy","13":"tag-omp","14":"tag-pl","15":"tag-poland","16":"tag-polish","17":"tag-polska","18":"tag-polski","19":"tag-rodziny_i_rody_krolewskie","20":"tag-rozrywka","21":"tag-screening_general","22":"tag-zdrowie_psychiczne"},"share_on_mastodon":{"url":"https:\/\/pubeurope.com\/@pl\/115623663394839713","error":""},"_links":{"self":[{"href":"https:\/\/www.europesays.com\/pl\/wp-json\/wp\/v2\/posts\/121781","targetHints":{"allow":["GET"]}}],"collection":[{"href":"https:\/\/www.europesays.com\/pl\/wp-json\/wp\/v2\/posts"}],"about":[{"href":"https:\/\/www.europesays.com\/pl\/wp-json\/wp\/v2\/types\/post"}],"author":[{"embeddable":true,"href":"https:\/\/www.europesays.com\/pl\/wp-json\/wp\/v2\/users\/2"}],"replies":[{"embeddable":true,"href":"https:\/\/www.europesays.com\/pl\/wp-json\/wp\/v2\/comments?post=121781"}],"version-history":[{"count":0,"href":"https:\/\/www.europesays.com\/pl\/wp-json\/wp\/v2\/posts\/121781\/revisions"}],"wp:featuredmedia":[{"embeddable":true,"href":"https:\/\/www.europesays.com\/pl\/wp-json\/wp\/v2\/media\/121782"}],"wp:attachment":[{"href":"https:\/\/www.europesays.com\/pl\/wp-json\/wp\/v2\/media?parent=121781"}],"wp:term":[{"taxonomy":"category","embeddable":true,"href":"https:\/\/www.europesays.com\/pl\/wp-json\/wp\/v2\/categories?post=121781"},{"taxonomy":"post_tag","embeddable":true,"href":"https:\/\/www.europesays.com\/pl\/wp-json\/wp\/v2\/tags?post=121781"}],"curies":[{"name":"wp","href":"https:\/\/api.w.org\/{rel}","templated":true}]}}